{"id":180090,"date":"2025-12-31T13:54:10","date_gmt":"2025-12-31T13:54:10","guid":{"rendered":"https:\/\/www.europesays.com\/pl\/180090\/"},"modified":"2025-12-31T13:54:10","modified_gmt":"2025-12-31T13:54:10","slug":"reprezentant-polski-kontuzjowany-jest-oficjalny-komunikat","status":"publish","type":"post","link":"https:\/\/www.europesays.com\/pl\/180090\/","title":{"rendered":"Reprezentant Polski kontuzjowany. Jest oficjalny komunikat"},"content":{"rendered":"<p>&#8222;\u015arodkowy PGE Projektu Warszawa &#8211; Jakub Kochanowski b\u0119dzie wy\u0142\u0105czony z gry w okresie oko\u0142o trzech tygodni z powodu urazu kolana. Zawodnik przeszed\u0142 kompleksowe badania u Partnera Medycznego klubu w klinice Rehasport pod okiem lekarza dru\u017cyny &#8211; doktora Micha\u0142a Konika&#8221; &#8211; czytamy w oficjalnym komunikacie.<\/p>\n<p>\u00a0<\/p>\n<p>ZOBACZ TAK\u017bE: <a href=\"https:\/\/www.polsatsport.pl\/wiadomosc\/2025-12-31\/eksperci-zadecydowali-oto-najlepszy-siatkarz-na-swiecie\/\" rel=\"nofollow noopener\" target=\"_blank\">Wszystko jasne! Oto najlepszy siatkarz na \u015bwiecie<\/a><\/p>\n<p>\u00a0<\/p>\n<p>Reprezentant Polski rozegra\u0142 w tym sezonie ligowym dziewi\u0119\u0107 spotka\u0144. \u0141\u0105cznie zdoby\u0142 98 punkt\u00f3w i jest czwartym najlepiej punktuj\u0105cym zawodnikiem w zespole po Linusie Weberze (173 pkt), Bartoszu Bednorzu (145 pkt) oraz Kevinie Tilliem (124 pkt).<\/p>\n<p>\u00a0<\/p>\n<p>Projekt zainauguruje nowy rok ju\u017c 3 stycznia, kiedy zmierzy si\u0119 u siebie z Aluronem CMC Wart\u0105 Zawiercie. Cztery dni p\u00f3\u017aniej zagra za to na wyje\u017adzie z Montpellier w Lidze Mistrz\u00f3w. Ma\u0142o tego, warszawski zesp\u00f3\u0142 w dniach 10-11 stycznia rozegra fina\u0142owy turniej TAURON Pucharu Polski w Krakowie.<\/p>\n<p>\u00a0<\/p>\n<p>Siatkarze Tommi&#8217;ego Tiilikainena po 13. kolejkach PlusLigi zajmuj\u0105 pozycj\u0119 wicelidera tabeli, maj\u0105c w dorobku 28 pkt.<\/p>\n<p><a class=\"news__read-more-button\" href=\"https:\/\/www.polsatsport.pl\/\" rel=\"nofollow noopener\" target=\"_blank\">Przejd\u017a na Polsatsport.pl<\/a><img decoding=\"async\" src=\"https:\/\/www.europesays.com\/pl\/wp-content\/uploads\/2025\/12\/wctv8kw9defi5qwjngocv27m357zdz5g.jpg\" alt=\"\" itemprop=\"contentUrl\" style=\"position:absolute; width: 100%; max-height: 100%;\"\/><video controls=\"\" controlslist=\"nodownload\" poster=\"https:\/\/www.europesays.com\/pl\/wp-content\/uploads\/2025\/12\/wctv8kw9defi5qwjngocv27m357zdz5g.jpg\" class=\"videoPlayer player7306336 news__video\" data-id=\"7306336\">Twoja przegl\u0105darka nie wspiera odtwarzacza wideo&#8230;<\/video>PolsatSport.pl w wersji na telefony z systemem Android i iOS!<\/p>\n<p class=\"app-ad__preview\">Najnowsze informacje i wiadomo\u015bci na bie\u017c\u0105co, gdziekolwiek jeste\u015b.<\/p>\n","protected":false},"excerpt":{"rendered":"&#8222;\u015arodkowy PGE Projektu Warszawa &#8211; Jakub Kochanowski b\u0119dzie wy\u0142\u0105czony z gry w okresie oko\u0142o trzech tygodni z powodu&hellip;\n","protected":false},"author":2,"featured_media":180091,"comment_status":"","ping_status":"","sticky":false,"template":"","format":"standard","meta":{"footnotes":""},"categories":[24],"tags":[42,38,40,39,41,127,126],"class_list":{"0":"post-180090","1":"post","2":"type-post","3":"status-publish","4":"format-standard","5":"has-post-thumbnail","7":"category-sport","8":"tag-pl","9":"tag-poland","10":"tag-polish","11":"tag-polska","12":"tag-polski","13":"tag-sport","14":"tag-sports"},"share_on_mastodon":{"url":"https:\/\/pubeurope.com\/@pl\/115814522387810846","error":""},"_links":{"self":[{"href":"https:\/\/www.europesays.com\/pl\/wp-json\/wp\/v2\/posts\/180090","targetHints":{"allow":["GET"]}}],"collection":[{"href":"https:\/\/www.europesays.com\/pl\/wp-json\/wp\/v2\/posts"}],"about":[{"href":"https:\/\/www.europesays.com\/pl\/wp-json\/wp\/v2\/types\/post"}],"author":[{"embeddable":true,"href":"https:\/\/www.europesays.com\/pl\/wp-json\/wp\/v2\/users\/2"}],"replies":[{"embeddable":true,"href":"https:\/\/www.europesays.com\/pl\/wp-json\/wp\/v2\/comments?post=180090"}],"version-history":[{"count":0,"href":"https:\/\/www.europesays.com\/pl\/wp-json\/wp\/v2\/posts\/180090\/revisions"}],"wp:featuredmedia":[{"embeddable":true,"href":"https:\/\/www.europesays.com\/pl\/wp-json\/wp\/v2\/media\/180091"}],"wp:attachment":[{"href":"https:\/\/www.europesays.com\/pl\/wp-json\/wp\/v2\/media?parent=180090"}],"wp:term":[{"taxonomy":"category","embeddable":true,"href":"https:\/\/www.europesays.com\/pl\/wp-json\/wp\/v2\/categories?post=180090"},{"taxonomy":"post_tag","embeddable":true,"href":"https:\/\/www.europesays.com\/pl\/wp-json\/wp\/v2\/tags?post=180090"}],"curies":[{"name":"wp","href":"https:\/\/api.w.org\/{rel}","templated":true}]}}