{"id":180092,"date":"2025-12-31T13:55:07","date_gmt":"2025-12-31T13:55:07","guid":{"rendered":"https:\/\/www.europesays.com\/pl\/180092\/"},"modified":"2025-12-31T13:55:07","modified_gmt":"2025-12-31T13:55:07","slug":"nagrania-z-proby-viki-gabor-przed-sylwestrem-wyciekly-do-sieci-to-pierwszy-wystep-po-zareczynach","status":"publish","type":"post","link":"https:\/\/www.europesays.com\/pl\/180092\/","title":{"rendered":"Nagrania z pr\u00f3by Viki Gabor przed sylwestrem wyciek\u0142y do sieci. To pierwszy wyst\u0119p po zar\u0119czynach"},"content":{"rendered":"<p class=\"Paragraph_desktopParagraph__U31Gm\">Otoczenie katowickiego Spodku stanie si\u0119 w tym roku aren\u0105 jednej z najg\u0142o\u015bniejszych imprez sylwestrowych w Polsce. Telewizja Polska, organizator <a href=\"https:\/\/plejada.pl\/temat\/sylwester-z-dwojka\/r6m4kj8\" id=\"da3b5c51-184b-4451-873c-671757543814\" rel=\"nofollow noopener\" target=\"_blank\">&#8222;Sylwestra z Dw\u00f3jk\u0105&#8221;<\/a>, opublikowa\u0142a na swoim Instagramie szczeg\u00f3\u0142owy informator dla wszystkich, kt\u00f3rzy planuj\u0105 osobi\u015bcie po\u017cegna\u0107 2025 rok i przywita\u0107 2026.<\/p>\n<p class=\"Paragraph_desktopParagraph__U31Gm\">Polecamy: <a href=\"https:\/\/plejada.pl\/newsy\/sylwester-z-dwojka-w-katowicach-to-trzeba-wiedziec-przed-impreza\/l5y4q19\" id=\"794213e9-57e0-4e91-8ef7-3ae030c066d2\" rel=\"nofollow noopener\" target=\"_blank\">TVP przekaza\u0142a wa\u017cne informacje w sprawie &#8222;Sylwestra z Dw\u00f3jk\u0105&#8221;. Zmiany w Katowicach<\/a><\/p>\n<p class=\"Paragraph_desktopParagraph__U31Gm\">Na scenie pojawi\u0105 si\u0119 najwi\u0119ksze nazwiska polskiej i \u015bwiatowej muzyki. Publiczno\u015b\u0107 oraz widzowie TVP b\u0119d\u0105 mogli us\u0142ysze\u0107 m.in. Stinga, Maryl\u0119 Rodowicz, Justyn\u0119 Steczkowsk\u0105, Dawida Kwiatkowskiego, Micha\u0142a Szpaka i Dod\u0119. Najbardziej rozta\u0144czon\u0105 noc w roku poprowadz\u0105 Marta Surnik, Mateusz Opyrcha\u0142, Ola Budka, a tak\u017ce Piotr Kupicha z zespo\u0142u Feel i Micha\u0142 Wi\u015bniewski z Ich Troje, kt\u00f3rzy r\u00f3wnie\u017c wyst\u0105pi\u0105 na scenie.<\/p>\n<ul class=\"OchatFollowUps_wrapper__1ry7X\">\n<li class=\"OchatFollowUps_item__Dhyly OchatFollowUps_itemDesktop__R6aBv\">Kiedy odbywa si\u0119 Sylwester z Dw\u00f3jk\u0105?<\/li>\n<li class=\"OchatFollowUps_item__Dhyly OchatFollowUps_itemDesktop__R6aBv\">Kto prowadzi Sylwestra z Dw\u00f3jk\u0105?<\/li>\n<li class=\"OchatFollowUps_item__Dhyly OchatFollowUps_itemDesktop__R6aBv\">Jakie s\u0105 spekulacje dotycz\u0105ce wyst\u0119pu Viki Gabor?<\/li>\n<li class=\"OchatFollowUps_item__Dhyly OchatFollowUps_itemDesktop__R6aBv\">Jakie cele maj\u0105 organizatorzy sylwestrowych imprez?<\/li>\n<\/ul>\n<p>Viki Gabor na pr\u00f3bach przed &#8222;Sylwestrem z Dw\u00f3jk\u0105&#8221; <\/p>\n<p class=\"Paragraph_desktopParagraph__U31Gm\">W Katowicach wyst\u0105pi tak\u017ce <a href=\"https:\/\/plejada.pl\/temat\/viki-gabor\/fy04ed0\" id=\"2239ebbe-bc40-4372-9e90-52cd6cd044d9\" rel=\"nofollow noopener\" target=\"_blank\">Viki Gabor<\/a>, kt\u00f3ra w ostatni weekend zaszokowa\u0142a informacj\u0105 o zar\u0119czynach. W mediach spo\u0142eczno\u015bciowych pojawi\u0142y si\u0119 nagrania z pr\u00f3by 18-latki przed dzisiejszym wyst\u0119pem w &#8222;Sylwestrze z Dw\u00f3jk\u0105&#8221;. Na profilach w mediach spo\u0142eczno\u015bciowych TVP pojawi\u0142o si\u0119 wiele komentarzy.<\/p>\n<p class=\"Paragraph_desktopParagraph__U31Gm\">&#8222;Super Viki, bardzo pi\u0119kna piosenka&#8221;<\/p>\n<p class=\"Paragraph_desktopParagraph__U31Gm\">&#8222;Ta piosenka jest mega spoko&#8221;<\/p>\n<p class=\"Paragraph_desktopParagraph__U31Gm\">&#8222;Czekamy&#8221;<\/p>\n<p class=\"Paragraph_desktopParagraph__U31Gm\">W sieci pojawi\u0142o si\u0119 te\u017c inne nagranie. Nie zabrak\u0142o spekulacji, dlaczego wokalistce nie posz\u0142o idealnie.<\/p>\n<blockquote>\n<p class=\"Paragraph_desktopParagraph__U31Gm\">Nie oszukujmy si\u0119 \u2014 ta pr\u00f3ba nie wysz\u0142a w 100 proc. idealnie. Dlaczego? Plotki m\u00f3wi\u0105 r\u00f3\u017cnie. Jedni twierdz\u0105, \u017ce Viki jest przezi\u0119biona, inni \u2014 \u017ce to po prostu nie by\u0142 jej dzie\u0144, a jeszcze inni, \u017ce na pr\u00f3bie nie chcia\u0142a dawa\u0107 z siebie 100 proc. Ale pami\u0119tajmy jedno \u2014 to tylko pr\u00f3ba. Mamy jednak przeczucie, \u017ce w sylwestra Viki Gabor poka\u017ce pe\u0142n\u0105 moc i porwie publiczno\u015b\u0107 tak, jak tylko ona potrafi<\/p>\n<\/blockquote>\n<p class=\"Paragraph_desktopParagraph__U31Gm\">\u2014 czytamy pod nagraniem na profilu &#8222;Gwiazdy w kamerze&#8221;.<\/p>\n<p class=\"Paragraph_desktopParagraph__U31Gm\">Dzi\u0119kujemy, \u017ce przeczyta\u0142a\u015b\/e\u015b nasz artyku\u0142 do ko\u0144ca. W serwisie Plejada.pl ka\u017cdego dnia piszemy o najwa\u017cniejszych wydarzeniach show-biznesowych. B\u0105d\u017a na bie\u017c\u0105co! <a rel=\"nofollow noopener\" href=\"https:\/\/news.google.com\/publications\/CAAiEF0PeAlb7W1llpV_mwV2rL4qFAgKIhBdD3gJW-1tZZaVf5sFdqy-?hl=pl&amp;gl=PL&amp;ceid=PL%3Apl\" id=\"d8111441-4861-42e6-bea6-e9f16ab9aa24\" target=\"_blank\">Obserwuj<\/a> Plejad\u0119 w Google. Odwied\u017a nas tak\u017ce na <a rel=\"nofollow noopener\" href=\"https:\/\/www.facebook.com\/plejadapl\" id=\"7f3d03d7-9659-4f2d-8eac-b1e3cb9e5e22\" target=\"_blank\">Facebooku<\/a>, <a rel=\"nofollow noopener\" href=\"https:\/\/www.instagram.com\/plejadapl\/\" id=\"69b4879b-87b3-40cd-a2b4-2974d20b8cb6\" target=\"_blank\">Instagramie<\/a>, <a rel=\"nofollow noopener\" href=\"https:\/\/www.youtube.com\/c\/plejada\" id=\"97b5bee6-89d2-4ca8-be64-02c1f89315cf\" target=\"_blank\">YouTubie<\/a> oraz <a rel=\"nofollow noopener\" href=\"https:\/\/www.tiktok.com\/@plejada_pl\" id=\"130276f9-b0d5-42ce-b69f-0672930a8071\" target=\"_blank\">TikToku<\/a>.<\/p>\n<p class=\"Paragraph_desktopParagraph__U31Gm\">Chcesz podzieli\u0107 si\u0119 ciekawym newsem lub zaproponowa\u0107 temat? Skontaktuj si\u0119 z nami, pisz\u0105c maila na adres: plejada@redakcjaonet.pl.<\/p>\n<p><script async src=\"\/\/www.instagram.com\/embed.js\"><\/script><script async src=\"\/\/www.tiktok.com\/embed.js\"><\/script><\/p>\n","protected":false},"excerpt":{"rendered":"Otoczenie katowickiego Spodku stanie si\u0119 w tym roku aren\u0105 jednej z najg\u0142o\u015bniejszych imprez sylwestrowych w Polsce. Telewizja Polska,&hellip;\n","protected":false},"author":2,"featured_media":180093,"comment_status":"","ping_status":"","sticky":false,"template":"","format":"standard","meta":{"footnotes":""},"categories":[22],"tags":[122,67,261,53,52,68,51,55,42,38,40,39,41,123,47,22478,65,50,2027],"class_list":{"0":"post-180092","1":"post","2":"type-post","3":"status-publish","4":"format-standard","5":"has-post-thumbnail","7":"category-rozrywka","8":"tag-entertainment","9":"tag-intextvideo_splayer","10":"tag-kultura","11":"tag-new_header","12":"tag-onet3","13":"tag-onet3d","14":"tag-onet3d_2i","15":"tag-phx","16":"tag-pl","17":"tag-poland","18":"tag-polish","19":"tag-polska","20":"tag-polski","21":"tag-rozrywka","22":"tag-screening_general","23":"tag-sylwester_z_dwojka","24":"tag-update_me","25":"tag-v2021","26":"tag-viki_gabor"},"share_on_mastodon":{"url":"https:\/\/pubeurope.com\/@pl\/115814526006535715","error":""},"_links":{"self":[{"href":"https:\/\/www.europesays.com\/pl\/wp-json\/wp\/v2\/posts\/180092","targetHints":{"allow":["GET"]}}],"collection":[{"href":"https:\/\/www.europesays.com\/pl\/wp-json\/wp\/v2\/posts"}],"about":[{"href":"https:\/\/www.europesays.com\/pl\/wp-json\/wp\/v2\/types\/post"}],"author":[{"embeddable":true,"href":"https:\/\/www.europesays.com\/pl\/wp-json\/wp\/v2\/users\/2"}],"replies":[{"embeddable":true,"href":"https:\/\/www.europesays.com\/pl\/wp-json\/wp\/v2\/comments?post=180092"}],"version-history":[{"count":0,"href":"https:\/\/www.europesays.com\/pl\/wp-json\/wp\/v2\/posts\/180092\/revisions"}],"wp:featuredmedia":[{"embeddable":true,"href":"https:\/\/www.europesays.com\/pl\/wp-json\/wp\/v2\/media\/180093"}],"wp:attachment":[{"href":"https:\/\/www.europesays.com\/pl\/wp-json\/wp\/v2\/media?parent=180092"}],"wp:term":[{"taxonomy":"category","embeddable":true,"href":"https:\/\/www.europesays.com\/pl\/wp-json\/wp\/v2\/categories?post=180092"},{"taxonomy":"post_tag","embeddable":true,"href":"https:\/\/www.europesays.com\/pl\/wp-json\/wp\/v2\/tags?post=180092"}],"curies":[{"name":"wp","href":"https:\/\/api.w.org\/{rel}","templated":true}]}}