{"id":180096,"date":"2025-12-31T13:58:10","date_gmt":"2025-12-31T13:58:10","guid":{"rendered":"https:\/\/www.europesays.com\/pl\/180096\/"},"modified":"2025-12-31T13:58:10","modified_gmt":"2025-12-31T13:58:10","slug":"wielkie-osiagniecie-marka-kaminskiego-zrobil-to-z-wlasnym-synem-przeglad-sportowy-onet","status":"publish","type":"post","link":"https:\/\/www.europesays.com\/pl\/180096\/","title":{"rendered":"Wielkie osi\u0105gni\u0119cie Marka Kami\u0144skiego! Zrobi\u0142 to z w\u0142asnym synem &#8211; Przegl\u0105d Sportowy Onet"},"content":{"rendered":"<ol>\n<li><a href=\"https:\/\/news.google.com\/rss\/articles\/CBMitwFBVV95cUxQbG0xSnQwNFZYWGQzQ25CcXhnd1Z2UDV0cnAwVHlxRVdITW95NWdzaXBYTUVwbkhHbDVJQ0FnOXBhTDAwcGtNN1UxdmlBOG9WYVdVd2YzSzY0YUw0dlQ0cVlDNnVoUy1rR2I1c1NvTGx5WmJFYWxPalJvclFMNGJBLXlqR2lpdDBtZFZhcVpzUTRsM0l1NW0wOGJsUDVLMl8wVGltdEhDQXNETFVlcHJVRERwQ3JVV1E?oc=5\" target=\"_blank\" rel=\"nofollow noopener\">Wielkie osi\u0105gni\u0119cie Marka Kami\u0144skiego! Zrobi\u0142 to z w\u0142asnym synem<\/a>&nbsp;&nbsp;Przegl\u0105d Sportowy Onet<\/li>\n<li><a href=\"https:\/\/news.google.com\/rss\/articles\/CBMirgFBVV95cUxPakpSaVhVUHBhTjJ0ZlpzUk5nYUo4ckFjRHo3Zi1uZTR6ME9od1dHX19tTExBZzdiMElNT1VsVzZjd29oajRRbjZMNUoyWWwwakdZVnNmc3dKSUJTaU51VklkdWl4YWlnREIyTUNnQ2VSVlhkRHBjYlZoM0lTWS1nelhSYmNFU2J5b29HbERDcGN6d0xNTWtVWWlHalJJYzBEeVpBNzI1N0JvQVNueXc?oc=5\" target=\"_blank\" rel=\"nofollow noopener\">Niebywa\u0142y wyczyn! Kami\u0144ski z synem zdobyli biegun po\u0142udniowy<\/a>&nbsp;&nbsp;Sport.pl<\/li>\n<li><a href=\"https:\/\/news.google.com\/rss\/articles\/CBMi1gFBVV95cUxPZ3RwRFdIMllTUlpkM01pMFd1bXlHZkJHdk5MSEhDTnA3U2lXU0xGS0tfbUY4OXRZd3VLc0VrX3E2bmdMVy1FSGk2TVlRNTFYemIzQUQxZURZYjBJUXBGWUtiWW1oSWtCcUVjR2VNT0dRX000UEkyc0RoZlZ1eC0yTWNyaTNGNHZlcHQ4UGw0cEFVb0kxNlZ0b2VKbHJHSk1PcVdJWlZFTFV5bjQxTW1yUXA5eno1Y21PTEdmSUh0VS1fUTNraHV1LTRUdDV2bkxQdTUwWi1R?oc=5\" target=\"_blank\" rel=\"nofollow noopener\">Trzy dekady p\u00f3\u017aniej. Marek Kami\u0144ski zdoby\u0142 biegun po\u0142udniowy razem z synem<\/a>&nbsp;&nbsp;Eurosport Polska<\/li>\n<li><a href=\"https:\/\/news.google.com\/rss\/articles\/CBMifEFVX3lxTE5kVk91cFJyaEc4TWNWUDd1bDJLZEtLTzNjcndvVW1RMVZ1VXNPb1N3SGwxamkxXy1KR0hrS19aR01acFg0bWZBbklTRUR1WkJQeVV0aUZiUEpHZV9mQV9OX2dEa2J2MjlnZGFjMVQzaHRjRVB2bE1OMFNta04?oc=5\" target=\"_blank\" rel=\"nofollow noopener\">Marek i Kay Kami\u0144scy coraz bli\u017cej bieguna<\/a>&nbsp;&nbsp;TVP Gda\u0144sk<\/li>\n<li><a href=\"https:\/\/news.google.com\/rss\/articles\/CBMitAFBVV95cUxQZ3RoekM4eVdIcFB0bE5yMW92SVIzbXRXd2lRMFliZWF6UnpkY3l1Ymk4UkFZYndESWtmb2NyQ1U2elJOSkZyX0dxa3dINEhxZG95d2hwb1RtQVJhNVA5UmJzb2VGVHQ5V1dWdDJOVWkwUEJBTzhmV19SUmZhVVJnVmRRMFdDUl9MTzNMNk9VUHJaTUhkZHlyVW53dTVYQWc0bkhnY2hrNFBNQmUwWkRwbEV1dFM?oc=5\" target=\"_blank\" rel=\"nofollow noopener\">Rozpocz\u0105\u0142 kolejn\u0105 wielk\u0105 wypraw\u0119. &#8222;Biegun wzywa\u0142 mnie ju\u017c od pewnego czasu&#8221;<\/a>&nbsp;&nbsp;WP Turystyka<\/li>\n<\/ol>\n","protected":false},"excerpt":{"rendered":"Wielkie osi\u0105gni\u0119cie Marka Kami\u0144skiego! Zrobi\u0142 to z w\u0142asnym synem&nbsp;&nbsp;Przegl\u0105d Sportowy Onet Niebywa\u0142y wyczyn! Kami\u0144ski z synem zdobyli biegun&hellip;\n","protected":false},"author":2,"featured_media":180097,"comment_status":"","ping_status":"","sticky":false,"template":"","format":"standard","meta":{"footnotes":""},"categories":[14],"tags":[35309,32,33,27,10622,67,34,35,746,35308,28,31,25,40,41,136,128,47,135,80,29,30,26,82,83,84],"class_list":{"0":"post-180096","1":"post","2":"type-post","3":"status-publish","4":"format-standard","5":"has-post-thumbnail","7":"category-swiat","8":"tag-biegun_poludniowy","9":"tag-breaking-news","10":"tag-breakingnews","11":"tag-headlines","12":"tag-inne_sporty","13":"tag-intextvideo_splayer","14":"tag-latest-news","15":"tag-latestnews","16":"tag-lysy","17":"tag-marek_kaminski","18":"tag-naglowki","19":"tag-najwazniejsze-artykuly","20":"tag-news","21":"tag-polish","22":"tag-polski","23":"tag-ps_detal_new","24":"tag-psv2","25":"tag-screening_general","26":"tag-sport_sport","27":"tag-swiat","28":"tag-top-stories","29":"tag-topstories","30":"tag-wiadomosci","31":"tag-world","32":"tag-world-news","33":"tag-worldnews"},"share_on_mastodon":{"url":"https:\/\/pubeurope.com\/@pl\/115814537963117668","error":""},"_links":{"self":[{"href":"https:\/\/www.europesays.com\/pl\/wp-json\/wp\/v2\/posts\/180096","targetHints":{"allow":["GET"]}}],"collection":[{"href":"https:\/\/www.europesays.com\/pl\/wp-json\/wp\/v2\/posts"}],"about":[{"href":"https:\/\/www.europesays.com\/pl\/wp-json\/wp\/v2\/types\/post"}],"author":[{"embeddable":true,"href":"https:\/\/www.europesays.com\/pl\/wp-json\/wp\/v2\/users\/2"}],"replies":[{"embeddable":true,"href":"https:\/\/www.europesays.com\/pl\/wp-json\/wp\/v2\/comments?post=180096"}],"version-history":[{"count":0,"href":"https:\/\/www.europesays.com\/pl\/wp-json\/wp\/v2\/posts\/180096\/revisions"}],"wp:featuredmedia":[{"embeddable":true,"href":"https:\/\/www.europesays.com\/pl\/wp-json\/wp\/v2\/media\/180097"}],"wp:attachment":[{"href":"https:\/\/www.europesays.com\/pl\/wp-json\/wp\/v2\/media?parent=180096"}],"wp:term":[{"taxonomy":"category","embeddable":true,"href":"https:\/\/www.europesays.com\/pl\/wp-json\/wp\/v2\/categories?post=180096"},{"taxonomy":"post_tag","embeddable":true,"href":"https:\/\/www.europesays.com\/pl\/wp-json\/wp\/v2\/tags?post=180096"}],"curies":[{"name":"wp","href":"https:\/\/api.w.org\/{rel}","templated":true}]}}