{"id":180098,"date":"2025-12-31T13:59:10","date_gmt":"2025-12-31T13:59:10","guid":{"rendered":"https:\/\/www.europesays.com\/pl\/180098\/"},"modified":"2025-12-31T13:59:10","modified_gmt":"2025-12-31T13:59:10","slug":"armagedon-na-s7-13-godzin-bez-dostepu-do-toalety-otwieralismy-drzwi-z-przodu-i-tylu","status":"publish","type":"post","link":"https:\/\/www.europesays.com\/pl\/180098\/","title":{"rendered":"Armagedon na S7. 13 godzin bez dost\u0119pu do toalety. &#8222;Otwierali\u015bmy drzwi z przodu i ty\u0142u&#8221;"},"content":{"rendered":"<p class=\"article-p\" data-section=\"detail-body\">We wtorkowy wiecz\u00f3r w kilku regionach Polski szala\u0142a burza \u015bnie\u017cna. Tak by\u0142o m.in. w woj. warmi\u0144sko-mazurskim. Kilkaset samochod\u00f3w utkn\u0119\u0142o <a href=\"https:\/\/www.fakt.pl\/wydarzenia\/trasa-s7-z-gdanska-do-warszawy-nieprzejezdna-uwiezieni-kierowcy-czekaja-godzinami\/qqcrrjp\" id=\"733f8b42-6da6-4d07-bfbf-9cbff7401db8\" rel=\"nofollow noopener\" target=\"_blank\">w korku na drodze S7<\/a> w okolicach Ostr\u00f3dy i M\u0142awy. Zaspy, kt\u00f3re tworzy\u0142y si\u0119 na szosie, uniemo\u017cliwia\u0142y kierowcom przemieszczanie si\u0119 w obydwu kierunkach. Przywr\u00f3cenie ruchu zaj\u0119\u0142o s\u0142u\u017cbom kilkana\u015bcie godzin.<\/p>\n<p class=\"article-p\" data-section=\"detail-body\">Czytaj tak\u017ce: <a href=\"https:\/\/www.fakt.pl\/wydarzenia\/takiej-nocy-nie-pamietaja-sniezny-paraliz-na-s7-ostroda-uruchomila-pilna-pomoc\/l87hvvb\" id=\"d3143212-6817-4603-b558-376a3d93efd7\" rel=\"nofollow noopener\" target=\"_blank\">Zator na S7. W\u0142odarz miasta m\u00f3wi o &#8222;mord\u0119dze&#8221;. Podj\u0105\u0142 w nocy wa\u017cn\u0105 decyzj\u0119<\/a><\/p>\n<p>        \u015anie\u017cyca sparali\u017cowa\u0142a ruch na S7 pod Ostr\u00f3d\u0105. &#8222;Stra\u017cacy szli na piechot\u0119 z \u0142opatami&#8221;<\/p>\n<p class=\"article-p\" data-section=\"detail-body\">O problemach na trasie opowiedzia\u0142a w rozmowie z &#8222;Faktem&#8221; pani Monika, kt\u00f3ra z rodzin\u0105 jecha\u0142a z okolic Warszawy do Wejherowa. Jak m\u00f3wi, droga, kt\u00f3r\u0105 zazwyczaj pokonywa\u0142a maksymalnie w 4,5 godziny, tym razem zaj\u0119\u0142a im&#8230; 13 godzin.<\/p>\n<p class=\"article-p\" data-section=\"detail-body\">\u2014 Mi\u0119dzy Olsztynkiem a Ostr\u00f3d\u0105 stali\u015bmy ponad trzy godziny, a potem jeszcze na drodze serwisowej, kt\u00f3r\u0105 nas pokierowali, oko\u0142o godzin\u0119. Warunki na drodze by\u0142y tragiczne. Pomocy nie by\u0142o \u017cadnej. Przynajmniej na tym odcinku, na kt\u00f3rym my stali\u015bmy. W radio m\u00f3wili, \u017ce w okolicach Ostr\u00f3dy stoj\u0105 z kaw\u0105 i herbat\u0105. Nie wiem, czy tak by\u0142o, bo nie jechali\u015bmy tamt\u0119dy, pokierowali nas bocznymi i na tych odcinkach drogi nic nie by\u0142o \u2014 opisuje pani Monika.<\/p>\n<p class=\"article-p\" data-section=\"detail-body\">Jak m\u00f3wi, na pocz\u0105tku ich samoch\u00f3d jecha\u0142 jedynym pasem S7, kt\u00f3ry by\u0142 rozje\u017cd\u017cony przez auta. \u2014 Doje\u017cd\u017caj\u0105c do tego gigantycznego korka, stra\u017c kaza\u0142a zjecha\u0107 na prawy pas, bo lewym mia\u0142 jecha\u0107 p\u0142ug i stra\u017c. Niestety znalaz\u0142 si\u0119 jeden &#8222;m\u0105dry&#8221; kierowca, kt\u00f3ry pojecha\u0142 lewym pasem i reszta za nim, przez co ca\u0142kowicie zablokowali oba pasy. Po dw\u00f3ch godzinach stania stra\u017cacy szli na piechot\u0119 z \u0142opatami do <a href=\"https:\/\/www.fakt.pl\/wydarzenia\/pogoda\/atak-zimy-przed-nowym-rokiem-snieg-i-silny-mroz-nie-odpuszcza-w-sylwestra\/4s1tyxq\" id=\"8ad1b664-0620-4f3e-ab04-ab7fc87bea22\" rel=\"nofollow noopener\" target=\"_blank\">\u015bniegu<\/a>, \u017ceby od\u015bnie\u017ca\u0107 zjazd do stacji benzynowej, kt\u00f3r\u0119dy potem pu\u015bcili ruch na drog\u0119 serwisow\u0105. Totalny chaos, \u015bnieg sypi\u0105cy momentami tak, \u017ce kompletnie nie by\u0142o nic wida\u0107. Od\u015bnie\u017carki na trasie przed nami jecha\u0142y tylko dwie. Og\u00f3lnie dramat. Na szcz\u0119\u015bcie uda\u0142o si\u0119 nam dojecha\u0107 do celu. Z domu wyjechali\u015bmy o 15.00, u celu byli\u015bmy o 4.30 \u2014 m\u00f3wi w rozmowie z &#8222;Faktem&#8221;.<\/p>\n<p>        13 godzin w aucie bez dost\u0119pu do toalety. &#8222;Nie by\u0142o innej opcji&#8221;<\/p>\n<p class=\"article-p\" data-section=\"detail-body\">Kobieta dodaje, \u017ce cho\u0107 nawigacja pokazywa\u0142a przed korkiem kilka innych tras (sugerowa\u0142a zjechanie z ekspres\u00f3wki i poruszanie si\u0119 bocznymi drogami), to w rzeczywisto\u015bci nie by\u0142o takiej mo\u017cliwo\u015bci.<\/p>\n<p class=\"article-p\" data-section=\"detail-body\">\u2014 Wszystkie zjazdy mia\u0142y po p\u00f3\u0142 metra \u015bniegu i jakiekolwiek pr\u00f3by zjazdu ko\u0144czy\u0142y si\u0119 staniem w zaspie \u015bniegu. Przez to te\u017c wszystkie MOP-y po drodze by\u0142y niedost\u0119pne, bo tiry, kt\u00f3re pr\u00f3bowa\u0142y tam wjecha\u0107, \u017ceby przeczeka\u0107, cz\u0119sto stawa\u0142y na \u015brodku w zaspie i blokowa\u0142y wjazd na wszystkie MOP-y. Zjechali\u015bmy na jeden, to kazali nam si\u0119 wycofa\u0107, bo nie by\u0142o przejazdu i nie da\u0142o si\u0119 zjecha\u0107 \u2014 relacjonuje.<\/p>\n<p class=\"article-p\" data-section=\"detail-body\">Kobieta podr\u00f3\u017cowa\u0142a razem z 10-letni\u0105 c\u00f3rk\u0105. Jak m\u00f3wi, na szcz\u0119\u015bcie mieli ze sob\u0105 jedzenie i picie, wi\u0119c dali rad\u0119, ale problemem by\u0142 brak dost\u0119pu do toalety. \u2014 Wygl\u0105da\u0142o to tak, \u017ce trzeba by\u0142o otworzy\u0107 drzwi z przodu i z ty\u0142u i pomi\u0119dzy za\u0142atwi\u0107 potrzeb\u0119, nie by\u0142o innej opcji niestety \u2014 m\u00f3wi. \u2014 T\u0119 podr\u00f3\u017c na pewno zapami\u0119tamy do ko\u0144ca \u017cycia, b\u0119dzie co wspomina\u0107 \u2014 podkre\u015bla pani Monika.<\/p>\n<p>        Zasypane samochody na drodze<\/p>\n<p class=\"article-p\" data-section=\"detail-body\">Dodaje, \u017ce jej rodzina mia\u0142a na tyle szcz\u0119\u015bcia, \u017ce mieli zatankowany do pe\u0142na samoch\u00f3d.<\/p>\n<p class=\"article-p\" data-section=\"detail-body\">\u2014 Ale ci, kt\u00f3rzy jechali elektrykami, my\u015bl\u0119, \u017ce byli w gorszej sytuacji. Po drodze na ca\u0142ej autostradzie sta\u0142o mn\u00f3stwo samochod\u00f3w, kt\u00f3re by\u0142y w ca\u0142o\u015bci zasypane. Prawdopodobnie kieruj\u0105cy albo utkn\u0119li w zaspach, albo zabrak\u0142o im paliwa. My\u015bl\u0119, \u017ce w niekt\u00f3rych autach rozgrywa\u0142y si\u0119 jeszcze gorsze dramaty. My na szcz\u0119\u015bcie podeszli\u015bmy do tego na luzie, bo w zasadzie nie mieli\u015bmy \u017cadnego wp\u0142ywu na przebieg sytuacji. I nasza c\u00f3rka w miar\u0119 cierpliwie to wytrzyma\u0142a. Musia\u0142a by\u0107 nawet zabawa na \u015bnie\u017cki na autostradzie. Trzeba by\u0142o roz\u0142adowa\u0107 stres, bo by\u0142 taki moment (jeszcze zanim stan\u0119li\u015bmy w korku), \u017ce si\u0119 mocno wystraszy\u0142a tej pogody, opad\u00f3w. Ale na szcz\u0119\u015bcie uda\u0142o nam si\u0119 j\u0105 uspokoi\u0107, \u017ce jedziemy 40 km na godz., bardzo powoli i nic z\u0142ego si\u0119 nie stanie \u2014 opisuje w rozmowie z &#8222;Faktem&#8221; pani Monika.<\/p>\n<p class=\"article-p\" data-section=\"detail-body\">Komenda Wojew\u00f3dzka Policji w Olsztynie informuje, \u017ce ruch na trasie S7 w kierunku Gda\u0144ska odbywa si\u0119 ju\u017c p\u0142ynnie. Chwilowe utrudnienia wci\u0105\u017c wyst\u0119puj\u0105, ale tylko lokalnie, na trasie w kierunku Warszawy.<\/p>\n<p>        \/4<\/p>\n<p>                    <img decoding=\"async\" class=\"article-image-img\" loading=\"lazy\" alt=\"\" src=\"https:\/\/www.europesays.com\/pl\/wp-content\/uploads\/2025\/12\/hXrk9kuTURBXy9mY2JhMzA3YS1hMTBiLTRhMzYtYTE3Yi0wN2RjZGFhMzJlMzkuanBlZ5GTAs0DSM0E3d4AAqEwAaExAQ.jpeg\" width=\"840\" height=\"1245\"\/><\/p>\n<p>                  &#8211; \/ Archiwum prywatne<\/p>\n<p class=\"article-gallery-p\">\n        Samochody sta\u0142y kilka godzin w korku.\n    <\/p>\n<p>        \/4<\/p>\n<p>                    <img decoding=\"async\" class=\"article-image-img\" loading=\"lazy\" alt=\"\" src=\"https:\/\/www.europesays.com\/pl\/wp-content\/uploads\/2025\/12\/hvtk9kuTURBXy80NzVjN2UyMy03Y2NhLTRkOWItOTM2ZS0yYjYwYmQxZDU0YzcuanBlZ5GTAs0DSM0E8d4AAqEwAaExAQ.jpeg\" width=\"840\" height=\"1265\"\/><\/p>\n<p>                  &#8211; \/ Archiwum prywatne<\/p>\n<p class=\"article-gallery-p\">\n        Pani Monika tras\u0119 z Warszawy do Wejherowa pokona\u0142a w 13 godzin.\n    <\/p>\n","protected":false},"excerpt":{"rendered":"We wtorkowy wiecz\u00f3r w kilku regionach Polski szala\u0142a burza \u015bnie\u017cna. Tak by\u0142o m.in. w woj. warmi\u0144sko-mazurskim. Kilkaset samochod\u00f3w&hellip;\n","protected":false},"author":2,"featured_media":180099,"comment_status":"","ping_status":"","sticky":false,"template":"","format":"standard","meta":{"footnotes":""},"categories":[12],"tags":[32,33,36,37,27,34,35,28,31,25,42,38,40,39,41,29,30,26],"class_list":{"0":"post-180098","1":"post","2":"type-post","3":"status-publish","4":"format-standard","5":"has-post-thumbnail","7":"category-polska","8":"tag-breaking-news","9":"tag-breakingnews","10":"tag-featured-news","11":"tag-featurednews","12":"tag-headlines","13":"tag-latest-news","14":"tag-latestnews","15":"tag-naglowki","16":"tag-najwazniejsze-artykuly","17":"tag-news","18":"tag-pl","19":"tag-poland","20":"tag-polish","21":"tag-polska","22":"tag-polski","23":"tag-top-stories","24":"tag-topstories","25":"tag-wiadomosci"},"share_on_mastodon":{"url":"https:\/\/pubeurope.com\/@pl\/115814541939940123","error":""},"_links":{"self":[{"href":"https:\/\/www.europesays.com\/pl\/wp-json\/wp\/v2\/posts\/180098","targetHints":{"allow":["GET"]}}],"collection":[{"href":"https:\/\/www.europesays.com\/pl\/wp-json\/wp\/v2\/posts"}],"about":[{"href":"https:\/\/www.europesays.com\/pl\/wp-json\/wp\/v2\/types\/post"}],"author":[{"embeddable":true,"href":"https:\/\/www.europesays.com\/pl\/wp-json\/wp\/v2\/users\/2"}],"replies":[{"embeddable":true,"href":"https:\/\/www.europesays.com\/pl\/wp-json\/wp\/v2\/comments?post=180098"}],"version-history":[{"count":0,"href":"https:\/\/www.europesays.com\/pl\/wp-json\/wp\/v2\/posts\/180098\/revisions"}],"wp:featuredmedia":[{"embeddable":true,"href":"https:\/\/www.europesays.com\/pl\/wp-json\/wp\/v2\/media\/180099"}],"wp:attachment":[{"href":"https:\/\/www.europesays.com\/pl\/wp-json\/wp\/v2\/media?parent=180098"}],"wp:term":[{"taxonomy":"category","embeddable":true,"href":"https:\/\/www.europesays.com\/pl\/wp-json\/wp\/v2\/categories?post=180098"},{"taxonomy":"post_tag","embeddable":true,"href":"https:\/\/www.europesays.com\/pl\/wp-json\/wp\/v2\/tags?post=180098"}],"curies":[{"name":"wp","href":"https:\/\/api.w.org\/{rel}","templated":true}]}}