{"id":180114,"date":"2025-12-31T14:09:17","date_gmt":"2025-12-31T14:09:17","guid":{"rendered":"https:\/\/www.europesays.com\/pl\/180114\/"},"modified":"2025-12-31T14:09:17","modified_gmt":"2025-12-31T14:09:17","slug":"romy-reiner-pokazala-sie-publicznie-pierwszy-raz-od-smierci-rodzicow","status":"publish","type":"post","link":"https:\/\/www.europesays.com\/pl\/180114\/","title":{"rendered":"Romy Reiner pokaza\u0142a si\u0119 publicznie pierwszy raz od \u015bmierci rodzic\u00f3w"},"content":{"rendered":"<p class=\"ods-c-paragraph \">Morderstwo, do kt\u00f3rego dosz\u0142o w Stanach Zjednoczonych 14 grudnia 2025 r., zapisze si\u0119 w historii Hollywood, jako jeden z najbardziej krwawych i szokuj\u0105cych. To w\u0142a\u015bnie tego dnia odnaleziono zw\u0142oki znanego re\u017cysera <a href=\"https:\/\/plejada.pl\/temat\/rob-reiner-rezyser\/c3e86ny\" id=\"b4c7703c-61bf-44e8-abbc-e265d5bb5c42\" rel=\"nofollow noopener\" target=\"_blank\">Roba Reinera<\/a> i jego \u017cony \u2014 jak wynika z komunikatu przekazanego przez s\u0142u\u017cby, oboje mieli podci\u0119te gard\u0142a, a Wydzia\u0142 Medycyny S\u0105dowej Hrabstwa Los Angeles potwierdzi\u0142 t\u0119 informacj\u0119, dodaj\u0105c, \u017ce Reinerowie zmarli na skutek wielokrotnych obra\u017ce\u0144 zadanych ostrymi narz\u0119dziami.<\/p>\n<p>Dalszy ci\u0105g artyku\u0142u pod materia\u0142em wideo<\/p>\n<p> Dlaczego c\u00f3rka Reiner\u00f3w pojawi\u0142a si\u0119 publicznie? <\/p>\n<p> Co si\u0119 sta\u0142o z Robem i Michele Reinerami? <\/p>\n<p> Ile dzieci mieli Reinerowie? <\/p>\n<p> Kiedy Nick Reiner zosta\u0142 oskar\u017cony o morderstwo? <\/p>\n<p>  C\u00f3rka Reiner\u00f3w pokaza\u0142a si\u0119 publicznie pierwszy raz od ich \u015bmierci   <\/p>\n<p class=\"ods-c-paragraph \">Rob i Michele Reinerowie doczekali si\u0119 tr\u00f3jki dzieci \u2014 Nicka, Romy i Jake&#8217;a. Dla ostatniej dw\u00f3jki ostatnie dni by\u0142y wyj\u0105tkowo trudnym czasem, opr\u00f3cz \u017ca\u0142oby po rodzicach, musieli zmierzy\u0107 si\u0119 z my\u015bl\u0105, \u017ce morderc\u0105 okaza\u0142 si\u0119 ich brat.<\/p>\n<p class=\"ods-c-paragraph \">Nick Reiner zosta\u0142 oskar\u017cony o dwa morderstwa ze szczeg\u00f3lnym uwzgl\u0119dnieniem okoliczno\u015bci obci\u0105\u017caj\u0105cych, jakimi s\u0105 wielokrotne zab\u00f3jstwa. Magazyn &#8222;People&#8221; informowa\u0142 niedawno, \u017ce po tym, jak zosta\u0142 zatrzymany, 32-latek przebywa w celi izolacyjnej pod sta\u0142ym nadzorem funkcjonariuszy i musi nosi\u0107 niebiesk\u0105 kamizelk\u0119 ochronn\u0105, maj\u0105c\u0105 zapobiec samookaleczeniu lub pr\u00f3bie odebrania sobie \u017cycia. Decyzja o umieszczeniu Nicka w izolatce prawdopodobnie mia\u0142a zwi\u0105zek z jego niebezpiecznym zachowaniem.<\/p>\n<p>   <img decoding=\"async\" src=\"https:\/\/www.europesays.com\/pl\/wp-content\/uploads\/2025\/12\/9Q8k9lBaHR0cHM6Ly9vY2RuLmV1L3B1bHNjbXMvTURBXy84MGZjYzA0NzUwZjU0OGNiN2NjODEwYzFiNTEwMDdhYy5qcGeRlQLNA.jpeg\" height=\"529\" width=\"940\" alt=\"Rob i Michele Reiner\" loading=\"lazy\" class=\"ods-c-image__img ods-c-image__img--vertical\"\/><\/p>\n<p>Rob i Michele ReinerLev Radin \/ Shutterstock<\/p>\n<p class=\"ods-c-paragraph \">Jak wynika z informacji przekazanych przez portal TMZ, u Nicka Reinera zdiagnozowano schizofreni\u0119 \u2014 32-latek mia\u0142 przebywa\u0107 niedawno w o\u015brodku leczenia zaburze\u0144 psychicznych i uzale\u017cnie\u0144, a kilka tygodni przed krwawym morderstwem, lekarze prawdopodobnie zmienili jego farmakoterapi\u0119. Mog\u0142o to negatywnie wp\u0142yn\u0105\u0107 na jego stan emocjonalny, czyni\u0105c go niestabilnym i potencjalnie niebezpiecznym.<\/p>\n<p class=\"ods-c-paragraph \">Dodatkowo syn Reiner\u00f3w mia\u0142 za sob\u0105 nieciekaw\u0105 przesz\u0142o\u015b\u0107 \u2014 zmaga\u0142 si\u0119 z problemami emocjonalnymi, uzale\u017cnieniem od narkotyk\u00f3w, a nawet bywa\u0142y takie momenty, w kt\u00f3rych nie mia\u0142 dachu nad g\u0142ow\u0105.<\/p>\n<p>   <img decoding=\"async\" src=\"https:\/\/www.europesays.com\/pl\/wp-content\/uploads\/2025\/12\/42wk9lBaHR0cHM6Ly9vY2RuLmV1L3B1bHNjbXMvTURBXy82MGU2MjY3ZDkzYWQ5ZDM5MzhlYThhNmVkMmNiZDhiNS5wbmeSlQPNA.jpeg\" height=\"529\" width=\"940\" alt=\"Rob Reiner i Romy Reiner\" loading=\"lazy\" class=\"ods-c-image__img ods-c-image__img--viewport-width\"\/><\/p>\n<p>Rob Reiner i Romy Reinerhttps:\/\/www.instagram.com\/romyreiner\/<\/p>\n<p class=\"ods-c-paragraph \">W tym trudnym okresie, nieocenionym wsparciem jest dla siebie pozosta\u0142a dw\u00f3jka rodze\u0144stwa Reiner\u00f3w. Wed\u0142ug nieoficjalnych doniesie\u0144 to w\u0142a\u015bnie c\u00f3rka Roba i Michele Reiner\u00f3w mia\u0142a odnale\u017a\u0107 ich martwe cia\u0142a. 27 grudnia Romy obchodzi\u0142a 28. urodziny, a ju\u017c dzie\u0144 p\u00f3\u017aniej paparazzi sfotografowali j\u0105 podczas spaceru pla\u017c\u0105.<\/p>\n<p class=\"ods-c-paragraph \">Nied\u0142ugo p\u00f3\u017aniej do siostry do\u0142\u0105czy\u0142 Jake, kt\u00f3ry, tak jak Romy, wygl\u0105da\u0142 na niezwykle smutnego i przygn\u0119bionego.<\/p>\n<p class=\"ods-c-paragraph \">Dzi\u0119kujemy, \u017ce przeczyta\u0142a\u015b\/e\u015b nasz artyku\u0142 do ko\u0144ca. W serwisie Plejada.pl ka\u017cdego dnia piszemy o najwa\u017cniejszych wydarzeniach show-biznesowych. B\u0105d\u017a na bie\u017c\u0105co! <a rel=\"nofollow noopener\" href=\"https:\/\/profile.google.com\/cp\/Cg0vZy8xMWJ6X19wdHBx\" id=\"ce279d20-219d-47b9-8d38-b264ff3a901b\" target=\"_blank\">Obserwuj<\/a> Plejad\u0119 w Google. Odwied\u017a nas tak\u017ce na <a rel=\"nofollow noopener\" href=\"https:\/\/www.facebook.com\/plejadapl\" id=\"00fc6597-2f26-498c-b923-80a23f44d38a\" target=\"_blank\">Facebooku<\/a>, <a rel=\"nofollow noopener\" href=\"https:\/\/www.instagram.com\/plejadapl\/\" id=\"957df647-3f2c-443c-9c25-a8e7b9bfd76d\" target=\"_blank\">Instagramie<\/a>, <a rel=\"nofollow noopener\" href=\"https:\/\/www.youtube.com\/c\/plejada\" id=\"39bd2791-924c-4f90-b0dd-a666de745622\" target=\"_blank\">YouTubie<\/a> oraz <a rel=\"nofollow noopener\" href=\"https:\/\/www.tiktok.com\/@plejada_pl\" id=\"d016f231-4377-4ef4-bcfc-28c41aebb3ce\" target=\"_blank\">TikToku<\/a>.<\/p>\n<p class=\"ods-c-paragraph \">Chcesz podzieli\u0107 si\u0119 ciekawym newsem lub zaproponowa\u0107 temat? Skontaktuj si\u0119 z nami, pisz\u0105c maila na adres: <a rel=\"nofollow noopener\" href=\"https:\/\/plejada.pl\/newsy\/romy-reiner-pokazala-sie-publicznie-pierwszy-raz-od-smierci-rodzicow\/mailto:plejada@redakcjaonet.pl\" id=\"80ac107b-1704-46b7-a2fe-4efdbfa87c1a\" target=\"_blank\">plejada@redakcjaon<\/a><a href=\"https:\/\/et.pl\" id=\"c4651bc4-82cd-43da-a825-d2912d27fe2f\" rel=\"nofollow noopener\" target=\"_blank\">et.pl<\/a>.<\/p>\n<p><script async src=\"\/\/www.instagram.com\/embed.js\"><\/script><script async src=\"\/\/www.tiktok.com\/embed.js\"><\/script><\/p>\n","protected":false},"excerpt":{"rendered":"Morderstwo, do kt\u00f3rego dosz\u0142o w Stanach Zjednoczonych 14 grudnia 2025 r., zapisze si\u0119 w historii Hollywood, jako jeden&hellip;\n","protected":false},"author":2,"featured_media":180115,"comment_status":"","ping_status":"","sticky":false,"template":"","format":"standard","meta":{"footnotes":""},"categories":[22],"tags":[122,9715,48,125,46,42,38,40,39,41,30553,123,47,511,411],"class_list":{"0":"post-180114","1":"post","2":"type-post","3":"status-publish","4":"format-standard","5":"has-post-thumbnail","7":"category-rozrywka","8":"tag-entertainment","9":"tag-morderstwo","10":"tag-nat_styl","11":"tag-newsy","12":"tag-omp","13":"tag-pl","14":"tag-poland","15":"tag-polish","16":"tag-polska","17":"tag-polski","18":"tag-rob_reiner","19":"tag-rozrywka","20":"tag-screening_general","21":"tag-smierc","22":"tag-zabojstwo"},"share_on_mastodon":{"url":"https:\/\/pubeurope.com\/@pl\/115814581052570386","error":""},"_links":{"self":[{"href":"https:\/\/www.europesays.com\/pl\/wp-json\/wp\/v2\/posts\/180114","targetHints":{"allow":["GET"]}}],"collection":[{"href":"https:\/\/www.europesays.com\/pl\/wp-json\/wp\/v2\/posts"}],"about":[{"href":"https:\/\/www.europesays.com\/pl\/wp-json\/wp\/v2\/types\/post"}],"author":[{"embeddable":true,"href":"https:\/\/www.europesays.com\/pl\/wp-json\/wp\/v2\/users\/2"}],"replies":[{"embeddable":true,"href":"https:\/\/www.europesays.com\/pl\/wp-json\/wp\/v2\/comments?post=180114"}],"version-history":[{"count":0,"href":"https:\/\/www.europesays.com\/pl\/wp-json\/wp\/v2\/posts\/180114\/revisions"}],"wp:featuredmedia":[{"embeddable":true,"href":"https:\/\/www.europesays.com\/pl\/wp-json\/wp\/v2\/media\/180115"}],"wp:attachment":[{"href":"https:\/\/www.europesays.com\/pl\/wp-json\/wp\/v2\/media?parent=180114"}],"wp:term":[{"taxonomy":"category","embeddable":true,"href":"https:\/\/www.europesays.com\/pl\/wp-json\/wp\/v2\/categories?post=180114"},{"taxonomy":"post_tag","embeddable":true,"href":"https:\/\/www.europesays.com\/pl\/wp-json\/wp\/v2\/tags?post=180114"}],"curies":[{"name":"wp","href":"https:\/\/api.w.org\/{rel}","templated":true}]}}