{"id":180117,"date":"2025-12-31T14:12:09","date_gmt":"2025-12-31T14:12:09","guid":{"rendered":"https:\/\/www.europesays.com\/pl\/180117\/"},"modified":"2025-12-31T14:12:09","modified_gmt":"2025-12-31T14:12:09","slug":"niemcy-wpadly-w-energetyczna-pulapke-polska-jest-na-tej-samej-drodze","status":"publish","type":"post","link":"https:\/\/www.europesays.com\/pl\/180117\/","title":{"rendered":"Niemcy wpad\u0142y w energetyczn\u0105 pu\u0142apk\u0119. Polska jest na tej samej drodze?"},"content":{"rendered":"<p class=\"typography ids-typeset-body ids-typeset-body--preset-large link paragraph ids-paragraph ids-paragraph--default\">&#8211; Nasz system energetyczny stanie si\u0119 najbardziej efektywnym i przyjaznym dla \u015brodowiska na \u015bwiecie &#8211; o\u015bwiadczy\u0142a 6 wrze\u015bnia 2010 r. kanclerz <a href=\"https:\/\/wydarzenia.interia.pl\/tematy-angela-merkel,gsbi,1019\" rel=\"nofollow noopener\" target=\"_blank\">Angela Merkel<\/a>.<\/p>\n<p class=\"typography ids-typeset-body ids-typeset-body--preset-large link paragraph ids-paragraph ids-paragraph--default\">Pi\u0119\u0107 lat po og\u0142oszeniu Energiewende (transformacja energetyczna &#8211; przyp. red.) podpisa\u0142a w Berlinie porozumienie z koncernami: E.ON, RWE, EnBW i Vattenfall. Zak\u0142ada\u0142o ono, i\u017c 17 elektrowni j\u0105drowych otrzyma zezwolenie, aby dzia\u0142a\u0107 jeszcze przez 12 lat. W zamian cztery firmy, b\u0119d\u0105ce ich w\u0142a\u015bcicielami, zobowi\u0105za\u0142y si\u0119 przekaza\u0107 niemieckiemu rz\u0105dowi 30 mld euro tytu\u0142em przed\u0142u\u017cenia koncesji oraz dorzuci\u0107 w ci\u0105gu sze\u015bciu lat 2,3 mld euro podatku nazywanego: &#8222;od pr\u0119t\u00f3w paliwowych&#8221;.<\/p>\n<p class=\"typography ids-typeset-body ids-typeset-body--preset-large link paragraph ids-paragraph ids-paragraph--default\">Do pakietu dodano &#8222;skromn\u0105&#8221; op\u0142at\u0119 200 mln euro rocznie na rzecz specjalnego funduszu inwestycyjnego, wspieraj\u0105cego energi\u0119 odnawialn\u0105.<\/p>\n<p class=\"typography ids-typeset-body ids-typeset-body--preset-large link paragraph ids-paragraph ids-paragraph--default\">&#8211; Porozumienie pozwoli utrzyma\u0107 przyst\u0119pne ceny energii zar\u00f3wno dla odbiorc\u00f3w indywidualnych, jak i przedsi\u0119biorstw &#8211; przekaza\u0142a w\u00f3wczas Merkel, dodaj\u0105c, i\u017c &#8222;celem jest dalsze promowanie odnawialnych \u017ar\u00f3de\u0142 energii, a elektrownie j\u0105drowe i w\u0119glowe postrzegamy jako niezb\u0119dny pomost do osi\u0105gni\u0119cia tego celu&#8221;.<\/p>\n<p class=\"typography ids-typeset-body ids-typeset-body--preset-large link paragraph ids-paragraph ids-paragraph--default\">Reaktory j\u0105drowe wytwarza\u0142y w\u00f3wczas jedn\u0105 czwart\u0105 pr\u0105du w <a href=\"https:\/\/wydarzenia.interia.pl\/tematy-niemcy,gsbi,2629\" rel=\"nofollow noopener\" target=\"_blank\">Niemczech<\/a>, lecz zamierzano z czasem zast\u0105pi\u0107 je farmami wiatrowymi i fotowoltaicznymi. Tak, by najp\u00f3\u017aniej w po\u0142owie XXI w. pr\u0105d z OZE stanowi\u0142 ok 80 proc. energii odbieranej przez niemieckich konsument\u00f3w.<\/p>\n<p class=\"typography ids-typeset-body ids-typeset-body--preset-large link paragraph ids-paragraph ids-paragraph--default\">Nied\u0142ugo po przem\u00f3wieniu pani kanclerz ministerstwo finans\u00f3w pochwali\u0142o si\u0119, i\u017c pomimo \u015bwiatowego kryzysu niemieckie PKB w 2010 r. wzros\u0142o a\u017c o 3,6 proc. i za dwa, g\u00f3ra trzy lata bud\u017cet pa\u0144stwa zamiast deficytu odnotuje nadwy\u017ck\u0119.<\/p>\n<p class=\"typography ids-typeset-body ids-typeset-body--preset-large link paragraph ids-paragraph ids-paragraph--default\">24 grudnia 2025 r. tygodnik &#8222;Handelsblatt&#8221; doni\u00f3s\u0142 czytelnikom w minorowym tonie, \u017ce &#8222;rz\u0105d federalny b\u0119dzie dotowa\u0107 ceny energii elektrycznej w 2026 roku kwot\u0105 29,5 mld euro&#8221;. Kanclerz <a href=\"https:\/\/wydarzenia.interia.pl\/tematy-friedrich-merz,gsbi,1437\" target=\"_self\" rel=\"nofollow noopener\">Merz<\/a> tak w\u0142a\u015bnie spe\u0142ni og\u0142oszon\u0105 miesi\u0105c wcze\u015bniej obietnic\u0119, \u017ce rz\u0105d zagwarantuje niemieckim firmom i rodzinom ta\u0144sz\u0105 energi\u0119. Przy czym, odwrotnie ni\u017c 15 lat temu, nie we\u017amie na to 30 mld euro od firm energetycznych, lecz to w\u0142a\u015bnie im przeka\u017ce zbli\u017con\u0105 kwot\u0119.<\/p>\n<p class=\"typography ids-typeset-body ids-typeset-body--preset-large link paragraph ids-paragraph ids-paragraph--default\">Ale bud\u017cet RFN r\u00f3wnie\u017c z coraz wi\u0119kszym trudem si\u0119 dopina, wi\u0119c rz\u0105d b\u0119dzie musia\u0142 wspomnian\u0105 sum\u0119 po\u017cyczy\u0107 na rynkach finansowych. Za rok zrobi to samo, poniewa\u017c system energetyczny, jaki Niemcy sobie sprokurowali, oferuje szanse na ta\u0144szy pr\u0105d r\u00f3wnie wielkie, jak wzrost gospodarczy w RFN w ostatnich latach.<\/p>\n<p class=\"typography ids-typeset-body ids-typeset-body--preset-large link paragraph ids-paragraph ids-paragraph--default\">&#8222;Nic dziwnego, \u017ce ludzie s\u0105 w kiepskim nastroju na koniec roku. Wiadomo\u015bci gospodarcze s\u0105 ponure&#8221; &#8211; zauwa\u017ca\u0142 29 grudnia &#8222;FAZ&#8221;.<\/p>\n<p class=\"typography ids-typeset-body ids-typeset-body--preset-large link paragraph ids-paragraph ids-paragraph--default\">Nie b\u0119dzie zatem wielkim odkryciem stwierdzenie, \u017ce z Energiewende posz\u0142o co\u015b mocno nie tak. Ale co konkretnie?<\/p>\n<p class=\"typography ids-typeset-body ids-typeset-body--preset-large link paragraph ids-paragraph ids-paragraph--default\">Beztroska oraz bezkrytyczna wiara w sukces, z jak\u0105 Niemcy realizowali swoj\u0105 transformacj\u0119 energetyczn\u0105, by\u0142a tak olbrzymia, \u017ce a\u017c trudno w nie uwierzy\u0107.<\/p>\n<p class=\"typography ids-typeset-body ids-typeset-body--preset-large link paragraph ids-paragraph ids-paragraph--default\">Historyk\u00f3w, kt\u00f3rzy za ile\u015b dekad dostan\u0105 wgl\u0105d do archiw\u00f3w rz\u0105dowych i b\u0119d\u0105 mogli prze\u015bledzi\u0107 faktyczny proces decyzyjny, czeka fascynuj\u0105ca lektura. Bez dost\u0119pu do tych \u017ar\u00f3de\u0142 wiemy, \u017ce kontrakt podpisany przez Angel\u0119 Merkel z koncernami energetycznymi spotka\u0142 si\u0119 z olbrzymi\u0105 krytyk\u0105 opozycji. Partia Zielonych i SPD \u017c\u0105da\u0142y jak najszybszego wygaszenie elektrowni j\u0105drowych, cho\u0107 te nie emitowa\u0142y CO2 i by\u0142y kur\u0105 znosz\u0105c\u0105 z\u0142ote jaja. Sonda\u017ce opinii publicznej, karmionej opowie\u015bciami o zbawczej mocy energii z OZE, m\u00f3wi\u0142y, \u017ce\u00a0ponad 50 proc. obywateli\u00a0pragnie likwidacji reaktor\u00f3w j\u0105drowych u\u017cytkowanych w RFN.<\/p>\n<p class=\"typography ids-typeset-body ids-typeset-body--preset-large link paragraph ids-paragraph ids-paragraph--default\">Gdy w marcu 2011 r. z powodu tsunami dosz\u0142o do awarii w japo\u0144skiej elektrowni j\u0105drowej w <a href=\"https:\/\/wydarzenia.interia.pl\/tematy-fukushima,gsbi,7114\" rel=\"nofollow noopener\" target=\"_blank\">Fukushimie<\/a>, odsetek ten wzr\u00f3s\u0142 do a\u017c 73 proc.\u00a0W\u00f3wczas kanclerz Merkel wskoczy\u0142a na wznosz\u0105c\u0105 fal\u0119 i wbrew kierownictwu CDU og\u0142osi\u0142a plan sukcesywnego wygaszenia elektrowni j\u0105drowych do roku 2022.<\/p>\n<p class=\"typography ids-typeset-body ids-typeset-body--preset-large link paragraph ids-paragraph ids-paragraph--default\">Jednak energia ze \u017ar\u00f3de\u0142 odnawialnych nie by\u0142a wstanie zape\u0142ni\u0107 luki w systemie. Zatem zacz\u0119to na masow\u0105 skal\u0119\u00a0budowa\u0107 elektronie gazowe, zasilane gazem z Rosji. Wszystko sz\u0142o \u015bwietnie, wi\u0119c aby zrealizowa\u0107 planow\u0105 redukcj\u0119 emisji CO2, kanclerz Merkel przeforsowa\u0142a w lipcu 2020 r. w <a href=\"https:\/\/wydarzenia.interia.pl\/tematy-bundestag,gsbi,5648\" rel=\"nofollow noopener\" target=\"_blank\">Bundestagu<\/a> Kohleausstiegsgesetz, czyli ustaw\u0119 o ograniczeniu i zaprzestaniu wytwarzania energii elektrycznej z w\u0119gla. Okre\u015bli\u0142a ona harmonogram zamkni\u0119cia do 2038 r. wszystkich elektrowni w\u0119glowych.<\/p>\n<p class=\"typography ids-typeset-body ids-typeset-body--preset-large link paragraph ids-paragraph ids-paragraph--default\">Gdy 20 lat temu Niemcy rozpoczyna\u0142y Energiewende, zapowiadano j\u0105 jako prze\u0142omowy projekt odchodzenia nie tylko od paliw kopalnych, ale te\u017c zapewnienia krajowi samowystarczalno\u015bci energetycznej. Po czym sukcesywnie zlikwidowano w systemie te elektrownie, do kt\u00f3rych zdobycie paliwa nie stanowi\u0142o problemu.<\/p>\n<p class=\"typography ids-typeset-body ids-typeset-body--preset-large link paragraph ids-paragraph ids-paragraph--default\">W drug\u0105 nog\u0119 przywali\u0142 <a href=\"https:\/\/wydarzenia.interia.pl\/tematy-wladimir-putin,gsbi,9\" rel=\"nofollow noopener\" target=\"_blank\">W\u0142adimir Putin<\/a>, gdy szykowa\u0142 najazd na Ukrain\u0119, redukuj\u0105c jesieni\u0105 2021 r. dostawy gazu do Europy Zachodniej. W\u00f3wczas po raz pierwszy Niemcy na w\u0142asnej sk\u00f3rze odczuli, \u017ce OZE nie maj\u0105 zbawczych mocy, lecz s\u0105 tylko jedynym z element\u00f3w systemu energetycznego. Na dok\u0142adk\u0119 s\u0142abo przewidywalnym i bardzo drogim, gdy zaczyna brakowa\u0107 taniego paliwa dla elektrowni konwencjonalnych, stabilizuj\u0105cych system.<\/p>\n<p class=\"typography ids-typeset-body ids-typeset-body--preset-large link paragraph ids-paragraph ids-paragraph--default\">W praktyce o ile w latach 2010-2018 ceny pr\u0105du w Niemczech utrzymywa\u0142y si\u0119 na podobnym poziomie, wynosz\u0105c \u015brednio 0,18 euro za kilowatogodzin\u0119 dla firm oraz 0,28 euro dla gospodarstw domowych, potem zacz\u0105\u0142 si\u0119 ich wzrost. Przerodzi\u0142 si\u0119 on\u00a0w gwa\u0142townych skok z pocz\u0105tkiem 2022 roku. Wej\u015bcie wojsk rosyjskich na Ukrain\u0119 ju\u017c tylko przypiecz\u0119towa\u0142o kryzys. Niemieckie firmy zacz\u0119\u0142y p\u0142aci\u0107 powy\u017cej 0,30 euro za kilowatogodzin\u0119, a indywidualni odbiorcy ponad 0,40 euro.<\/p>\n<p class=\"typography ids-typeset-body ids-typeset-body--preset-large link paragraph ids-paragraph ids-paragraph--default\">Nota bene ta\u0144szy pr\u0105d dla przemys\u0142u ju\u017c w\u00f3wczas gwarantowa\u0142 rz\u0105d swymi ulgami podatkowymi i dotacjami. Jednak okaza\u0142y si\u0119 one zbyt skromne, by zapobiec kryzysowi.<\/p>\n<p class=\"typography ids-typeset-body ids-typeset-body--preset-large link paragraph ids-paragraph ids-paragraph--default\">Zupe\u0142nie nie jest przypadkiem to, \u017ce dwukrotne podro\u017cenie pr\u0105du w Niemczech zbieg\u0142o si\u0119 z czterema latami gospodarczej recesji. Pech Berlina polega\u0142 na tym, \u017ce ani Chiny, ani Indie, ani Japonia, ani obecnie Stany Zjednoczone nie na\u015bladowa\u0142y Energiewende, stawiaj\u0105c na efektywno\u015b\u0107 systemu. Zatem pa\u0144stwa te gwarantowa\u0142y w\u0142asnej gospodarce tani\u0105 energi\u0119.<\/p>\n<p class=\"typography ids-typeset-body ids-typeset-body--preset-large link paragraph ids-paragraph ids-paragraph--default\">Gdyby niemieckie firmy nie musia\u0142y konkurowa\u0107 z podmiotami gospodarczymi ze wspominanych kraj\u00f3w, w\u00f3wczas wcielana w \u017cycie przez Angel\u0119 Merkel transformacja jako\u015b trzyma\u0142aby si\u0119 kupy. Ale musz\u0105.<\/p>\n<p class=\"typography ids-typeset-body ids-typeset-body--preset-large link paragraph ids-paragraph ids-paragraph--default\">\u015awiadomo\u015b\u0107 tego sprawia, \u017ce najbardziej energoch\u0142onne niemieckie firmy zacz\u0119\u0142y relokowa\u0107 produkcj\u0119 do ta\u0144szych kraj\u00f3w, tam oferuj\u0105c miejsca pracy i p\u0142ac\u0105c podatki. R\u00f3wnie\u017c zagraniczni inwestorzy, jak hutniczy gigant ArcelorMittal redukuj\u0105 produkcj\u0119 i zatrudnienie w RFN. Na d\u0142u\u017csz\u0105 met\u0119 od przewlek\u0142ej recesji i ucieczki przemys\u0142u gorsza jest jednak pu\u0142apka, jak\u0105 Niemcy zastawili sami na siebie.<\/p>\n<p class=\"typography ids-typeset-body ids-typeset-body--preset-large link paragraph ids-paragraph ids-paragraph--default\">Nie tylko wygasili elektrownie j\u0105drowe, ale te\u017c rozpocz\u0119li ich demonta\u017c. Reaktywacja tych obiekt\u00f3w sta\u0142a si\u0119 w\u0142a\u015bciwie niemo\u017cliwa. R\u00f3wnie\u017c proces wygaszania elektrowni w\u0119glowych robi si\u0119 nieodwracalny. Za\u015b powr\u00f3t do taniego gazu z Rosji te\u017c prezentuje si\u0119 jako bardzo trudny. Zreszt\u0105 to nie rozwi\u0105za\u0142oby ju\u017c problemu.<\/p>\n<p class=\"typography ids-typeset-body ids-typeset-body--preset-large link paragraph ids-paragraph ids-paragraph--default\">Berlin zrobi\u0142 dok\u0142adnie wszystko, aby odwr\u00f3t od Energiewende okaza\u0142 si\u0119 niemo\u017cliwy. Jednocze\u015bnie dalsza transformacja wymaga nie tylko rozbudowy mocy OZE, ale te\u017c magazyn\u00f3w energii i jeszcze dro\u017cszej sieci elektrolizer\u00f3w do pozyskiwania &#8222;zielonego&#8221; wodoru z wody. Nota bene dwukrotnie dro\u017cszego od tego uzyskiwanego z gazu.<\/p>\n<p class=\"typography ids-typeset-body ids-typeset-body--preset-large link paragraph ids-paragraph ids-paragraph--default\">Im dalej w Energiewende, tym robi si\u0119 dro\u017cej i dro\u017cej. Dlatego te\u017c od 15 lat ros\u0142a w Niemczech liczba op\u0142at dodawanych do rachunk\u00f3w za pr\u0105d, kt\u00f3re musieli p\u0142aci\u0107 konsumenci. Poza kosztami wytwarzania to drugi pow\u00f3d, czemu jest tak drogo. I w tym miejscu ko\u0142o nieszcz\u0119\u015b\u0107 si\u0119 domyka.<\/p>\n<p class=\"typography ids-typeset-body ids-typeset-body--preset-large link paragraph ids-paragraph ids-paragraph--default\">Jedyne wyj\u015bcie z tej pu\u0142apki, jakie dostrzeg\u0142 kanclerz Merz, to pot\u0119\u017cne subsydia, zad\u0142u\u017canie si\u0119 i nadzieja, \u017ce przyniesie to gospodarcze o\u017cywienie. Ono za\u015b wygeneruje \u015brodki na doko\u0144czenie transformacji. Je\u015bli si\u0119 myli, w\u00f3wczas za kilka lat niemieckie firmy ostatecznie zderz\u0105 si\u0119 z chi\u0144sk\u0105, ameryka\u0144sk\u0105 i indyjsk\u0105 \u015bcian\u0105.<\/p>\n<p class=\"typography ids-typeset-body ids-typeset-body--preset-large link paragraph ids-paragraph ids-paragraph--default\">Niestety Polska nie b\u0119dzie mog\u0142a z oboj\u0119tno\u015bci\u0105 przygl\u0105da\u0107 si\u0119 temu, zapewne przykremu widokowi. To jak przekszta\u0142cany jest system energetyczny w III RP, stanowi niemal kopi\u0119 Energiewende. W\u0142\u0105cznie z po\u015bpieszn\u0105 rozbudow\u0105 elektrowni gazowych i wygaszaniem w\u0119glowych.<\/p>\n<p class=\"typography ids-typeset-body ids-typeset-body--preset-large link paragraph ids-paragraph ids-paragraph--default\">Jedyna, istotna pr\u00f3ba odr\u00f3\u017cnienia si\u0119 to budowa pojedynczej elektrowni j\u0105drowej. Zatem odr\u00f3\u017cnienie si\u0119 nast\u0105pi za 15-20 lat albo i nie nast\u0105pi. A gdy co\u015b jest bli\u017aniaczo podobne, to i efekty musz\u0105 by\u0107 bli\u017aniacze.<\/p>\n<p>&#8222;Trzeba by\u0142o tak od pocz\u0105tku&#8221;. Pa\u0142ac prezydencki reaguje na propozycj\u0119 premieraPolsat NewsPolsat News<\/p>\n<p><a class=\"ids-undecorated-link source ids-page-info--source__link\" href=\"https:\/\/www.interia.pl\" rel=\"nofollow noopener\" target=\"_blank\"><img decoding=\"async\" class=\"ids-image-holder__img\" loading=\"lazy\" alt=\"\" title=\"\" height=\"24px\" src=\"https:\/\/www.europesays.com\/pl\/wp-content\/uploads\/2025\/12\/1767151880_413_0009A60QQ5I2TYF7-C202-F4.webp.webp\"\/><\/a><\/p>\n<p>Masz sugestie, uwagi albo widzisz b\u0142\u0105d? Napisz do nas<\/p>\n","protected":false},"excerpt":{"rendered":"&#8211; Nasz system energetyczny stanie si\u0119 najbardziej efektywnym i przyjaznym dla \u015brodowiska na \u015bwiecie &#8211; o\u015bwiadczy\u0142a 6 wrze\u015bnia&hellip;\n","protected":false},"author":2,"featured_media":180118,"comment_status":"","ping_status":"","sticky":false,"template":"","format":"standard","meta":{"footnotes":""},"categories":[14],"tags":[32,33,27,34,35,28,31,25,40,41,80,29,30,26,82,83,84],"class_list":{"0":"post-180117","1":"post","2":"type-post","3":"status-publish","4":"format-standard","5":"has-post-thumbnail","7":"category-swiat","8":"tag-breaking-news","9":"tag-breakingnews","10":"tag-headlines","11":"tag-latest-news","12":"tag-latestnews","13":"tag-naglowki","14":"tag-najwazniejsze-artykuly","15":"tag-news","16":"tag-polish","17":"tag-polski","18":"tag-swiat","19":"tag-top-stories","20":"tag-topstories","21":"tag-wiadomosci","22":"tag-world","23":"tag-world-news","24":"tag-worldnews"},"share_on_mastodon":{"url":"https:\/\/pubeurope.com\/@pl\/115814592937607540","error":""},"_links":{"self":[{"href":"https:\/\/www.europesays.com\/pl\/wp-json\/wp\/v2\/posts\/180117","targetHints":{"allow":["GET"]}}],"collection":[{"href":"https:\/\/www.europesays.com\/pl\/wp-json\/wp\/v2\/posts"}],"about":[{"href":"https:\/\/www.europesays.com\/pl\/wp-json\/wp\/v2\/types\/post"}],"author":[{"embeddable":true,"href":"https:\/\/www.europesays.com\/pl\/wp-json\/wp\/v2\/users\/2"}],"replies":[{"embeddable":true,"href":"https:\/\/www.europesays.com\/pl\/wp-json\/wp\/v2\/comments?post=180117"}],"version-history":[{"count":0,"href":"https:\/\/www.europesays.com\/pl\/wp-json\/wp\/v2\/posts\/180117\/revisions"}],"wp:featuredmedia":[{"embeddable":true,"href":"https:\/\/www.europesays.com\/pl\/wp-json\/wp\/v2\/media\/180118"}],"wp:attachment":[{"href":"https:\/\/www.europesays.com\/pl\/wp-json\/wp\/v2\/media?parent=180117"}],"wp:term":[{"taxonomy":"category","embeddable":true,"href":"https:\/\/www.europesays.com\/pl\/wp-json\/wp\/v2\/categories?post=180117"},{"taxonomy":"post_tag","embeddable":true,"href":"https:\/\/www.europesays.com\/pl\/wp-json\/wp\/v2\/tags?post=180117"}],"curies":[{"name":"wp","href":"https:\/\/api.w.org\/{rel}","templated":true}]}}