{"id":180173,"date":"2025-12-31T14:48:05","date_gmt":"2025-12-31T14:48:05","guid":{"rendered":"https:\/\/www.europesays.com\/pl\/180173\/"},"modified":"2025-12-31T14:48:05","modified_gmt":"2025-12-31T14:48:05","slug":"byly-minister-rolnictwa-z-aktem-oskarzenia","status":"publish","type":"post","link":"https:\/\/www.europesays.com\/pl\/180173\/","title":{"rendered":"By\u0142y minister rolnictwa z aktem oskar\u017cenia"},"content":{"rendered":"<p>Poza Ardanowskim prokuratura oskar\u017cy\u0142a Tadeusza R., sekretarza stanu w\u00a0Ministerstwie Rolnictwa i\u00a0Rozwoju Wsi w\u00a0latach 2018 &#8211;\u00a02019 i\u00a0prezesa sp\u00f3\u0142dzielni Mleczarskiej Bielmek Piotra S., dyrektora generalnego Krajowego O\u015brodka Wsparcia Rolnictwa w\u00a0latach 2018 \u2013\u00a02019 oraz Grzegorza P., dyrektora generalnego KOWR w\u00a0latach 2019 \u2013\u00a02020.<\/p>\n<p>Aktem oskar\u017cenia obj\u0119to \u0142\u0105cznie 19 podejrzanych, w\u00a0tym cz\u0142onk\u00f3w zarz\u0105du sp\u00f3\u0142ki Eskimos S.A. i\u00a0osoby z\u00a0nimi wsp\u00f3\u0142pracuj\u0105ce.<\/p>\n<p>Pierwszy zarzut wobec Ardanowskiego i\u00a0R. dotyczy doprowadzenia do udzielenia sp\u00f3\u0142ce Eskimos S.A. gwarancji bankowych i\u00a0kredytowych na \u0142\u0105czn\u0105 kwot\u0119 100 mln z\u0142, mimo tego, i\u017c wiedzieli o\u00a0z\u0142ej kondycji finansowej sp\u00f3\u0142ki, jej zad\u0142u\u017ceniu oraz braku odpowiedniego zaplecza technicznego i\u00a0do\u015bwiadczenia w\u00a0prowadzeniu skupu i\u00a0przetw\u00f3rstwa jab\u0142ek w\u00a0skali ca\u0142ego kraju.<\/p>\n<p>&#8222;Zalej\u0105 nas. To\u00a0b\u0119dzie koniec&#8221;. Rolnicy bij\u0105 na\u00a0alarm <\/p>\n<p>Drugi zarzut dotyczy umo\u017cliwienia udzielenia przez KOWR gwarancji kredytowej w\u00a0wysoko\u015bci do 30 mln z\u0142 dla Sp\u00f3\u0142dzielni Mleczarskiej Bielmlek. Decyzja ta zosta\u0142a podj\u0119ta mimo \u015bwiadomo\u015bci bardzo z\u0142ej sytuacji finansowej sp\u00f3\u0142dzielni oraz jej problem\u00f3w ze sp\u0142at\u0105 zobowi\u0105za\u0144.<\/p>\n<p>Oskar\u017cenie dotyczy czyn\u00f3w z\u00a0art. 231 Kodeksu karnego (przekroczenie uprawnie\u0144 lub niedope\u0142nienie obowi\u0105zk\u00f3w urz\u0119dniczych &#8211;\u00a0red.) zagro\u017conych kar\u0105 pozbawienia wolno\u015bci od roku do lat 10.<\/p>\n<p>Sam Ardanowski zabra\u0142 g\u0142os w\u00a0tej sprawie kilka dni temu, jeszcze przed formalnym dopi\u0119ciem aktu oskar\u017cenia. &#8211;\u00a0To ods\u0142ona \u017cenuj\u0105cego spektaklu. To pr\u00f3ba rozliczenia mnie za decyzje z\u00a02018 roku. By\u0142y to decyzje dotycz\u0105ce ratowania polskich sadownik\u00f3w. Domagam si\u0119, \u017ceby sprawa interwencji na rynku jab\u0142ek oraz przej\u0119cia jednej ze sp\u00f3\u0142dzielni mleczarskiej trafi\u0142a do s\u0105du &#8211; m\u00f3wi\u0142 kilka dni temu w\u00a0podca\u015bcie Nam Zale\u017cy Ardanowski.<\/p>\n<p>\u017ar\u00f3d\u0142o: prokuratura.gov.pl<\/p>\n","protected":false},"excerpt":{"rendered":"Poza Ardanowskim prokuratura oskar\u017cy\u0142a Tadeusza R., sekretarza stanu w\u00a0Ministerstwie Rolnictwa i\u00a0Rozwoju Wsi w\u00a0latach 2018 &#8211;\u00a02019 i\u00a0prezesa sp\u00f3\u0142dzielni Mleczarskiej&hellip;\n","protected":false},"author":2,"featured_media":180174,"comment_status":"","ping_status":"","sticky":false,"template":"","format":"standard","meta":{"footnotes":""},"categories":[12],"tags":[32,33,36,37,27,34,35,28,31,25,42,38,40,39,41,29,30,26],"class_list":{"0":"post-180173","1":"post","2":"type-post","3":"status-publish","4":"format-standard","5":"has-post-thumbnail","7":"category-polska","8":"tag-breaking-news","9":"tag-breakingnews","10":"tag-featured-news","11":"tag-featurednews","12":"tag-headlines","13":"tag-latest-news","14":"tag-latestnews","15":"tag-naglowki","16":"tag-najwazniejsze-artykuly","17":"tag-news","18":"tag-pl","19":"tag-poland","20":"tag-polish","21":"tag-polska","22":"tag-polski","23":"tag-top-stories","24":"tag-topstories","25":"tag-wiadomosci"},"share_on_mastodon":{"url":"https:\/\/pubeurope.com\/@pl\/115814734405735674","error":""},"_links":{"self":[{"href":"https:\/\/www.europesays.com\/pl\/wp-json\/wp\/v2\/posts\/180173","targetHints":{"allow":["GET"]}}],"collection":[{"href":"https:\/\/www.europesays.com\/pl\/wp-json\/wp\/v2\/posts"}],"about":[{"href":"https:\/\/www.europesays.com\/pl\/wp-json\/wp\/v2\/types\/post"}],"author":[{"embeddable":true,"href":"https:\/\/www.europesays.com\/pl\/wp-json\/wp\/v2\/users\/2"}],"replies":[{"embeddable":true,"href":"https:\/\/www.europesays.com\/pl\/wp-json\/wp\/v2\/comments?post=180173"}],"version-history":[{"count":0,"href":"https:\/\/www.europesays.com\/pl\/wp-json\/wp\/v2\/posts\/180173\/revisions"}],"wp:featuredmedia":[{"embeddable":true,"href":"https:\/\/www.europesays.com\/pl\/wp-json\/wp\/v2\/media\/180174"}],"wp:attachment":[{"href":"https:\/\/www.europesays.com\/pl\/wp-json\/wp\/v2\/media?parent=180173"}],"wp:term":[{"taxonomy":"category","embeddable":true,"href":"https:\/\/www.europesays.com\/pl\/wp-json\/wp\/v2\/categories?post=180173"},{"taxonomy":"post_tag","embeddable":true,"href":"https:\/\/www.europesays.com\/pl\/wp-json\/wp\/v2\/tags?post=180173"}],"curies":[{"name":"wp","href":"https:\/\/api.w.org\/{rel}","templated":true}]}}