{"id":180275,"date":"2025-12-31T16:00:10","date_gmt":"2025-12-31T16:00:10","guid":{"rendered":"https:\/\/www.europesays.com\/pl\/180275\/"},"modified":"2025-12-31T16:00:10","modified_gmt":"2025-12-31T16:00:10","slug":"nowy-alert-rcb-dotyczy-dwoch-wojewodztw","status":"publish","type":"post","link":"https:\/\/www.europesays.com\/pl\/180275\/","title":{"rendered":"Nowy alert RCB. Dotyczy dw\u00f3ch wojew\u00f3dztw"},"content":{"rendered":"<p class=\"ods-c-paragraph \">&#8222;Uwaga! Dzi\u015b (31.12) zawieje, zamiecie \u015bnie\u017cne i silny wiatr. Trudne warunki drogowe, mo\u017cliwe przerwy w dostawie pr\u0105du. \u015aled\u017a komunikaty. Alert RCB w cz\u0119\u015bci woj. warmi\u0144sko-mazurskiego i mazowieckiego&#8221; \u2014 brzmi wpis RCB na platformie X.<\/p>\n<p> Jakie ostrze\u017cenia wyda\u0142o RCB? <\/p>\n<p> Jakie wojew\u00f3dztwa s\u0105 obj\u0119te alertem? <\/p>\n<p> Jakie s\u0105 trudne warunki na drogach? <\/p>\n<p> Gdzie wyst\u0119puj\u0105 \u015bnie\u017cne zamiecie? <\/p>\n<p class=\"ods-c-paragraph \">RCB na swojej stronie precyzuje, o jakie rejony chodzi. W woj. warmi\u0144sko-mazurskim s\u0105 to powiaty: braniewski, dzia\u0142dowski, Elbl\u0105g, elbl\u0105ski, i\u0142awski, lidzbarski, nidzicki, nowomiejski, Olsztyn, olszty\u0144ski i ostr\u00f3dzki. W woj. mazowieckim: m\u0142awski i \u017curomi\u0144ski.<\/p>\n<p class=\"ods-c-paragraph \">Od wtorku atak zimy parali\u017cuje ruch na drogach, zw\u0142aszcza na p\u00f3\u0142nocy kraju. Trasa S7 jest stopniowo udra\u017cniana. Po godz. 6 olszty\u0144ska policja poda\u0142a, \u017ce ruch w kierunku Gda\u0144ska odbywa si\u0119 ju\u017c p\u0142ynnie, spowolnienia mog\u0105 miejscami wyst\u0105pi\u0107 w kierunku Warszawy. &#8222;Policjanci monitoruj\u0105 sytuacj\u0119 i reaguj\u0105 na wszelkie utrudnienia&#8221; \u2014 zaznaczono w komunikacie. Bardzo trudne warunki panuj\u0105 r\u00f3wnie\u017c na innych drogach. S\u0142u\u017cby i ministerstwo infrastruktury apeluje, by zachowywa\u0107 szczeg\u00f3ln\u0105 ostro\u017cno\u015b\u0107, a je\u015bli jest taka mo\u017cliwo\u015b\u0107 \u2014 zrezygnowa\u0107 z podr\u00f3\u017cy.<\/p>\n<p class=\"ods-c-paragraph \">IMGW i RCB ostrzega\u0142y ju\u017c przed \u015bnie\u017cnymi zamieciami i oblodzeniem, zw\u0142aszcza w woj. warmi\u0144sko-mazurskim i pomorskim. Sie\u0107 obieg\u0142y zdj\u0119cia i filmy ukazuj\u0105ce warunki pogodowe w r\u00f3\u017cnych cz\u0119\u015bciach Polski.<\/p>\n","protected":false},"excerpt":{"rendered":"&#8222;Uwaga! Dzi\u015b (31.12) zawieje, zamiecie \u015bnie\u017cne i silny wiatr. Trudne warunki drogowe, mo\u017cliwe przerwy w dostawie pr\u0105du. \u015aled\u017a&hellip;\n","protected":false},"author":2,"featured_media":97591,"comment_status":"","ping_status":"","sticky":false,"template":"","format":"standard","meta":{"footnotes":""},"categories":[5],"tags":[13741,32,33,36,37,27,34,35,9494,28,31,48,25,2948,46,42,78,38,40,39,41,8250,47,25480,29,30,26,2339],"class_list":{"0":"post-180275","1":"post","2":"type-post","3":"status-publish","4":"format-standard","5":"has-post-thumbnail","7":"category-naglowki","8":"tag-alerty_rcb","9":"tag-breaking-news","10":"tag-breakingnews","11":"tag-featured-news","12":"tag-featurednews","13":"tag-headlines","14":"tag-latest-news","15":"tag-latestnews","16":"tag-mazowsze_wojewodztwo_mazowieckie","17":"tag-naglowki","18":"tag-najwazniejsze-artykuly","19":"tag-nat_styl","20":"tag-news","21":"tag-olsztyn","22":"tag-omp","23":"tag-pl","24":"tag-pogoda","25":"tag-poland","26":"tag-polish","27":"tag-polska","28":"tag-polski","29":"tag-rcb","30":"tag-screening_general","31":"tag-sniezyce","32":"tag-top-stories","33":"tag-topstories","34":"tag-wiadomosci","35":"tag-wojewodztwo_warminsko_mazurskie"},"share_on_mastodon":{"url":"https:\/\/pubeurope.com\/@pl\/115815017630034444","error":""},"_links":{"self":[{"href":"https:\/\/www.europesays.com\/pl\/wp-json\/wp\/v2\/posts\/180275","targetHints":{"allow":["GET"]}}],"collection":[{"href":"https:\/\/www.europesays.com\/pl\/wp-json\/wp\/v2\/posts"}],"about":[{"href":"https:\/\/www.europesays.com\/pl\/wp-json\/wp\/v2\/types\/post"}],"author":[{"embeddable":true,"href":"https:\/\/www.europesays.com\/pl\/wp-json\/wp\/v2\/users\/2"}],"replies":[{"embeddable":true,"href":"https:\/\/www.europesays.com\/pl\/wp-json\/wp\/v2\/comments?post=180275"}],"version-history":[{"count":0,"href":"https:\/\/www.europesays.com\/pl\/wp-json\/wp\/v2\/posts\/180275\/revisions"}],"wp:featuredmedia":[{"embeddable":true,"href":"https:\/\/www.europesays.com\/pl\/wp-json\/wp\/v2\/media\/97591"}],"wp:attachment":[{"href":"https:\/\/www.europesays.com\/pl\/wp-json\/wp\/v2\/media?parent=180275"}],"wp:term":[{"taxonomy":"category","embeddable":true,"href":"https:\/\/www.europesays.com\/pl\/wp-json\/wp\/v2\/categories?post=180275"},{"taxonomy":"post_tag","embeddable":true,"href":"https:\/\/www.europesays.com\/pl\/wp-json\/wp\/v2\/tags?post=180275"}],"curies":[{"name":"wp","href":"https:\/\/api.w.org\/{rel}","templated":true}]}}