{"id":180324,"date":"2025-12-31T16:51:07","date_gmt":"2025-12-31T16:51:07","guid":{"rendered":"https:\/\/www.europesays.com\/pl\/180324\/"},"modified":"2025-12-31T16:51:07","modified_gmt":"2025-12-31T16:51:07","slug":"spiecie-leszka-millera-z-anna-maria-zukowska-jest-pan-oblesnym-dziadem","status":"publish","type":"post","link":"https:\/\/www.europesays.com\/pl\/180324\/","title":{"rendered":"Spi\u0119cie Leszka Millera z Ann\u0105 Mari\u0105 \u017bukowsk\u0105. &#8222;Jest pan oble\u015bnym dziadem&#8221;"},"content":{"rendered":"<p class=\"ods-c-paragraph \">&#8222;Pod koniec roku pani \u017bukowska zaszczyci\u0142a mnie uwag\u0105, na kt\u00f3r\u0105 postanowi\u0142em odpowiedzie\u0107. Gwiazda Nowej Lewicy zwr\u00f3ci\u0142a si\u0119 do mnie per \u00bboble\u015bny dziadu\u00ab&#8221; \u2014 napisa\u0142 w \u015brod\u0119 na platformie X Leszek Miller.<\/p>\n<p class=\"ods-c-paragraph \">Jak doda\u0142 polityk, &#8222;po spojrzeniu w lustro pani\u0105 \u017bukowsk\u0105 musia\u0142y nawiedzi\u0107 okropne my\u015bli, skoro, gwa\u0142c\u0105c lewicowe zasady, nie tylko wytkn\u0119\u0142a mi m\u00f3j podesz\u0142y wiek, ale jeszcze opatrzy\u0142a go przymiotnikiem \u00bboble\u015bny\u00ab&#8221;.<\/p>\n<p>Dalszy ci\u0105g artyku\u0142u pod materia\u0142em wideo<\/p>\n<p> O co posz\u0142o w sprzeczce Leszka Millera z Ann\u0105 Mari\u0105 \u017bukowsk\u0105? <\/p>\n<p> Jakie komentarze pad\u0142y z ust Anny Marii \u017bukowskiej? <\/p>\n<p> Co Leszek Miller napisa\u0142 w odpowiedzi na wpis \u017bukowskiej? <\/p>\n<p> Kiedy Leszek Miller wspomnia\u0142 Brigitte Bardot? <\/p>\n<p>  Leszek Miller wspomnia\u0142 Brigitte Bardot<\/p>\n<p class=\"ods-c-paragraph \">Sprawa dotyczy wpisu Millera z 29 grudnia, <a href=\"https:\/\/www.onet.pl\/kultura\/onetkultura\/brigitte-bardot-nie-zyje-legendarna-aktorka-odeszla-w-wieku-91-lat\/fyf0e82,681c1dfa\" id=\"a6630f50-4f96-4267-9b28-979f31feac57\" rel=\"nofollow noopener\" target=\"_blank\">kt\u00f3ry po\u015bwi\u0119ci\u0142 zmar\u0142ej dzie\u0144 wcze\u015bniej Brigitte Bardot<\/a>. By\u0142y premier przywo\u0142a\u0142 wypowied\u017a aktorki: &#8222;Nigdy nie by\u0142am ofiar\u0105 molestowania seksualnego. Uwa\u017ca\u0142am, \u017ce mi\u0142o jest s\u0142ysze\u0107, \u017ce jestem pi\u0119kna albo \u017ce mam \u0142adny ty\u0142ek&#8221; \u2014 brzmia\u0142 cytat. W odpowiedzi \u017bukowska napisa\u0142a, \u017ce &#8222;ch\u0119tnie by\u015b j\u0105 klepn\u0105\u0142 znienacka w ty\u0142ek i powiedzia\u0142 \u00bbhehe\u00ab, oble\u015bny dziadu&#8221;.<\/p>\n<p>    Anna Maria \u017bukowska reaguje na wpis Leszka Millera<\/p>\n<p class=\"ods-c-paragraph \">Pos\u0142anka Lewicy zareagowa\u0142a tak\u017ce na najnowszy wpis premiera: &#8222;M\u00f3j ty\u0142ek te\u017c pan komentowa\u0142, co wiem od jednej z kole\u017canek zasiadaj\u0105cych wtedy z panem w prezydium. St\u0105d wiem, \u017ce jest pan oble\u015bnym, seksistowskim dziadem. I nie jestem jedyn\u0105 kobiet\u0105 z SLD, kt\u00f3ra to wie z w\u0142asnych do\u015bwiadcze\u0144. Pa\u0144skie seksistowskie teksty s\u0105 legendarne&#8221; \u2014 odpowiedzia\u0142a na platformie X \u017bukowska.<\/p>\n<p class=\"ods-c-paragraph \">\u017bukowska z ramienia Lewicy zasiada w Sejmie nieprzerwanie od 2019 r. Leszek Miller od maja 2024 r., gdy wygas\u0142 mu mandat europos\u0142a, jest na politycznej emeryturze.<\/p>\n","protected":false},"excerpt":{"rendered":"&#8222;Pod koniec roku pani \u017bukowska zaszczyci\u0142a mnie uwag\u0105, na kt\u00f3r\u0105 postanowi\u0142em odpowiedzie\u0107. Gwiazda Nowej Lewicy zwr\u00f3ci\u0142a si\u0119 do&hellip;\n","protected":false},"author":2,"featured_media":180325,"comment_status":"","ping_status":"","sticky":false,"template":"","format":"standard","meta":{"footnotes":""},"categories":[22],"tags":[1658,14561,122,49,6857,4463,48,46,42,38,40,39,41,123,47],"class_list":{"0":"post-180324","1":"post","2":"type-post","3":"status-publish","4":"format-standard","5":"has-post-thumbnail","7":"category-rozrywka","8":"tag-anna_maria_zukowska","9":"tag-brigitte_bardot","10":"tag-entertainment","11":"tag-kraj","12":"tag-leszek_miller","13":"tag-lewica","14":"tag-nat_styl","15":"tag-omp","16":"tag-pl","17":"tag-poland","18":"tag-polish","19":"tag-polska","20":"tag-polski","21":"tag-rozrywka","22":"tag-screening_general"},"share_on_mastodon":{"url":"https:\/\/pubeurope.com\/@pl\/115815218533347809","error":""},"_links":{"self":[{"href":"https:\/\/www.europesays.com\/pl\/wp-json\/wp\/v2\/posts\/180324","targetHints":{"allow":["GET"]}}],"collection":[{"href":"https:\/\/www.europesays.com\/pl\/wp-json\/wp\/v2\/posts"}],"about":[{"href":"https:\/\/www.europesays.com\/pl\/wp-json\/wp\/v2\/types\/post"}],"author":[{"embeddable":true,"href":"https:\/\/www.europesays.com\/pl\/wp-json\/wp\/v2\/users\/2"}],"replies":[{"embeddable":true,"href":"https:\/\/www.europesays.com\/pl\/wp-json\/wp\/v2\/comments?post=180324"}],"version-history":[{"count":0,"href":"https:\/\/www.europesays.com\/pl\/wp-json\/wp\/v2\/posts\/180324\/revisions"}],"wp:featuredmedia":[{"embeddable":true,"href":"https:\/\/www.europesays.com\/pl\/wp-json\/wp\/v2\/media\/180325"}],"wp:attachment":[{"href":"https:\/\/www.europesays.com\/pl\/wp-json\/wp\/v2\/media?parent=180324"}],"wp:term":[{"taxonomy":"category","embeddable":true,"href":"https:\/\/www.europesays.com\/pl\/wp-json\/wp\/v2\/categories?post=180324"},{"taxonomy":"post_tag","embeddable":true,"href":"https:\/\/www.europesays.com\/pl\/wp-json\/wp\/v2\/tags?post=180324"}],"curies":[{"name":"wp","href":"https:\/\/api.w.org\/{rel}","templated":true}]}}