{"id":180391,"date":"2025-12-31T17:44:09","date_gmt":"2025-12-31T17:44:09","guid":{"rendered":"https:\/\/www.europesays.com\/pl\/180391\/"},"modified":"2025-12-31T17:44:09","modified_gmt":"2025-12-31T17:44:09","slug":"azoty-pulawy-chca-produkowac-komponenty-do-amunicji-zwiazkowcy-pisza-do-tuska","status":"publish","type":"post","link":"https:\/\/www.europesays.com\/pl\/180391\/","title":{"rendered":"Azoty Pu\u0142awy chc\u0105 produkowa\u0107 komponenty do amunicji. Zwi\u0105zkowcy pisz\u0105 do Tuska"},"content":{"rendered":"\n<p>List do premiera Donalda Tuska z\u00a0\u017c\u0105daniem pilnej interwencji w\u00a0sprawie Grupy Azoty Pu\u0142awy wys\u0142a\u0142a organizacja mi\u0119dzyzak\u0142adowa NSZZ Solidarno\u015b\u0107 w\u00a0Grupie Azoty Pu\u0142awy.<\/p>\n<p>&#8222;W Pu\u0142awach, zamiast inwestycji obserwujemy proces zwijania fabryki&#8221; \u2013\u00a0napisali zwi\u0105zkowcy w\u00a0li\u015bcie, kt\u00f3ry w\u00a0\u015brod\u0119 otrzyma\u0142a PAP.<\/p>\n<blockquote><p>Pu\u0142awy by\u0142y najsilniejsz\u0105, najnowocze\u015bniejsz\u0105 i\u00a0najbardziej dochodow\u0105 sp\u00f3\u0142k\u0105 wchodz\u0105c\u0105 w\u00a0sk\u0142ad Grupy Azoty &#8211;\u00a0napisali zwi\u0105zkowcy.<\/p><\/blockquote>\n<p> <img role=\"presentation\" class=\"absolute left-1\/2 top-1\/2 max-h-[80%] max-w-[100px] -translate-x-1\/2 -translate-y-1\/2\" src=\"https:\/\/v.wpimg.pl\/ZXJfd3AudTkrBBIAbg54LGhcRlAxHQUrPgJGH2MAeGJoSQ1eIBI_K2UHAEVuBTY5KQMMXC0RPyoVERQdMgM9ejc\" loading=\"lazy\" decoding=\"async\"\/> <\/p>\n<p>Jak dodali, konsolidacja sektora polskiej chemii doprowadza do marginalizacji pu\u0142awskich zak\u0142ad\u00f3w.<\/p>\n<p>Milioner szczerze do\u00a0b\u00f3lu. &#8222;Czu\u0142em si\u0119 debilem&#8221; <\/p>\n<p>&#8222;Pu\u0142awy staj\u0105 si\u0119 jedynie zak\u0142adem produkcyjnym, pozbawionym realnych kompetencji decyzyjnych, w\u00a0pe\u0142ni uzale\u017cnionym od woli Tarnowa&#8221; \u2013\u00a0napisali. W\u00a0Tarnowie znajduje si\u0119 g\u0142\u00f3wna siedziba Grupy.<\/p>\n<p> <img role=\"presentation\" class=\"absolute left-1\/2 top-1\/2 max-h-[80%] max-w-[100px] -translate-x-1\/2 -translate-y-1\/2\" src=\"https:\/\/v.wpimg.pl\/ZXJfd3AudTkrBBIAbg54LGhcRlAxHQUrPgJGH2MAeGJoSQ1eIBI_K2UHAEVuBTY5KQMMXC0RPyoVERQdMgM9ejc\" loading=\"lazy\" decoding=\"async\"\/><\/p>\n<p> Fatalna sytuacja bran\u017cy chemicznej <\/p>\n<p>Zwi\u0105zkowcy wskazali, \u017ce sytuacja bran\u017cy chemicznej jest fatalna na skutek kosztownych unijnych regulacji klimatycznych oraz niekontrolowanego nap\u0142ywu tanich nawoz\u00f3w z\u00a0Rosji i\u00a0Bia\u0142orusi, kt\u00f3re &#8222;dewastuj\u0105 polski rynek&#8221;.<\/p>\n<p>Podkre\u015blaj\u0105, \u017ce &#8222;z niedowierzaniem i\u00a0gorycz\u0105&#8221; przyj\u0119li zapowied\u017a wicepremiera W\u0142adys\u0142awa Kosiniaka-Kamysza o\u00a0budowie w\u00a0Tarnowie fabryki nitrocelulozy i\u00a0proch\u00f3w wielobazowych oraz gwarancjach obioru produkcji przez Wojsko Polskie.<\/p>\n<p>&#8222;Tarn\u00f3w otrzymuje od rz\u0105du szans\u0119 na dywersyfikacj\u0119 \u2013 uniezale\u017cnienie si\u0119 od trudnych rynk\u00f3w, kt\u00f3re pod presj\u0105 regulacji klimatycznych UE staj\u0105 si\u0119 coraz mniej rentowne. Ten region dostaje \u00bbko\u0142o ratunkowe\u00ab w\u00a0postaci bezpiecznych zam\u00f3wie\u0144 dla zbrojeni\u00f3wki&#8221; \u2013\u00a0napisali.<\/p>\n<p> <img role=\"presentation\" class=\"absolute left-1\/2 top-1\/2 max-h-[80%] max-w-[100px] -translate-x-1\/2 -translate-y-1\/2\" src=\"https:\/\/v.wpimg.pl\/ZXJfd3AudTkrBBIAbg54LGhcRlAxHQUrPgJGH2MAeGJoSQ1eIBI_K2UHAEVuBTY5KQMMXC0RPyoVERQdMgM9ejc\" loading=\"lazy\" decoding=\"async\"\/> <\/p>\n<p>Natomiast w\u00a0Pu\u0142awach, jak pisz\u0105, kluczowe instalacje kaprolaktamu i\u00a0melaminy pozostaj\u0105 wy\u0142\u0105czone.<\/p>\n<p>&#8222;Dlaczego Pu\u0142awy posiadaj\u0105ce pot\u0119\u017cne zaplecze chemiczne, energetyczne, wykwalifikowan\u0105 kadr\u0119 in\u017cyniersk\u0105 oraz zaplecze naukowe s\u0105 pomijane przy lokowaniu produkcji komponent\u00f3w do amunicji? Dlaczego maj\u0105c infrastruktur\u0119 i\u00a0tereny inwestycyjne, jeste\u015bmy traktowani jako zak\u0142ad drugiej kategorii? Dlaczego potencja\u0142 Pu\u0142aw nie jest brany pod uwag\u0119 przy budowie polskiego potencja\u0142u obronnego?&#8221; &#8211;\u00a0napisali w\u00a0li\u015bcie zwi\u0105zkowcy.<\/p>\n<p> <a href=\"https:\/\/www.money.pl\/gospodarka\/gigant-w-tarapatach-przez-ceny-gazu-azoty-pulawy-wstrzymuja-produkcje-melaminy-7045560021760704a.html\" class=\"teaser-inline\" rel=\"nofollow noopener\" target=\"_blank\">  <img decoding=\"async\" src=\"https:\/\/www.europesays.com\/pl\/wp-content\/uploads\/2025\/12\/Yzc4Y2RmdhsCVi8BfRZ7DkEOe1s7T3VYFhZjEH1ca0JTTHZUOwE8CAZENhw1HywKAkMpHCIBdhsTXXZEY0I9ExBENVMrQjwXAVE9.jpeg\" width=\"0\" height=\"0\" loading=\"lazy\" class=\"wp-media-image cropped\" alt=\"Gigant w tarapatach przez ceny gazu. Azoty Pu\u0142awy wstrzymuj\u0105 produkcj\u0119 melaminy\"\/><\/p>\n<p>Gigant w tarapatach przez ceny gazu. Azoty Pu\u0142awy wstrzymuj\u0105 produkcj\u0119 melaminy<\/p>\n<p><\/a> <img role=\"presentation\" class=\"absolute left-1\/2 top-1\/2 max-h-[80%] max-w-[100px] -translate-x-1\/2 -translate-y-1\/2\" src=\"https:\/\/v.wpimg.pl\/ZXJfd3AudTkrBBIAbg54LGhcRlAxHQUrPgJGH2MAeGJoSQ1eIBI_K2UHAEVuBTY5KQMMXC0RPyoVERQdMgM9ejc\" loading=\"lazy\" decoding=\"async\"\/><\/p>\n<p>Wiod\u0105c zak\u0142ad nawozowy w\u00a0Polsce <\/p>\n<p>W za\u0142\u0105czonym do listu komunikacie prasowym przewodnicz\u0105cy NSZZ &#8222;Solidarno\u015b\u0107&#8221; ZA Pu\u0142awy Piotr \u015aliwa przypomnia\u0142, \u017ce przez lata Pu\u0142awy by\u0142y wiod\u0105cym zak\u0142adem nawozowym w\u00a0Polsce.<\/p>\n<p>Dodali, \u017ce kiedy trzeba by\u0142o ratowa\u0107 zak\u0142ady w\u00a0Tarnowie przed wrogim przej\u0119ciem przez rosyjski Acron, politycy wykorzystali do tego pu\u0142awskie Azoty, a\u00a0skutki tamtych decyzji w\u00a0Pu\u0142awach odczuwane s\u0105 do dzi\u015b.<\/p>\n<blockquote><p>Czy o\u00a0rozwoju gospodarczym Polski i\u00a0lokalizacji fabryk amunicji decyduje rachunek ekonomiczny i\u00a0kompetencje, czy geografia wyborcza? Mamy wra\u017cenie, \u017ce jeste\u015bmy traktowani jak zak\u0142ad drugiej kategorii tylko dlatego, \u017ce \u017caden wicepremier nie kandyduje z\u00a0naszego okr\u0119gu \u2013\u00a0doda\u0142 \u015aliwa.<\/p><\/blockquote>\n<p> <img role=\"presentation\" class=\"absolute left-1\/2 top-1\/2 max-h-[80%] max-w-[100px] -translate-x-1\/2 -translate-y-1\/2\" src=\"https:\/\/v.wpimg.pl\/ZXJfd3AudTkrBBIAbg54LGhcRlAxHQUrPgJGH2MAeGJoSQ1eIBI_K2UHAEVuBTY5KQMMXC0RPyoVERQdMgM9ejc\" loading=\"lazy\" decoding=\"async\"\/> <\/p>\n<p>List adresowany do premiera skierowany zosta\u0142 te\u017c do wiadomo\u015bci m.in. prezydenta RP Karola Nawrockiego, wicepremiera W\u0142adys\u0142awa Kosiniaka-Kamysza, ministra aktyw\u00f3w pa\u0144stwowych Wojciecha Balczuna oraz wszystkich parlamentarzyst\u00f3w z\u00a0regionu lubelskiego.<\/p>\n<p>Rzecznik Prasowy Grupy Azoty Grzegorz Kulik w\u00a0odpowiedzi na pro\u015bb\u0119 PAP o\u00a0komentarz w\u00a0tej sprawie napisa\u0142, \u017ce zarz\u0105d otwarty na dalsz\u0105 wsp\u00f3\u0142prac\u0119 i\u00a0dialog ze zwi\u0105zkami zawodowymi dotycz\u0105cy transformacji biznesowej Grupy Azoty.<\/p>\n<p>&#8211; Pragniemy zaznaczy\u0107, \u017ce zgodnie z\u00a0realizowan\u0105 strategi\u0105 biznesow\u0105 do 2030 roku obszar nawozowy jest g\u0142\u00f3wnym filarem rozwoju Grupy Azoty, a\u00a0pu\u0142awskie Azoty maj\u0105 w\u00a0tym obszarze najwi\u0119ksze zdolno\u015bci produkcyjne i\u00a0kompetencje handlowe, kt\u00f3re s\u0105 i\u00a0b\u0119d\u0105 wykorzystywane i\u00a0rozwijane \u2013\u00a0zaznaczy\u0142.<\/p>\n<p> <img role=\"presentation\" class=\"absolute left-1\/2 top-1\/2 max-h-[80%] max-w-[100px] -translate-x-1\/2 -translate-y-1\/2\" src=\"https:\/\/v.wpimg.pl\/ZXJfd3AudTkrBBIAbg54LGhcRlAxHQUrPgJGH2MAeGJoSQ1eIBI_K2UHAEVuBTY5KQMMXC0RPyoVERQdMgM9ejc\" loading=\"lazy\" decoding=\"async\"\/> <\/p>\n<p>Zwr\u00f3ci\u0142 uwag\u0119, \u017ce obecna sytuacja finansowa i\u00a0inwestycyjna Grupy Azoty, w\u00a0tym Grupy Azoty Pu\u0142awy, powsta\u0142a na skutek wcze\u015bniejszych b\u0142\u0119dnych decyzji inwestycyjnych, biznesowych oraz personalnych i\u00a0wszystkie obecne dzia\u0142ania zarz\u0105du zmierzaj\u0105 do tego, aby t\u0119 sytuacj\u0119 poprawi\u0107 i\u00a0zapewni\u0107 dalsz\u0105 dzia\u0142alno\u015b\u0107.<\/p>\n<p>&#8211; Rozumiemy, \u017ce trudna sytuacja Grupy Azoty, a\u00a0w\u00a0tym Grupy Azoty Pu\u0142awy, wzbudza wiele emocji, kt\u00f3re na bie\u017c\u0105co staramy si\u0119 tonowa\u0107 i\u00a0wyja\u015bnia\u0107. Sytuacja ta, dla dobra Grupy Azoty, nie powinna by\u0107 jednak w\u00a0\u017cadnym razie wykorzystywana do cel\u00f3w politycznych \u2013\u00a0podkre\u015bli\u0142 Kulik.<\/p>\n<p>Jak zaznaczy\u0142, zarz\u0105d Grupy Azoty pozostaje w\u00a0sta\u0142ym dialogu ze stron\u0105 spo\u0142eczn\u0105, w\u00a0tym w\u00a0szczeg\u00f3lno\u015bci z\u00a0NSZZ Solidarno\u015b\u0107, czego wyrazem jest aktywny udzia\u0142 w\u00a0organizowanych przez ten zwi\u0105zek grudniowych rozmowach okr\u0105g\u0142ego sto\u0142u dotycz\u0105cych przysz\u0142o\u015bci polskiej chemii i\u00a0Grupy Azoty.<\/p>\n<p>Trudna sytuacja  <\/p>\n<p>Grupa Azoty Pu\u0142awy &#8211;\u00a0wchodz\u0105ca od 2012 r. w\u00a0sk\u0142ad Grupy Kapita\u0142owej Grupy Azoty &#8211;\u00a0to jeden z\u00a0najwi\u0119kszych producent\u00f3w nawoz\u00f3w azotowych w\u00a0Polsce, produkuje r\u00f3wnie\u017c melamin\u0119. W\u00a0pierwszej po\u0142owie 2025 roku Grupa Azoty Pu\u0142awy wypracowa\u0142a skonsolidowane przychody ze sprzeda\u017cy na poziomie ponad 2\u00a0mln z\u0142, co oznacza wzrost rok do roku o\u00a017,4 proc. Strata netto za pierwsze p\u00f3\u0142rocze wynios\u0142a 209 mln z\u0142 i\u00a0zmniejszy\u0142a si\u0119 o\u00a0127 mln z\u0142 w\u00a0por\u00f3wnaniu ze strat\u0105 z\u00a0pierwszego p\u00f3\u0142rocza 2024 r.<\/p>\n<p>Ca\u0142a Grupa Azoty, do kt\u00f3rej nale\u017c\u0105 pu\u0142awskie zak\u0142ady, w\u00a0pierwszych trzech kwarta\u0142ach 2025 r. odnotowa\u0142a przychody na poziomie 10,04 mld z\u0142, co oznacza wzrost o\u00a0ok. 2,1 proc. wobec 9,83 mld z\u0142 w\u00a0analogicznym okresie 2024 r. EBITDA Grupy wzros\u0142a z\u00a0-299 mln z\u0142 do 312 mln z\u0142, co przek\u0142ada si\u0119 na popraw\u0119 o\u00a0611 mln z\u0142. EBITDA po wy\u0142\u0105czeniu Grupy Azoty Polyolefins poprawi\u0142a si\u0119 z\u00a0-186 mln z\u0142 do 346 mln z\u0142, co oznacza wzrost o\u00a0532 mln z\u0142.<\/p>\n<p>Grupa Azoty to jedna z\u00a0kluczowych grup kapita\u0142owych bran\u017cy nawozowo-chemicznej w\u00a0Europie. Zajmuje drug\u0105 pozycj\u0119 w\u00a0Unii Europejskiej w\u00a0produkcji nawoz\u00f3w azotowych i\u00a0wielosk\u0142adnikowych, dzia\u0142a r\u00f3wnie\u017c na rynkach takich produkt\u00f3w, jak melamina, poliamid, alkohole OXO, plastyfikatory czy biel tytanowa. Grupa Azoty to sp\u00f3\u0142ka akcyjna, w\u00a0kt\u00f3rej Skarb Pa\u0144stwa jest najwi\u0119kszym akcjonariuszem &#8211;\u00a0posiada 33 proc. akcji.<\/p>\n","protected":false},"excerpt":{"rendered":"List do premiera Donalda Tuska z\u00a0\u017c\u0105daniem pilnej interwencji w\u00a0sprawie Grupy Azoty Pu\u0142awy wys\u0142a\u0142a organizacja mi\u0119dzyzak\u0142adowa NSZZ Solidarno\u015b\u0107 w\u00a0Grupie&hellip;\n","protected":false},"author":2,"featured_media":180392,"comment_status":"","ping_status":"","sticky":false,"template":"","format":"standard","meta":{"footnotes":""},"categories":[12],"tags":[32,33,36,37,27,34,35,28,31,25,42,38,40,39,41,29,30,26],"class_list":{"0":"post-180391","1":"post","2":"type-post","3":"status-publish","4":"format-standard","5":"has-post-thumbnail","7":"category-polska","8":"tag-breaking-news","9":"tag-breakingnews","10":"tag-featured-news","11":"tag-featurednews","12":"tag-headlines","13":"tag-latest-news","14":"tag-latestnews","15":"tag-naglowki","16":"tag-najwazniejsze-artykuly","17":"tag-news","18":"tag-pl","19":"tag-poland","20":"tag-polish","21":"tag-polska","22":"tag-polski","23":"tag-top-stories","24":"tag-topstories","25":"tag-wiadomosci"},"share_on_mastodon":{"url":"https:\/\/pubeurope.com\/@pl\/115815426546859705","error":""},"_links":{"self":[{"href":"https:\/\/www.europesays.com\/pl\/wp-json\/wp\/v2\/posts\/180391","targetHints":{"allow":["GET"]}}],"collection":[{"href":"https:\/\/www.europesays.com\/pl\/wp-json\/wp\/v2\/posts"}],"about":[{"href":"https:\/\/www.europesays.com\/pl\/wp-json\/wp\/v2\/types\/post"}],"author":[{"embeddable":true,"href":"https:\/\/www.europesays.com\/pl\/wp-json\/wp\/v2\/users\/2"}],"replies":[{"embeddable":true,"href":"https:\/\/www.europesays.com\/pl\/wp-json\/wp\/v2\/comments?post=180391"}],"version-history":[{"count":0,"href":"https:\/\/www.europesays.com\/pl\/wp-json\/wp\/v2\/posts\/180391\/revisions"}],"wp:featuredmedia":[{"embeddable":true,"href":"https:\/\/www.europesays.com\/pl\/wp-json\/wp\/v2\/media\/180392"}],"wp:attachment":[{"href":"https:\/\/www.europesays.com\/pl\/wp-json\/wp\/v2\/media?parent=180391"}],"wp:term":[{"taxonomy":"category","embeddable":true,"href":"https:\/\/www.europesays.com\/pl\/wp-json\/wp\/v2\/categories?post=180391"},{"taxonomy":"post_tag","embeddable":true,"href":"https:\/\/www.europesays.com\/pl\/wp-json\/wp\/v2\/tags?post=180391"}],"curies":[{"name":"wp","href":"https:\/\/api.w.org\/{rel}","templated":true}]}}