{"id":180414,"date":"2025-12-31T18:00:11","date_gmt":"2025-12-31T18:00:11","guid":{"rendered":"https:\/\/www.europesays.com\/pl\/180414\/"},"modified":"2025-12-31T18:00:11","modified_gmt":"2025-12-31T18:00:11","slug":"ps-w-skokach-slowenka-nika-prevc-wygrala-w-ga-pa-i-prowadzi-w-turnieju-dwoch-nocy-sport-tvp-pl","status":"publish","type":"post","link":"https:\/\/www.europesays.com\/pl\/180414\/","title":{"rendered":"P\u015a w skokach. S\u0142owenka Nika Prevc wygra\u0142a w Ga-Pa i prowadzi w Turnieju Dw\u00f3ch Nocy &#8211; sport.tvp.pl"},"content":{"rendered":"<ol>\n<li><a href=\"https:\/\/news.google.com\/rss\/articles\/CBMisAFBVV95cUxQR3A5Yi1PbmY2aHo4c0RCS3dHbmM0YzZCX2dXV0ZyTFJSQWR4dzZrOVBZT1g4am55cVFWMlNpU3dtaENLbjg5QnQzdldGZ0ZSOGZPQkF4Q1VpNDBsUEtETzlTVmhxN2tGNHdCX2dlTzhQZFRSd2p1M3VGME1qa1QtcnNnVW8zZFpZYTFEMUJhSnlnXzZIYkdHOFBYeEgzLWYyLU9HeHNwdFRwLUc5X2RhY9IBtgFBVV95cUxPV3dKOE1xR1YxQUo1d0VBMDE0QW96Z29zdlJLc0NZWmNEQWlRbkV6OWZSUl95bUZTNmxPVEtETVBUelVPd2FjWktBQ3daOEZWUnhNcFZNTUJ3M3hhd2wya3AtTV92Si1WRzFLSTVHZnpnOFhWR29pOWpJZ2FQMVBxVUZXQ1gwS2VfQUZta09NYjgzQzRPY3lEakxXV1dTeDNnaUFYdVk3RElwLU1zVEF3LVhPUk5hdw?oc=5\" target=\"_blank\" rel=\"nofollow noopener\">P\u015a w skokach. S\u0142owenka Nika Prevc wygra\u0142a w Ga-Pa i prowadzi w Turnieju Dw\u00f3ch Nocy<\/a>&nbsp;&nbsp;sport.tvp.pl<\/li>\n<li><a href=\"https:\/\/news.google.com\/rss\/articles\/CBMi1wFBVV95cUxQd3BOWGQxLUk3cDZ6c1gwaE5WaWsxcFY0T05zNU5sZkdBU21YRm9uZHZpanNvNDRSbW9tRWt3c0FLWmFxUkdqbFpXUGFUMWpYS2xVc0lKektVWUZfMnZlTU5NUGkyZG92cWRMdG1IZXJmZklRc2ZqNm4xSzhhWElWMVRXZ1pVUVBJalFBS200OGEwY05iY1ZNdndXUTFFMS0ySGVZZkV5dUptcVVEZ3FRWUNhZFNwRER2djFZRnpEQmduTEdUUEl6MGxxbWdkYVJ0Rm5YTmYzNA?oc=5\" target=\"_blank\" rel=\"nofollow noopener\">Kompromitacja FIS w Ga-Pa. &#8222;Podejrzenia&#8221;. Oto co si\u0119 sta\u0142o po konkursie<\/a>&nbsp;&nbsp;Przegl\u0105d Sportowy Onet<\/li>\n<li><a href=\"https:\/\/news.google.com\/rss\/articles\/CBMivgFBVV95cUxQVkZSOFVwMzE1UFdIS00zTjRJT3hFemJ1d08tOHBmRGJTOWY1dHFIQ291Z090RG51Q0VHQmR4RXc2YUI0dEFLSms5YVRwcGhFQVM4blU2eUxUUExyV3B6NldINTB2Ul84SENfRk9naURrRmFpQUx1LVJQTzFxVDd5Y19kbHh2N2ctdGlxLWw0Tm9NY042LU9nVGUzUDZiTFA5QmwtRnd4SlgwSWViNjBmRnN3SldpMU1NVXY5TUhR?oc=5\" target=\"_blank\" rel=\"nofollow noopener\">Sceny na skoczni w Garmisch-Partenkirchen. Polka w centrum uwagi<\/a>&nbsp;&nbsp;Sport w INTERIA.PL<\/li>\n<li><a href=\"https:\/\/news.google.com\/rss\/articles\/CBMitgJBVV95cUxNdDNfaEVpdzBMcURpdTJMOG1rbGZGdmdrd3RHbDM5U0llWUx0TWNMSG9WQS1rZXJzWWVJeUxuQVJIOEp0ZWJBT3JTMTdEaFZiaFlMcjJCSTZoQmhFTGxGUGRieUNfbEFvSnk2X0RLVWdVajBRM2tNZm1fVUFWNTNLemdKakFZcGRsSWpuVFlaektIcU0wN0JMYlJyMnBRbXVITndUQVlhaVJmRTNyYUNSS3RKX3J4QzNlLVEtQkdDM0YwQnJnekFYSWZlTk9EN05DN0VPcUVodldoUzhEV1Q3cWxrOXA1OXdaVDhpVmdKQXVIU3ZrTS1qYWNhN1VDZmNyT1JHN1QzZjNrNnoxRGQzMk9VTFdjZGdnUGxJcUgzX3ptclp3SGZRXzQ4emJaNVFsQUR5aGh3?oc=5\" target=\"_blank\" rel=\"nofollow noopener\">Nika Prevc jak brat Domen. Zabawi\u0142a si\u0119 z konkurencj\u0105<\/a>&nbsp;&nbsp;Eurosport Polska<\/li>\n<li><a href=\"https:\/\/news.google.com\/rss\/articles\/CBMinwFBVV95cUxNbHlXQkQwZWR4YU1WeXBMdjhMMXV2WjNrSjRrQW02c09KY0owQXZPQm9kbUExck4zWFp3ZGREQ29DY2Zmcl9UMlY0NHFyV1dKWnlVX3Q2bzVXZVJwZDI2VkM1QnpJczA0RDJERk9CS1dTLWlVd0lEUVM5UEhhZllYUU5ESkRrdjY1VmNJRWppU0dyQ2FGZHd5aEIyTWl6dlk?oc=5\" target=\"_blank\" rel=\"nofollow noopener\">Koniec \u015bwietnej serii. Trudny dzie\u0144 dla Polek<\/a>&nbsp;&nbsp;SportoweFakty<\/li>\n<\/ol>\n","protected":false},"excerpt":{"rendered":"P\u015a w skokach. S\u0142owenka Nika Prevc wygra\u0142a w Ga-Pa i prowadzi w Turnieju Dw\u00f3ch Nocy&nbsp;&nbsp;sport.tvp.pl Kompromitacja FIS w&hellip;\n","protected":false},"author":2,"featured_media":180415,"comment_status":"","ping_status":"","sticky":false,"template":"","format":"standard","meta":{"footnotes":""},"categories":[24],"tags":[32614,42,38,40,39,41,1538,127,334,126,35387],"class_list":{"0":"post-180414","1":"post","2":"type-post","3":"status-publish","4":"format-standard","5":"has-post-thumbnail","7":"category-sport","8":"tag-nika-prevc","9":"tag-pl","10":"tag-poland","11":"tag-polish","12":"tag-polska","13":"tag-polski","14":"tag-skoki-narciarskie","15":"tag-sport","16":"tag-sport-tvp-pl","17":"tag-sports","18":"tag-turniej-dwch-nocy"},"share_on_mastodon":{"url":"https:\/\/pubeurope.com\/@pl\/115815489546846899","error":""},"_links":{"self":[{"href":"https:\/\/www.europesays.com\/pl\/wp-json\/wp\/v2\/posts\/180414","targetHints":{"allow":["GET"]}}],"collection":[{"href":"https:\/\/www.europesays.com\/pl\/wp-json\/wp\/v2\/posts"}],"about":[{"href":"https:\/\/www.europesays.com\/pl\/wp-json\/wp\/v2\/types\/post"}],"author":[{"embeddable":true,"href":"https:\/\/www.europesays.com\/pl\/wp-json\/wp\/v2\/users\/2"}],"replies":[{"embeddable":true,"href":"https:\/\/www.europesays.com\/pl\/wp-json\/wp\/v2\/comments?post=180414"}],"version-history":[{"count":0,"href":"https:\/\/www.europesays.com\/pl\/wp-json\/wp\/v2\/posts\/180414\/revisions"}],"wp:featuredmedia":[{"embeddable":true,"href":"https:\/\/www.europesays.com\/pl\/wp-json\/wp\/v2\/media\/180415"}],"wp:attachment":[{"href":"https:\/\/www.europesays.com\/pl\/wp-json\/wp\/v2\/media?parent=180414"}],"wp:term":[{"taxonomy":"category","embeddable":true,"href":"https:\/\/www.europesays.com\/pl\/wp-json\/wp\/v2\/categories?post=180414"},{"taxonomy":"post_tag","embeddable":true,"href":"https:\/\/www.europesays.com\/pl\/wp-json\/wp\/v2\/tags?post=180414"}],"curies":[{"name":"wp","href":"https:\/\/api.w.org\/{rel}","templated":true}]}}