{"id":180452,"date":"2025-12-31T18:25:10","date_gmt":"2025-12-31T18:25:10","guid":{"rendered":"https:\/\/www.europesays.com\/pl\/180452\/"},"modified":"2025-12-31T18:25:10","modified_gmt":"2025-12-31T18:25:10","slug":"finlandia-uszkodzony-kabel-na-baltyku-transportowiec-fitburg-zatrzymany","status":"publish","type":"post","link":"https:\/\/www.europesays.com\/pl\/180452\/","title":{"rendered":"Finlandia. Uszkodzony kabel na Ba\u0142tyku, Transportowiec Fitburg zatrzymany"},"content":{"rendered":"<p>Jak poinformowa\u0142y fi\u0144skie dzienniki &#8222;Iltalehti&#8221; oraz &#8222;Ilta-Sanomat&#8221;, Fitburg\u00a0 liczy 132 metry. Zdaniem medi\u00f3w wyp\u0142yn\u0105\u0142 we wtorek z Petersburga i zmierza\u0142 do portu w Izraelu.<\/p>\n<p>\u00a0<\/p>\n<p>ZOBACZ: <a href=\"https:\/\/www.polsatnews.pl\/wiadomosc\/2025-12-31\/atak-zimy-u-sasiada-polski-ciezarowki-nie-przejada-przez-przejscie-graniczne\/\" rel=\"nofollow noopener\" target=\"_blank\">Atak zimy u s\u0105siada Polski. Ci\u0119\u017car\u00f3wki nie przejad\u0105 przez przej\u015bcie graniczne<\/a><\/p>\n<p>\u00a0<\/p>\n<p>Agencja Reutera przekaza\u0142a, \u017ce w \u015brod\u0119 dosz\u0142o do zatrzymania 14 cz\u0142onk\u00f3w za\u0142ogi transportowca. W\u015br\u00f3d nich mieli znajdowa\u0107 si\u0119 Rosjanie, Gruzini, Kazachowie i Azerowie. Statek p\u0142yn\u0105\u0142 natomiast pod bander\u0105 karaibskiego pa\u0144stwa St. Vincent i Grenadyny.<\/p>\n<p>Uszkodzone kable na dnie Ba\u0142tyku. Finlandia zatrzyma\u0142a podejrzany transportowiec<\/p>\n<p>Uszkodzenie kabla nale\u017c\u0105cego do fi\u0144skiej firmy telekomunikacyjnej Elisa zosta\u0142o wykryte ok. godz. 5 rano czasu miejscowego (ok. godz. 4 rano w Polsce). Elisa poinformowa\u0142a o tym incydencie fi\u0144sk\u0105 stra\u017c graniczn\u0105, kt\u00f3ra wys\u0142a\u0142a na miejsce zdarzenia jednostk\u0119 patrolow\u0105 i \u015bmig\u0142owiec.<\/p>\n<p>\u00a0<\/p>\n<p>Jak wskaza\u0142a agencja Reutera, nast\u0119pnie okaza\u0142o si\u0119, \u017ce kabel zosta\u0142 uszkodzony w obr\u0119bie w\u00f3d stanowi\u0105cych cz\u0119\u015b\u0107 wy\u0142\u0105cznej strefy ekonomicznej Estonii. W momencie zatrzymania Fitburg znajdowa\u0142 si\u0119 ju\u017c na wodach wy\u0142\u0105cznej strefy ekonomicznej Finlandii.<\/p>\n<p>\u00a0<\/p>\n<p>ZOBACZ: <a href=\"https:\/\/www.polsatnews.pl\/wiadomosc\/2025-12-31\/noworoczne-oredzie-putina-zwrocil-sie-bezposrednio-do-zolnierzy\/\" rel=\"nofollow noopener\" target=\"_blank\">Noworoczne or\u0119dzie Putina. Zwr\u00f3ci\u0142 si\u0119 bezpo\u015brednio do \u017co\u0142nierzy<\/a><\/p>\n<p>\u00a0<\/p>\n<p>Fi\u0144ska policja, kt\u00f3ra prowadzi \u015bledztwo w tej sprawie, poinformowa\u0142a, \u017ce statek mia\u0142 opuszczon\u0105 kotwic\u0119. Dochodzenie jest prowadzone w kierunku celowego pope\u0142nienia przest\u0119pstwa zniszczenia mienia, usi\u0142owania celowego pope\u0142nienia przest\u0119pstwa zniszczenia mienia oraz celowego zak\u0142\u00f3cenia \u0142\u0105czno\u015bci telekomunikacyjnej.<\/p>\n<p>Transportowiec Fitburg\u00a0 zatrzymany. Na pok\u0142adzie Rosjanie, Gruzini, Kazachowie i Azerowie<\/p>\n<p>Stanowisko w tej sprawie zaj\u0105\u0142 prezydent Finlandii Alexander Stubb, kt\u00f3ry o godz. 12 czasu polskiego poinformowa\u0142, \u017ce s\u0142u\u017cby przeprowadzi\u0142y inspekcj\u0119 statku. Zapewni\u0142, \u017ce funkcjonariusze w \u015bcis\u0142ej wsp\u00f3\u0142pracy z rz\u0105dem monitoruj\u0105 sytuacj\u0119 oraz poinformowa\u0142, \u017ce Finlandia &#8222;jest przygotowana&#8221; na r\u00f3\u017cne wyzwania, w tym r\u00f3wnie\u017c te z zakresu bezpiecze\u0144stwa.<\/p>\n<p>\u00a0<\/p>\n<p>ZOBACZ: <a href=\"https:\/\/www.polsatnews.pl\/wiadomosc\/2025-12-31\/statek-z-chin-plynie-wprost-na-amerykanskie-okrety-wojenne-nie-zmienil-kursu\/\" rel=\"nofollow noopener\" target=\"_blank\">Chiny testuj\u0105 USA. Pot\u0119\u017cny tankowiec p\u0142ynie w stron\u0119 Wenezueli<\/a><\/p>\n<p>\u00a0<\/p>\n<p>Stubb podzi\u0119kowa\u0142 tak\u017ce s\u0142u\u017cbom za sprawn\u0105 akcj\u0119. W swoim po\u015bcie oznaczy\u0142 m.in. fi\u0144sk\u0105 stra\u017c graniczn\u0105, si\u0142y zbrojne oraz urz\u0105d celny. Obecnie &#8211; w zwi\u0105zku z poleceniem slu\u017cb &#8211; Fitburg kotwiczy w pobli\u017cu p\u00f3\u0142wyspu Porkkala, kilkadziesi\u0105t kilometr\u00f3w na zach\u00f3d od Helsinek.<\/p>\n<p>Dwa kable uszkodzone mi\u0119dzy Estoni\u0105 a Finlandi\u0105. Trwa \u015bledztwo<\/p>\n<p>Ministerstwo sprawiedliwo\u015bci i cyfryzacji Estonii poinformowa\u0142o natomiast, \u017ce w \u015brod\u0119 uszkodzony zosta\u0142 tak\u017ce drugi kabel, b\u0119d\u0105cy w\u0142asno\u015bci\u0105 szwedzkiego operatora telekomunikacyjnego Arelion. Resort przekaza\u0142, \u017ce w ostatnich dniach wykryto r\u00f3wnie\u017c usterki w innych kablach, ale ich prawdopodobn\u0105 przyczyn\u0105 s\u0105 warunki pogodowe.<\/p>\n<p>\u00a0<\/p>\n<p>ZOBACZ: <a href=\"https:\/\/www.polsatnews.pl\/wiadomosc\/2025-12-31\/wydano-miliony-z-kowr-prokuratura-stawia-zarzuty-bylemu-ministrowi-rolnictwa\/\" rel=\"nofollow noopener\" target=\"_blank\">K\u0142opoty by\u0142ego ministra rolnictwa. Jest akt oskar\u017cenia<\/a><\/p>\n<p>\u00a0<\/p>\n<p>Wed\u0142ug szefa esto\u0144skiego rz\u0105du Kristena Michala &#8222;wst\u0119pne informacje&#8221; wskazuj\u0105 na to, \u017ce Fitburg &#8222;nie jest jednostk\u0105 floty cieni&#8221;. Poinformowa\u0142 jednak, \u017ce \u015bledztwo w sprawie trwa, a informacje s\u0105 gromadzone. Michal wskaza\u0142, \u017ce Estonia &#8222;pozostaje w bliskim kontakcie&#8221; z fi\u0144skimi s\u0142u\u017cbami. Rozmowy na temat \u015brodowego incydentu prowadzi\u0142 z nim premier Finlandii Petteri Orpo.<\/p>\n<p>\u00a0<\/p>\n<p>Widzia\u0142e\u015b co\u015b wa\u017cnego? Przy\u015blij zdj\u0119cie, film lub napisz, co si\u0119 sta\u0142o. Skorzystaj z naszej <a href=\"https:\/\/www.polsatnews.pl\/platforma-widzow\/\" target=\"_blank\" rel=\"noopener noreferrer nofollow\">Wrzutni<\/a><\/p>\n<p>                <img decoding=\"async\" src=\"https:\/\/www.europesays.com\/pl\/wp-content\/uploads\/2025\/12\/1767205510_449_vhtibjx9aegwpua7gmrq3cs3rabgix8f.jpg\" alt=\"\" itemprop=\"contentUrl\" style=\"position:absolute; width: 100%; max-height: 100%;\"\/><video controls=\"\" controlslist=\"nodownload\" poster=\"https:\/\/www.europesays.com\/pl\/wp-content\/uploads\/2025\/12\/1767205510_449_vhtibjx9aegwpua7gmrq3cs3rabgix8f.jpg\" class=\"videoPlayer player6856316 news__video\" data-id=\"6856316\">Twoja przegl\u0105darka nie wspiera odtwarzacza wideo&#8230;<\/video><\/p>\n<p>                <a class=\"news__read-more-button\" href=\"https:\/\/www.polsatnews.pl\/\" rel=\"nofollow noopener\" target=\"_blank\">Czytaj wi\u0119cej<\/a><\/p>\n","protected":false},"excerpt":{"rendered":"Jak poinformowa\u0142y fi\u0144skie dzienniki &#8222;Iltalehti&#8221; oraz &#8222;Ilta-Sanomat&#8221;, Fitburg\u00a0 liczy 132 metry. Zdaniem medi\u00f3w wyp\u0142yn\u0105\u0142 we wtorek z Petersburga&hellip;\n","protected":false},"author":2,"featured_media":180453,"comment_status":"","ping_status":"","sticky":false,"template":"","format":"standard","meta":{"footnotes":""},"categories":[14],"tags":[32,33,27,34,35,28,31,25,40,41,80,29,30,26,82,83,84],"class_list":{"0":"post-180452","1":"post","2":"type-post","3":"status-publish","4":"format-standard","5":"has-post-thumbnail","7":"category-swiat","8":"tag-breaking-news","9":"tag-breakingnews","10":"tag-headlines","11":"tag-latest-news","12":"tag-latestnews","13":"tag-naglowki","14":"tag-najwazniejsze-artykuly","15":"tag-news","16":"tag-polish","17":"tag-polski","18":"tag-swiat","19":"tag-top-stories","20":"tag-topstories","21":"tag-wiadomosci","22":"tag-world","23":"tag-world-news","24":"tag-worldnews"},"share_on_mastodon":{"url":"https:\/\/pubeurope.com\/@pl\/115815587826442609","error":""},"_links":{"self":[{"href":"https:\/\/www.europesays.com\/pl\/wp-json\/wp\/v2\/posts\/180452","targetHints":{"allow":["GET"]}}],"collection":[{"href":"https:\/\/www.europesays.com\/pl\/wp-json\/wp\/v2\/posts"}],"about":[{"href":"https:\/\/www.europesays.com\/pl\/wp-json\/wp\/v2\/types\/post"}],"author":[{"embeddable":true,"href":"https:\/\/www.europesays.com\/pl\/wp-json\/wp\/v2\/users\/2"}],"replies":[{"embeddable":true,"href":"https:\/\/www.europesays.com\/pl\/wp-json\/wp\/v2\/comments?post=180452"}],"version-history":[{"count":0,"href":"https:\/\/www.europesays.com\/pl\/wp-json\/wp\/v2\/posts\/180452\/revisions"}],"wp:featuredmedia":[{"embeddable":true,"href":"https:\/\/www.europesays.com\/pl\/wp-json\/wp\/v2\/media\/180453"}],"wp:attachment":[{"href":"https:\/\/www.europesays.com\/pl\/wp-json\/wp\/v2\/media?parent=180452"}],"wp:term":[{"taxonomy":"category","embeddable":true,"href":"https:\/\/www.europesays.com\/pl\/wp-json\/wp\/v2\/categories?post=180452"},{"taxonomy":"post_tag","embeddable":true,"href":"https:\/\/www.europesays.com\/pl\/wp-json\/wp\/v2\/tags?post=180452"}],"curies":[{"name":"wp","href":"https:\/\/api.w.org\/{rel}","templated":true}]}}