{"id":180456,"date":"2025-12-31T18:27:07","date_gmt":"2025-12-31T18:27:07","guid":{"rendered":"https:\/\/www.europesays.com\/pl\/180456\/"},"modified":"2025-12-31T18:27:07","modified_gmt":"2025-12-31T18:27:07","slug":"marek-kaminski-zdobyl-biegun-poludniowy-z-18-letnim-synem-zrobili-to-przeglad-sportowy-onet","status":"publish","type":"post","link":"https:\/\/www.europesays.com\/pl\/180456\/","title":{"rendered":"Marek Kami\u0144ski zdoby\u0142 Biegun Po\u0142udniowy z 18-letnim synem! &quot;Zrobili to&quot; &#8211; Przegl\u0105d Sportowy Onet"},"content":{"rendered":"<ol>\n<li><a href=\"https:\/\/news.google.com\/rss\/articles\/CBMiugFBVV95cUxOVXVRSlJCdF9OWE11cjFjdGk2UFQ1OWpReFNsZ3ZEeWFscjlLLU1KQmVZYm1YZEdzN1c5RXEySlZaOGdRd3E4SVBNOGtyNkJmOWlNNVh0TG0xYmZEWnRqUUE5OUtJT3ZvYmdLR2lxQWx2eVBhWEl4ZkozOXU0MEtDcGxFQ2tWc1lxOFVjZHF2YWVhUC1TTUNIZHNaR3NCNVcwSkFBRUhiSHdRSDltY252VGRwMjFCTFBwVUE?oc=5\" target=\"_blank\" rel=\"nofollow noopener\">Marek Kami\u0144ski zdoby\u0142 Biegun Po\u0142udniowy z 18-letnim synem! &#8222;Zrobili to&#8221;<\/a>&nbsp;&nbsp;Przegl\u0105d Sportowy Onet<\/li>\n<li><a href=\"https:\/\/news.google.com\/rss\/articles\/CBMi1gFBVV95cUxPZ3RwRFdIMllTUlpkM01pMFd1bXlHZkJHdk5MSEhDTnA3U2lXU0xGS0tfbUY4OXRZd3VLc0VrX3E2bmdMVy1FSGk2TVlRNTFYemIzQUQxZURZYjBJUXBGWUtiWW1oSWtCcUVjR2VNT0dRX000UEkyc0RoZlZ1eC0yTWNyaTNGNHZlcHQ4UGw0cEFVb0kxNlZ0b2VKbHJHSk1PcVdJWlZFTFV5bjQxTW1yUXA5eno1Y21PTEdmSUh0VS1fUTNraHV1LTRUdDV2bkxQdTUwWi1R?oc=5\" target=\"_blank\" rel=\"nofollow noopener\">Trzy dekady p\u00f3\u017aniej. Marek Kami\u0144ski zdoby\u0142 biegun po\u0142udniowy razem z synem<\/a>&nbsp;&nbsp;Eurosport Polska<\/li>\n<li><a href=\"https:\/\/news.google.com\/rss\/articles\/CBMirgFBVV95cUxPakpSaVhVUHBhTjJ0ZlpzUk5nYUo4ckFjRHo3Zi1uZTR6ME9od1dHX19tTExBZzdiMElNT1VsVzZjd29oajRRbjZMNUoyWWwwakdZVnNmc3dKSUJTaU51VklkdWl4YWlnREIyTUNnQ2VSVlhkRHBjYlZoM0lTWS1nelhSYmNFU2J5b29HbERDcGN6d0xNTWtVWWlHalJJYzBEeVpBNzI1N0JvQVNueXc?oc=5\" target=\"_blank\" rel=\"nofollow noopener\">Niebywa\u0142y wyczyn! Kami\u0144ski z synem zdobyli biegun po\u0142udniowy<\/a>&nbsp;&nbsp;Sport.pl<\/li>\n<li><a href=\"https:\/\/news.google.com\/rss\/articles\/CBMiqwFBVV95cUxNb0xnRWVZLUttRHRNTzZ3cVRoeF9wLWJ2cFFJS1RSMVl5aFRjT3NlcUh2Q1RXLWw0S2NUU3JJSEpVRF9NOGVUQ0lGbHFFQUFIWGRKR3J0b2JvRl9fTEd4ZUQ1SGZyUTZfWF9FVUdPT1RPYTB0NkJiWXdKNmZxZ1Y5REF0NUExX0V6QVh6SFBkbGo5eTV1VlpTV2JqeDV6YXZGZE5vQXR3bXBKUVU?oc=5\" target=\"_blank\" rel=\"nofollow noopener\">Sylwester&#8230; na biegunie po\u0142udniowym. Dotarli tam ojciec z synem<\/a>&nbsp;&nbsp;Portal i.pl<\/li>\n<li><a href=\"https:\/\/news.google.com\/rss\/articles\/CBMitAFBVV95cUxQZ3RoekM4eVdIcFB0bE5yMW92SVIzbXRXd2lRMFliZWF6UnpkY3l1Ymk4UkFZYndESWtmb2NyQ1U2elJOSkZyX0dxa3dINEhxZG95d2hwb1RtQVJhNVA5UmJzb2VGVHQ5V1dWdDJOVWkwUEJBTzhmV19SUmZhVVJnVmRRMFdDUl9MTzNMNk9VUHJaTUhkZHlyVW53dTVYQWc0bkhnY2hrNFBNQmUwWkRwbEV1dFM?oc=5\" target=\"_blank\" rel=\"nofollow noopener\">Rozpocz\u0105\u0142 kolejn\u0105 wielk\u0105 wypraw\u0119. &#8222;Biegun wzywa\u0142 mnie ju\u017c od pewnego czasu&#8221;<\/a>&nbsp;&nbsp;WP Turystyka<\/li>\n<\/ol>\n","protected":false},"excerpt":{"rendered":"Marek Kami\u0144ski zdoby\u0142 Biegun Po\u0142udniowy z 18-letnim synem! &#8222;Zrobili to&#8221;&nbsp;&nbsp;Przegl\u0105d Sportowy Onet Trzy dekady p\u00f3\u017aniej. Marek Kami\u0144ski zdoby\u0142&hellip;\n","protected":false},"author":2,"featured_media":180457,"comment_status":"","ping_status":"","sticky":false,"template":"","format":"standard","meta":{"footnotes":""},"categories":[5],"tags":[7204,35309,32,33,36,37,27,67,34,35,35308,28,31,25,42,38,40,39,41,136,128,47,135,29,30,26],"class_list":{"0":"post-180456","1":"post","2":"type-post","3":"status-publish","4":"format-standard","5":"has-post-thumbnail","7":"category-naglowki","8":"tag-alpinizm","9":"tag-biegun_poludniowy","10":"tag-breaking-news","11":"tag-breakingnews","12":"tag-featured-news","13":"tag-featurednews","14":"tag-headlines","15":"tag-intextvideo_splayer","16":"tag-latest-news","17":"tag-latestnews","18":"tag-marek_kaminski","19":"tag-naglowki","20":"tag-najwazniejsze-artykuly","21":"tag-news","22":"tag-pl","23":"tag-poland","24":"tag-polish","25":"tag-polska","26":"tag-polski","27":"tag-ps_detal_new","28":"tag-psv2","29":"tag-screening_general","30":"tag-sport_sport","31":"tag-top-stories","32":"tag-topstories","33":"tag-wiadomosci"},"share_on_mastodon":{"url":"https:\/\/pubeurope.com\/@pl\/115815595627515349","error":""},"_links":{"self":[{"href":"https:\/\/www.europesays.com\/pl\/wp-json\/wp\/v2\/posts\/180456","targetHints":{"allow":["GET"]}}],"collection":[{"href":"https:\/\/www.europesays.com\/pl\/wp-json\/wp\/v2\/posts"}],"about":[{"href":"https:\/\/www.europesays.com\/pl\/wp-json\/wp\/v2\/types\/post"}],"author":[{"embeddable":true,"href":"https:\/\/www.europesays.com\/pl\/wp-json\/wp\/v2\/users\/2"}],"replies":[{"embeddable":true,"href":"https:\/\/www.europesays.com\/pl\/wp-json\/wp\/v2\/comments?post=180456"}],"version-history":[{"count":0,"href":"https:\/\/www.europesays.com\/pl\/wp-json\/wp\/v2\/posts\/180456\/revisions"}],"wp:featuredmedia":[{"embeddable":true,"href":"https:\/\/www.europesays.com\/pl\/wp-json\/wp\/v2\/media\/180457"}],"wp:attachment":[{"href":"https:\/\/www.europesays.com\/pl\/wp-json\/wp\/v2\/media?parent=180456"}],"wp:term":[{"taxonomy":"category","embeddable":true,"href":"https:\/\/www.europesays.com\/pl\/wp-json\/wp\/v2\/categories?post=180456"},{"taxonomy":"post_tag","embeddable":true,"href":"https:\/\/www.europesays.com\/pl\/wp-json\/wp\/v2\/tags?post=180456"}],"curies":[{"name":"wp","href":"https:\/\/api.w.org\/{rel}","templated":true}]}}