{"id":180506,"date":"2025-12-31T18:57:14","date_gmt":"2025-12-31T18:57:14","guid":{"rendered":"https:\/\/www.europesays.com\/pl\/180506\/"},"modified":"2025-12-31T18:57:14","modified_gmt":"2025-12-31T18:57:14","slug":"najlepsze-polskie-aktorki-i-aktorzy-2025-roku-kto-jest-na-liscie","status":"publish","type":"post","link":"https:\/\/www.europesays.com\/pl\/180506\/","title":{"rendered":"Najlepsze polskie aktorki i aktorzy 2025 roku. Kto jest na li\u015bcie?"},"content":{"rendered":"<p>  <a href=\"https:\/\/film.interia.pl\/gwiazda-matylda-giegzno,pId,22594\" rel=\"nofollow noopener\" target=\"_blank\">Matylda Gieg\u017cno<\/a> &#8211; &#8222;\u015awiat\u0142oczu\u0142a&#8221;<\/p>\n<p>  Debiut w g\u0142\u00f3wnej roli, kt\u00f3ry dla aktorki mo\u017ce oznacza\u0107 prawdziwy prze\u0142om w karierze. Gieg\u017cno wciela si\u0119 w rol\u0119 Agaty, m\u0142odej, niewidomej dziewczyny, maj\u0105cej wielki apetyt na \u017cycie. &#8222;Wy\u0142\u0105czenie&#8221; jednego zmys\u0142u wydaje si\u0119 bardzo du\u017cym aktorskim wyzwaniem, zw\u0142aszcza dla kogo\u015b, kto ma jeszcze stosunkowo niewielkie do\u015bwiadczenie. Jak zbudowa\u0107 podobn\u0105 rol\u0119, pokaza\u0142 przed laty Al Pacino w &#8222;Zapachu kobiety&#8221;. Gieg\u017cno okaza\u0142a si\u0119 zdoln\u0105 uczennic\u0105, bo jej pe\u0142na subtelno\u015bci i autentyzmu kreacja szczerze wzrusza, stanowi\u0105c mocny punkt tego udanego filmu.<\/p>\n<p>  <a href=\"https:\/\/film.interia.pl\/gwiazda-nel-kaczmarek,pId,20792\" rel=\"nofollow noopener\" target=\"_blank\">Nel Kaczmarek <\/a>&#8211; &#8222;Utrata r\u00f3wnowagi&#8221;<\/p>\n<p>  Jedna z najciekawszych i wszechstronniejszych aktorek swojego pokolenia, kt\u00f3ra mimo m\u0142odego wieku ma ju\u017c spore do\u015bwiadczenie. W re\u017cyserskim debiucie Korka Bojanowskiego wciela si\u0119 w rol\u0119 studentki szko\u0142y teatralnej, do\u015bwiadczaj\u0105cej przemocy, manipulacji i bezwzgl\u0119dnej rywalizacji. Bohaterka ma w sobie ujmuj\u0105c\u0105 niewinno\u015b\u0107, ale odkrywa te\u017c znacznie mroczniejsze strony w\u0142asnej natury, co przek\u0142ada si\u0119 na magnetyczn\u0105, zniuansowan\u0105 kreacj\u0119. Kaczmarek zaanga\u017cowa\u0142a si\u0119 w ten projekt ju\u017c na etapie scenariuszowym, zbieraj\u0105c materia\u0142y i historie, kt\u00f3re pomog\u0142y wykreowa\u0107 ten opresyjny \u015bwiat.<\/p>\n<p>        &#13;<br \/>\n                    Zdj\u0119cie&#13;<\/p>\n<p>                                        &#13;<br \/>\n                            &#13;<br \/>\n                            &#13;<br \/>\n                            <img decoding=\"async\" loading=\"lazy\" src=\"https:\/\/www.europesays.com\/pl\/wp-content\/uploads\/2025\/12\/000K13W12O71IK9N-C461-F4.jpg\" title=\"Najlepsze polskie aktorki i aktorzy 2025 roku. Kto jest na li\u015bcie?\" style=\"display:block;max-width:100%;height:auto;width:800px;aspect-ratio:1500\/999;\" width=\"800\" height=\"533\" alt=\"Nel Kaczmarek \/Marcin Gadomski \/AKPA\" class=\"img-responsive\" itemprop=\"url\"\/>&#13;<\/p>\n<p>                                    &#13;<\/p>\n<p>&#13;<br \/>\n                                    Nel Kaczmarek&#13;<br \/>\n                                            \/Marcin Gadomski \/AKPA&#13;\n                                                <\/p>\n<p>&#13;<\/p>\n<p>  <a href=\"https:\/\/film.interia.pl\/gwiazda-magdalena-mascianica,pId,20835\" rel=\"nofollow noopener\" target=\"_blank\">Magdalena Ma\u015bcianica<\/a> &#8211; &#8222;\u017bycie dla pocz\u0105tkuj\u0105cych&#8221;<\/p>\n<p>  Odkrycie. Podobnie zreszt\u0105 jak sam film. Je\u017celi kto\u015b chce w spektakularny spos\u00f3b zacz\u0105\u0107 swoj\u0105 aktorsk\u0105 karier\u0119, to czy mo\u017ce wymarzy\u0107 sobie na pocz\u0105tek lepsze wyzwanie ni\u017c to, by wcieli\u0107 si\u0119 w rol\u0119 wampirzycy? Nie wydaje mi si\u0119. Cho\u0107 Monia, mimo nadprzyrodzonych zdolno\u015bci, jest przy tym bardzo ludzka &#8211; empatyczna, wra\u017cliwa, delikatna. \u0141\u0105czy w sobie tony humorystyczne z tymi bardziej refleksyjnymi. Za t\u0119 rol\u0119 Ma\u015bcianica zosta\u0142a wyr\u00f3\u017cniona laurem Mastercard Rising Star na krakowskim festiwalu Mastercard Off Camera.<\/p>\n<p>        &#13;<br \/>\n                    Zdj\u0119cie&#13;<\/p>\n<p>                                        &#13;<br \/>\n                            &#13;<br \/>\n                            &#13;<br \/>\n                            <img decoding=\"async\" loading=\"lazy\" src=\"https:\/\/www.europesays.com\/pl\/wp-content\/uploads\/2025\/12\/000L8SNUOKUJ7ECM-C461-F4.jpg\" title=\"Najlepsze polskie aktorki i aktorzy 2025 roku. Kto jest na li\u015bcie?\" style=\"display:block;max-width:100%;height:auto;width:800px;aspect-ratio:1200\/798;\" width=\"800\" height=\"532\" alt=\"Magdalena Ma\u015bcianica, Micha\u0142 Sikorski i Bart\u0142omiej Kotschedoff w &quot;\u017byciu dla pocz\u0105tkuj\u0105cych&quot; \/materia\u0142y prasowe\" class=\"img-responsive\" itemprop=\"url\"\/>&#13;<\/p>\n<p>                                    &#13;<\/p>\n<p>&#13;<br \/>\n                                    Magdalena Ma\u015bcianica, Micha\u0142 Sikorski i Bart\u0142omiej Kotschedoff w &#8222;\u017byciu dla pocz\u0105tkuj\u0105cych&#8221;&#13;<br \/>\n                                            \/materia\u0142y prasowe&#13;\n                                                <\/p>\n<p>&#13;<\/p>\n<p>  <a href=\"https:\/\/film.interia.pl\/gwiazda-agata-turkot,pId,20889\" rel=\"nofollow noopener\" target=\"_blank\">Agata Turkot<\/a> &#8211; &#8222;Dom dobry&#8221;<\/p>\n<p>  Przed czterema laty wcieli\u0142a si\u0119 w posta\u0107 Lei w &#8222;Wese\u05dcu&#8221; Wojciecha Smarzowskiego. Re\u017cyser dobrze j\u0105 zapami\u0119ta\u0142 i do kolejnego, niezwykle bolesnego filmu, jakim jest &#8222;Dom dobry&#8221;, w g\u0142\u00f3wnej roli postanowi\u0142 obsadzi\u0107 w\u0142a\u015bnie Agat\u0119 Turkot. To by\u0142o ogromne wyzwanie nie tylko od strony aktorskiej, ale przede wszystkim emocjonalnej, wymagaj\u0105ce du\u017cego zaufania do Smarzowskiego, jak r\u00f3wnie\u017c partneruj\u0105cego jej Tomasza Schuchardta. Aktorka pokaza\u0142a pe\u0142ne spektrum emocji i wykaza\u0142a si\u0119 du\u017c\u0105 dojrza\u0142o\u015bci\u0105 na ekranie oraz jeszcze wi\u0119ksz\u0105, rozmawiaj\u0105c w mediach o tym wa\u017cnym spo\u0142ecznie filmie.<\/p>\n<p>        &#13;<br \/>\n                    Zdj\u0119cie&#13;<\/p>\n<p>                                        &#13;<br \/>\n                            &#13;<br \/>\n                            &#13;<br \/>\n                            <img decoding=\"async\" loading=\"lazy\" src=\"https:\/\/www.europesays.com\/pl\/wp-content\/uploads\/2025\/12\/000LKHJI9R6LGJC4-C461-F4.jpg\" title=\"Najlepsze polskie aktorki i aktorzy 2025 roku. Kto jest na li\u015bcie?\" style=\"display:block;max-width:100%;height:auto;width:800px;aspect-ratio:4096\/1716;\" width=\"800\" height=\"335\" alt=\"Agata Turkot i Tomasz Schuchardt w filmie &quot;Dom dobry&quot; \/Pawe\u0142 Tybora \/materia\u0142y prasowe\" class=\"img-responsive\" itemprop=\"url\"\/>&#13;<\/p>\n<p>                                    &#13;<\/p>\n<p>&#13;<br \/>\n                                    Agata Turkot i Tomasz Schuchardt w filmie &#8222;Dom dobry&#8221;&#13;<br \/>\n                                            \/Pawe\u0142 Tybora \/materia\u0142y prasowe&#13;\n                                                <\/p>\n<p>&#13;<\/p>\n<p>  <a href=\"https:\/\/film.interia.pl\/gwiazda-victoria-carmen-sonne,pId,19351\" rel=\"nofollow noopener\" target=\"_blank\">Vic Carmen Sonne<\/a> i\u00a0<a href=\"https:\/\/film.interia.pl\/gwiazda-trine-dyrholm,pId,14140\" rel=\"nofollow noopener\" target=\"_blank\">Trine Dyrholm<\/a> &#8211; &#8222;Dziewczyna z ig\u0142\u0105&#8221;<\/p>\n<p>  Du\u0144skie aktorki, kt\u00f3re stworzy\u0142y wybitne kreacje w nominowanym do Oscara filmie Magnusa von Horna &#8222;Dziewczyna z ig\u0142\u0105&#8221;. O ile Dyrholm to gwiazda europejskiego formatu, o tyle Vic Carmen Sonne dopiero pracuje na sw\u0105 pozycj\u0119 w bran\u017cy. Ascetyczne, cho\u0107 pe\u0142ne niuans\u00f3w role wype\u0142ni\u0142y brutalny obraz Kopenhagi pocz\u0105tku XX wieku. Tragizm miesza si\u0119 tu z bezwzgl\u0119dno\u015bci\u0105, a spo\u0142eczna oboj\u0119tno\u015b\u0107 &#8211; z porzucon\u0105 nadziej\u0105. Nawet je\u017celi by si\u0119 chcia\u0142o, trudno wyrzuci\u0107 te obrazy z pami\u0119ci.<\/p>\n<p>&#13;<br \/>\n    &#13;<br \/>\n            Wideo&#13;<\/p>\n<p>        &#13;<br \/>\n&#13;<br \/>\n    &#13;<br \/>\n        &#13;<br \/>\n                &#13;<\/p>\n<p>&#13;<br \/>\n                                        &#8222;Dziewczyna z ig\u0142\u0105&#8221; [trailer]&#13;<br \/>\n                                        materia\u0142y prasowe&#13;\n                    <\/p>\n<p>&#13;<\/p>\n<p><a href=\"https:\/\/film.interia.pl\/gwiazda-andrzej-konopka,pId,18328\" rel=\"nofollow noopener\" target=\"_blank\">Andrzej Konopka<\/a> &#8211; ca\u0142okszta\u0142t<\/p>\n<p>  To by\u0142 bardzo owocny rok dla Andrzeja Konopki. Na ekranach polskich kin, w streamingu, ale i na festiwalach pojawi\u0142o si\u0119 a\u017c dziewi\u0119\u0107 produkcji, w kt\u00f3re by\u0142 zaanga\u017cowany. Od popularnych seriali jak &#8222;Wzg\u00f3rze ps\u00f3w&#8221; czy &#8222;Heweliusz&#8221;, przez kino rozrywkowe jak &#8222;Wielka Warszawska&#8221; oraz &#8222;LARP. Mi\u0142o\u015b\u0107, trolle i inne questy&#8221;, po dzie\u0142a stricte autorskie jak &#8222;Cz\u0142owiek od wszystkiego&#8221; Wilhelma i Anki Sasnal\u00f3w. Zwykle na drugim planie, ale za ka\u017cdym razem by\u0142 on niezwykle wyrazisty, a sam aktor, wcielaj\u0105c si\u0119 w kolejnych bohater\u00f3w, pokazywa\u0142 sw\u00f3j wszechstronny talent. Niby drugi plan, ale smakowa\u0142 jak pierwszy.<\/p>\n<p>        &#13;<br \/>\n                    Zdj\u0119cie&#13;<\/p>\n<p>                                        &#13;<br \/>\n                            &#13;<br \/>\n                            &#13;<br \/>\n                            <img decoding=\"async\" loading=\"lazy\" src=\"https:\/\/www.europesays.com\/pl\/wp-content\/uploads\/2025\/12\/000LBSV20L0BINT3-C461-F4.jpg\" title=\"Najlepsze polskie aktorki i aktorzy 2025 roku. Kto jest na li\u015bcie?\" style=\"display:block;max-width:100%;height:auto;width:800px;aspect-ratio:2000\/1331;\" width=\"800\" height=\"532\" alt=\"Andrzej Konopka \/VIPHOTO \/East News\" class=\"img-responsive\" itemprop=\"url\"\/>&#13;<\/p>\n<p>                                    &#13;<\/p>\n<p>&#13;<br \/>\n                                    Andrzej Konopka&#13;<br \/>\n                                            \/VIPHOTO \/East News&#13;\n                                                <\/p>\n<p>&#13;<\/p>\n<p>  Idan Weiss &#8211; <a href=\"https:\/\/film.interia.pl\/film-franz-kafka,fId,22404\" rel=\"nofollow noopener\" target=\"_blank\">&#8222;Franz Kafka&#8221;<\/a><\/p>\n<p>  Podobie\u0144stwo fizyczne do bohatera, w kt\u00f3rego rol\u0119 si\u0119 wcieli\u0142, czyli Franza Kafki, to jedno, ale Weiss nada\u0142 tej postaci niezb\u0119dnej g\u0142\u0119bi i magnetyzmu, co sprawia, \u017ce ci\u0119\u017cko oderwa\u0107 od niego oczy. Poprowadzony pewn\u0105 r\u0119k\u0105 przez Agnieszk\u0119 Holland niemiecki aktor z du\u017cym wyczuciem oddaje niejednoznaczno\u015b\u0107 Kafki oraz dysonans pomi\u0119dzy rzeczywisto\u015bci\u0105, w jakiej przysz\u0142o funkcjonowa\u0107 bohaterowi, a tym, co dzieje si\u0119 w jego g\u0142owie. Bardzo dojrza\u0142a i przemy\u015blana rola.<\/p>\n<p>        &#13;<br \/>\n                    Zdj\u0119cie&#13;<\/p>\n<p>                                        &#13;<br \/>\n                            &#13;<br \/>\n                            &#13;<br \/>\n                            <img decoding=\"async\" loading=\"lazy\" src=\"https:\/\/www.europesays.com\/pl\/wp-content\/uploads\/2025\/12\/1767207434_504_000LBXC0WOQN2ABP-C461-F4.jpg\" title=\"Najlepsze polskie aktorki i aktorzy 2025 roku. Kto jest na li\u015bcie?\" style=\"display:block;max-width:100%;height:auto;width:800px;aspect-ratio:1200\/800;\" width=\"800\" height=\"533\" alt=\"Idan Weiss jako Franz Kafka \/Marlene Film Production \/materia\u0142y prasowe\" class=\"img-responsive\" itemprop=\"url\"\/>&#13;<\/p>\n<p>                                    &#13;<\/p>\n<p>&#13;<br \/>\n                                    Idan Weiss jako Franz Kafka&#13;<br \/>\n                                            \/Marlene Film Production \/materia\u0142y prasowe&#13;\n                                                <\/p>\n<p>&#13;<\/p>\n<p>  <a href=\"https:\/\/film.interia.pl\/gwiazda-michal-sikorski,pId,20948\" rel=\"nofollow noopener\" target=\"_blank\">Micha\u0142 Sikorski<\/a> &#8211; &#8222;\u017bycie dla pocz\u0105tkuj\u0105cych&#8221;<\/p>\n<p>  Film Paw\u0142a Podolskiego jest kolejnym dowodem na to, \u017ce Micha\u0142 Sikorski ma du\u017cy talent komediowy i dobre poczucie humoru. Tak\u017ce dlatego, \u017ce w filmie o wampirach zgodzi\u0142 si\u0119 zagra\u0107 bohatera, kt\u00f3ry wampirem nie jest. Co prawda, w &#8222;\u017byciu dla pocz\u0105tkuj\u0105cych&#8221; wiele dzieje si\u0119 w warstwie dialogowej, ale mimika, gesty, spojrzenia Sikorskiego sprawiaj\u0105, \u017ce \u015bmia\u0142o m\u00f3g\u0142by cofn\u0105\u0107 si\u0119 w czasie i jestem przekonany, \u017ce dobrze odnalaz\u0142by si\u0119 tak\u017ce w niemej komedii. A to du\u017cy komplement.<\/p>\n<p>  <a href=\"https:\/\/film.interia.pl\/gwiazda-tomasz-schuchardt,pId,12862\" rel=\"nofollow noopener\" target=\"_blank\">Tomasz Schuchardt<\/a> &#8211; &#8222;Dom dobry&#8221;<\/p>\n<p>  Rola warta ka\u017cdej nagrody i pewnie te\u017c najtrudniejsza w dotychczasowej karierze Schuchardta. Wcieli\u0142 si\u0119 w posta\u0107 zwyrodnialca, kt\u00f3ry stosuje przemoc fizyczn\u0105, psychiczn\u0105 i ekonomiczn\u0105 wobec swojej partnerki. Zrobi\u0142 to tak dobrze, \u017ce niekt\u00f3rzy zacz\u0119li go identyfikowa\u0107 z t\u0105 postaci\u0105. I cho\u0107 publiczna narracja, wed\u0142ug kt\u00f3rej ludzie mieliby go opluwa\u0107 czy zarysowywa\u0107 mu samoch\u00f3d, jest mocno przesadzona, zdarzy\u0142 si\u0119 pono\u0107 przypadek, gdzie kto\u015b mia\u0142 problem z oddzieleniem filmu od \u017cycia. Wojciech Smarzowski zawsze wiele wymaga\u0142 od swoich aktor\u00f3w, ale zag\u0142\u0119bienie si\u0119 w ciemn\u0105 stron\u0119 ludzkiej natury w &#8222;Domu dobrym&#8221; musia\u0142o by\u0107 wyj\u0105tkowo trudne. Czapki z g\u0142\u00f3w!<\/p>\n<p>  Filip Wi\u0142komirski &#8211; <a href=\"https:\/\/film.interia.pl\/film-brat,fId,22500\" rel=\"nofollow noopener\" target=\"_blank\">&#8222;Brat&#8221;<\/a><\/p>\n<p>  Ostatni rok to kilka bardzo udanych dzieci\u0119cych kreacji w polskim kinie. Na czo\u0142o zdecydowanie wysuwa si\u0119 jednak Filip Wi\u0142komirski, kt\u00f3ry wciela si\u0119 w g\u0142\u00f3wn\u0105 rol\u0119 w przejmuj\u0105cym &#8222;Bracie&#8221; Macieja Sobieszcza\u0144skiego. Pi\u0119tnastolatek nie mia\u0142 \u0142atwego zadania, bo jego bohater funkcjonuje na kilku p\u0142aszczyznach &#8211; syna, brata, ucznia, judoki &#8211; gdzie emocje, nierzadko trudne, wzajemnie si\u0119 przeplataj\u0105. Otoczony do\u015bwiadczonymi aktorami &#8211; Agnieszk\u0105 Grochowsk\u0105 i Julianem \u015awie\u017cewskim &#8211; b\u0142yszczy na ekranie. Du\u017cy talent!<\/p>\n<p>        &#13;<br \/>\n                    Zdj\u0119cie&#13;<\/p>\n<p>                                        &#13;<br \/>\n                            &#13;<br \/>\n                            &#13;<br \/>\n                            <img decoding=\"async\" loading=\"lazy\" src=\"https:\/\/www.europesays.com\/pl\/wp-content\/uploads\/2025\/12\/000M4QPESO294UX5-C461-F4.jpg\" title=\"Najlepsze polskie aktorki i aktorzy 2025 roku. Kto jest na li\u015bcie?\" style=\"display:block;max-width:100%;height:auto;width:800px;aspect-ratio:1000\/739;\" width=\"800\" height=\"591\" alt=\"Filip Wi\u0142komirski \/AKPA\" class=\"img-responsive\" itemprop=\"url\"\/>&#13;<\/p>\n<p>                                    &#13;<\/p>\n<p>&#13;<br \/>\n                                    Filip Wi\u0142komirski&#13;<br \/>\n                                            \/AKPA&#13;\n                                                <\/p>\n<p>&#13;<\/p>\n<p>&#13;<br \/>\n    &#13;<br \/>\n            Wideo&#13;<\/p>\n<p>        &#13;<br \/>\n&#13;<br \/>\n    &#13;<br \/>\n        &#13;<br \/>\n                &#13;<\/p>\n<p>&#13;<br \/>\n                                        &#8222;Greenland 2&#8221; [trailer 2]&#13;<br \/>\n                                        materia\u0142y prasowe&#13;\n                    <\/p>\n<p>&#13;<\/p>\n","protected":false},"excerpt":{"rendered":"Matylda Gieg\u017cno &#8211; &#8222;\u015awiat\u0142oczu\u0142a&#8221; Debiut w g\u0142\u00f3wnej roli, kt\u00f3ry dla aktorki mo\u017ce oznacza\u0107 prawdziwy prze\u0142om w karierze. Gieg\u017cno&hellip;\n","protected":false},"author":2,"featured_media":180507,"comment_status":"","ping_status":"","sticky":false,"template":"","format":"standard","meta":{"footnotes":""},"categories":[22],"tags":[122,42,38,40,39,41,123],"class_list":{"0":"post-180506","1":"post","2":"type-post","3":"status-publish","4":"format-standard","5":"has-post-thumbnail","7":"category-rozrywka","8":"tag-entertainment","9":"tag-pl","10":"tag-poland","11":"tag-polish","12":"tag-polska","13":"tag-polski","14":"tag-rozrywka"},"share_on_mastodon":{"url":"https:\/\/pubeurope.com\/@pl\/115815713571988130","error":""},"_links":{"self":[{"href":"https:\/\/www.europesays.com\/pl\/wp-json\/wp\/v2\/posts\/180506","targetHints":{"allow":["GET"]}}],"collection":[{"href":"https:\/\/www.europesays.com\/pl\/wp-json\/wp\/v2\/posts"}],"about":[{"href":"https:\/\/www.europesays.com\/pl\/wp-json\/wp\/v2\/types\/post"}],"author":[{"embeddable":true,"href":"https:\/\/www.europesays.com\/pl\/wp-json\/wp\/v2\/users\/2"}],"replies":[{"embeddable":true,"href":"https:\/\/www.europesays.com\/pl\/wp-json\/wp\/v2\/comments?post=180506"}],"version-history":[{"count":0,"href":"https:\/\/www.europesays.com\/pl\/wp-json\/wp\/v2\/posts\/180506\/revisions"}],"wp:featuredmedia":[{"embeddable":true,"href":"https:\/\/www.europesays.com\/pl\/wp-json\/wp\/v2\/media\/180507"}],"wp:attachment":[{"href":"https:\/\/www.europesays.com\/pl\/wp-json\/wp\/v2\/media?parent=180506"}],"wp:term":[{"taxonomy":"category","embeddable":true,"href":"https:\/\/www.europesays.com\/pl\/wp-json\/wp\/v2\/categories?post=180506"},{"taxonomy":"post_tag","embeddable":true,"href":"https:\/\/www.europesays.com\/pl\/wp-json\/wp\/v2\/tags?post=180506"}],"curies":[{"name":"wp","href":"https:\/\/api.w.org\/{rel}","templated":true}]}}