{"id":180514,"date":"2025-12-31T19:07:07","date_gmt":"2025-12-31T19:07:07","guid":{"rendered":"https:\/\/www.europesays.com\/pl\/180514\/"},"modified":"2025-12-31T19:07:07","modified_gmt":"2025-12-31T19:07:07","slug":"siniaki-na-dloni-wracaja-pytania-o-zdrowie-trumpa","status":"publish","type":"post","link":"https:\/\/www.europesays.com\/pl\/180514\/","title":{"rendered":"Siniaki na d\u0142oni. Wracaj\u0105 pytania o zdrowie Trumpa"},"content":{"rendered":"<p>Rolnicy o\u00a0ustawie \u0142a\u0144cuchowej. &#8222;Troszk\u0119 dziwny temat&#8221; <\/p>\n<p>Siniaki na lewej d\u0142oni prezydenta zosta\u0142y zauwa\u017cone podczas zesz\u0142otygodniowych spotka\u0144 Donalda Trumpa. Wywo\u0142a\u0142y one fal\u0119 spekulacji na temat jego zdrowia &#8211;\u00a0pisze CNN. <\/p>\n<p>Fakt wyst\u0105pienia zasinienia na lewej r\u0119ce g\u0142owy pa\u0144stwa stawia pod znakiem zapytania dotychczasowe t\u0142umaczenia Bia\u0142ego Domu, \u017ce siniaki to efekt &#8222;ci\u0105g\u0142ego \u015bciskania d\u0142oni&#8221;. Trump jest bowiem prawor\u0119czny. <\/p>\n<p>&#8211; Prezydent Trump jest cz\u0142owiekiem ludu i\u00a0spotyka si\u0119 z\u00a0wi\u0119ksz\u0105 liczb\u0105 Amerykan\u00f3w i\u00a0\u015bciska im d\u0142onie ka\u017cdego dnia ni\u017c jakikolwiek inny prezydent w\u00a0historii \u2013\u00a0m\u00f3wi\u0142a rzeczniczka prasowa Karoline Leavitt.<\/p>\n<p>Zapytany w\u00a0tym tygodniu o\u00a0siniak na lewej r\u0119ce Trumpa, Bia\u0142y Dom odm\u00f3wi\u0142 podania jakichkolwiek nowych wyja\u015bnie\u0144.<\/p>\n<p>Stacja podaje, \u017ce siniaki mog\u0105 by\u0107 efektem naturalnego procesu starzenia si\u0119 oraz przyjmowania aspiryny, co zwi\u0119ksza podatno\u015b\u0107 na podobne zmiany. W\u00a0wypowiedziach dla CNN eksperci zaznaczaj\u0105, \u017ce nie ma powod\u00f3w do zaniepokojenia.<\/p>\n<p>CNN podkresla, \u017ce takie symptomy s\u0105 typowe dla pacjent\u00f3w w\u00a0zaawansowanym wieku, zw\u0142aszcza dla tych przyjmuj\u0105cych leki rozrzedzaj\u0105ce krew.<\/p>\n<p>&#8211; Siniaki mog\u0105 by\u0107 po prostu jednorazowym problemem, gdy doznasz urazu, uderzysz w\u00a0co\u015b \u2013\u00a0powiedzia\u0142 dr Jonathan Reiner, profesor w\u00a0Szkole Medycyny i\u00a0Nauk o\u00a0Zdrowiu Uniwersytetu George\u2019a Washingtona.<\/p>\n","protected":false},"excerpt":{"rendered":"Rolnicy o\u00a0ustawie \u0142a\u0144cuchowej. &#8222;Troszk\u0119 dziwny temat&#8221; Siniaki na lewej d\u0142oni prezydenta zosta\u0142y zauwa\u017cone podczas zesz\u0142otygodniowych spotka\u0144 Donalda Trumpa.&hellip;\n","protected":false},"author":2,"featured_media":180515,"comment_status":"","ping_status":"","sticky":false,"template":"","format":"standard","meta":{"footnotes":""},"categories":[14],"tags":[32,33,27,34,35,28,31,25,40,41,80,29,30,26,82,83,84],"class_list":{"0":"post-180514","1":"post","2":"type-post","3":"status-publish","4":"format-standard","5":"has-post-thumbnail","7":"category-swiat","8":"tag-breaking-news","9":"tag-breakingnews","10":"tag-headlines","11":"tag-latest-news","12":"tag-latestnews","13":"tag-naglowki","14":"tag-najwazniejsze-artykuly","15":"tag-news","16":"tag-polish","17":"tag-polski","18":"tag-swiat","19":"tag-top-stories","20":"tag-topstories","21":"tag-wiadomosci","22":"tag-world","23":"tag-world-news","24":"tag-worldnews"},"share_on_mastodon":{"url":"https:\/\/pubeurope.com\/@pl\/115815752840859902","error":""},"_links":{"self":[{"href":"https:\/\/www.europesays.com\/pl\/wp-json\/wp\/v2\/posts\/180514","targetHints":{"allow":["GET"]}}],"collection":[{"href":"https:\/\/www.europesays.com\/pl\/wp-json\/wp\/v2\/posts"}],"about":[{"href":"https:\/\/www.europesays.com\/pl\/wp-json\/wp\/v2\/types\/post"}],"author":[{"embeddable":true,"href":"https:\/\/www.europesays.com\/pl\/wp-json\/wp\/v2\/users\/2"}],"replies":[{"embeddable":true,"href":"https:\/\/www.europesays.com\/pl\/wp-json\/wp\/v2\/comments?post=180514"}],"version-history":[{"count":0,"href":"https:\/\/www.europesays.com\/pl\/wp-json\/wp\/v2\/posts\/180514\/revisions"}],"wp:featuredmedia":[{"embeddable":true,"href":"https:\/\/www.europesays.com\/pl\/wp-json\/wp\/v2\/media\/180515"}],"wp:attachment":[{"href":"https:\/\/www.europesays.com\/pl\/wp-json\/wp\/v2\/media?parent=180514"}],"wp:term":[{"taxonomy":"category","embeddable":true,"href":"https:\/\/www.europesays.com\/pl\/wp-json\/wp\/v2\/categories?post=180514"},{"taxonomy":"post_tag","embeddable":true,"href":"https:\/\/www.europesays.com\/pl\/wp-json\/wp\/v2\/tags?post=180514"}],"curies":[{"name":"wp","href":"https:\/\/api.w.org\/{rel}","templated":true}]}}