{"id":180578,"date":"2025-12-31T20:08:08","date_gmt":"2025-12-31T20:08:08","guid":{"rendered":"https:\/\/www.europesays.com\/pl\/180578\/"},"modified":"2025-12-31T20:08:08","modified_gmt":"2025-12-31T20:08:08","slug":"ps-plus-w-styczniu-2026-roku-sony-ujawnilo-wszystkie-gry-z-oferty","status":"publish","type":"post","link":"https:\/\/www.europesays.com\/pl\/180578\/","title":{"rendered":"PS Plus w styczniu 2026 roku. Sony ujawni\u0142o wszystkie gry z oferty"},"content":{"rendered":"<p class=\"news-akt-date\">31 grudnia, godz. 13:55<\/p>\n<p>Sony zaplanowa\u0142o na godzin\u0119 17:30 ujawnienie tytu\u0142\u00f3w, jakie 6 stycznia trafi\u0105 do u\u017cytkownik\u00f3w us\u0142ugi PlayStation Plus Essential. Niespodzianka zosta\u0142a jednak cz\u0119\u015bciowo zepsuta przez przeciek opublikowany przez informatora billbil-kuna. Wed\u0142ug jego \u017ar\u00f3de\u0142 jednym z tytu\u0142\u00f3w nowego zestawu b\u0119dzie Need for Speed Unbound, kt\u00f3ry swoj\u0105 premier\u0119 mia\u0142 w 2022 roku.<\/p>\n<p class=\"f2-related-link fit\">Powi\u0105zane:<a href=\"https:\/\/www.gry-online.pl\/newsroom\/stalo-sie-to-jeszcze-bardziej-prawdopodobne-w-przyszlym-tygodniu\/z82fde7\" rel=\"nofollow noopener\" target=\"_blank\">Sta\u0142o si\u0119 to jeszcze bardziej prawdopodobne: w przysz\u0142ym tygodniu AMD umocni swoj\u0105 pozycj\u0119 lidera w gamingu<\/a><\/p>\n<p>Ta ods\u0142ona serii zosta\u0142a przyj\u0119ta raczej ch\u0142odno, a pod wpisem z przeciekiem wielu graczy wyra\u017ca swoje niezadowolenie. Przy okazji premiery grze \u201eoberwa\u0142o si\u0119\u201d m.in. za mechanik\u0119 prowadzenia samochodu oraz specyficzn\u0105 \u015bcie\u017ck\u0119 d\u017awi\u0119kow\u0105. Skoro jednak tytu\u0142 b\u0119dzie dost\u0119pny w ramach abonamentu, zapewne cz\u0119\u015b\u0107 os\u00f3b ch\u0119tnie go przetestuje. Zw\u0142aszcza \u017ce w grudniu do us\u0142ugi <a href=\"https:\/\/www.gry-online.pl\/newsroom\/ps-plus-extra-i-premium-na-grudzien-2025-to-10-gier-nie-tylko-ass\/ze2fbca\" rel=\"nofollow noopener\" target=\"_blank\">wpad\u0142y ca\u0142kiem solidne tytu\u0142y<\/a>, wi\u0119c nie ma mowy o serii \u201echudych\u201d miesi\u0119cy.<\/p>\n<p>Sama marka Need for Speed nie ma \u0142atwo i <a href=\"https:\/\/www.gry-online.pl\/newsroom\/przyszlosc-need-for-speed-staje-pod-duzym-znakiem-zapytania-seria\/zb2ea1b\" rel=\"nofollow noopener\" target=\"_blank\">zosta\u0142a zepchni\u0119ta na boczny tor<\/a>. Ekip\u0119, kt\u00f3ra mia\u0142a si\u0119 ni\u0105 zajmowa\u0107, oddelegowano natomiast do prac nad nowym Battlefieldem. Fan\u00f3w wy\u015bcig\u00f3w jednak nie brakuje, a ostatnio jeden z nich <a href=\"https:\/\/www.gry-online.pl\/newsroom\/mapy-z-kultowego-need-for-speeda-da-sie-teraz-uzywac-jako-gps-w-s\/z22fbb6\" rel=\"nofollow noopener\" target=\"_blank\">przeprojektowa\u0142 interfejs nawigacji GPS<\/a>, tak aby przypomina\u0142 kultowy wygl\u0105d tego z Need for Speed: Underground.<\/p>\n<p class=\"f2-czytaj-wiecej-link fit\">Wi\u0119cej:<a href=\"https:\/\/www.gry-online.pl\/newsroom\/ps6-i-xbox-magnus-trafia-do-sprzedazy-po-2027-roku-przez-ceny-ram\/z52fdde\" rel=\"nofollow noopener\" target=\"_blank\">PS6 i Xbox Magnus trafi\u0105 do sprzeda\u017cy po 2027 roku przez ceny RAM-u wed\u0142ug bran\u017cowego dziennikarza<\/a><\/p>\n<p>&#13;<\/p>\n<p><img loading=\"lazy\" src=\"https:\/\/www.europesays.com\/pl\/wp-content\/uploads\/2025\/12\/623891062.jpg\" alt=\"Need for Speed Unbound\" width=\"200\" height=\"200\" decoding=\"async\"\/><\/p>\n<p>\uf591<\/p>\n","protected":false},"excerpt":{"rendered":"31 grudnia, godz. 13:55 Sony zaplanowa\u0142o na godzin\u0119 17:30 ujawnienie tytu\u0142\u00f3w, jakie 6 stycznia trafi\u0105 do u\u017cytkownik\u00f3w us\u0142ugi&hellip;\n","protected":false},"author":2,"featured_media":180579,"comment_status":"","ping_status":"","sticky":false,"template":"","format":"standard","meta":{"footnotes":""},"categories":[20],"tags":[120,118,119,42,38,40,39,41,116,114,115,121,117],"class_list":{"0":"post-180578","1":"post","2":"type-post","3":"status-publish","4":"format-standard","5":"has-post-thumbnail","7":"category-nauka-i-technika","8":"tag-nauka","9":"tag-nauka-i-technika","10":"tag-naukatechnika","11":"tag-pl","12":"tag-poland","13":"tag-polish","14":"tag-polska","15":"tag-polski","16":"tag-science","17":"tag-science-and-technology","18":"tag-sciencetechnology","19":"tag-technika","20":"tag-technology"},"share_on_mastodon":{"url":"https:\/\/pubeurope.com\/@pl\/115815992686686787","error":""},"_links":{"self":[{"href":"https:\/\/www.europesays.com\/pl\/wp-json\/wp\/v2\/posts\/180578","targetHints":{"allow":["GET"]}}],"collection":[{"href":"https:\/\/www.europesays.com\/pl\/wp-json\/wp\/v2\/posts"}],"about":[{"href":"https:\/\/www.europesays.com\/pl\/wp-json\/wp\/v2\/types\/post"}],"author":[{"embeddable":true,"href":"https:\/\/www.europesays.com\/pl\/wp-json\/wp\/v2\/users\/2"}],"replies":[{"embeddable":true,"href":"https:\/\/www.europesays.com\/pl\/wp-json\/wp\/v2\/comments?post=180578"}],"version-history":[{"count":0,"href":"https:\/\/www.europesays.com\/pl\/wp-json\/wp\/v2\/posts\/180578\/revisions"}],"wp:featuredmedia":[{"embeddable":true,"href":"https:\/\/www.europesays.com\/pl\/wp-json\/wp\/v2\/media\/180579"}],"wp:attachment":[{"href":"https:\/\/www.europesays.com\/pl\/wp-json\/wp\/v2\/media?parent=180578"}],"wp:term":[{"taxonomy":"category","embeddable":true,"href":"https:\/\/www.europesays.com\/pl\/wp-json\/wp\/v2\/categories?post=180578"},{"taxonomy":"post_tag","embeddable":true,"href":"https:\/\/www.europesays.com\/pl\/wp-json\/wp\/v2\/tags?post=180578"}],"curies":[{"name":"wp","href":"https:\/\/api.w.org\/{rel}","templated":true}]}}