{"id":180821,"date":"2025-12-31T23:27:08","date_gmt":"2025-12-31T23:27:08","guid":{"rendered":"https:\/\/www.europesays.com\/pl\/180821\/"},"modified":"2025-12-31T23:27:08","modified_gmt":"2025-12-31T23:27:08","slug":"ukrainiec-pobity-w-radomiu-ostra-reakcja-ambasadora","status":"publish","type":"post","link":"https:\/\/www.europesays.com\/pl\/180821\/","title":{"rendered":"Ukrainiec pobity w Radomiu. Ostra reakcja ambasadora"},"content":{"rendered":"<p class=\"ods-c-paragraph \">&#8222;Niedawno w mie\u015bcie Radom w Rzeczypospolitej Polskiej obywatel Ukrainy pad\u0142 ofiar\u0105 zbiorowego napadu po incydencie, kt\u00f3ry zosta\u0142 rozstrzygni\u0119ty bez udzia\u0142u policji. Mimo to u\u017cyto wobec niego przemocy fizycznej, a podczas napadu pad\u0142y obra\u017aliwe s\u0142owa zwi\u0105zane z jego pochodzeniem narodowo\u015bciowym. W wyniku pobicia dozna\u0142 powa\u017cnych obra\u017ce\u0144 cia\u0142a i przebywa w szpitalu&#8221; \u2014 napisa\u0142 ambasador Wasyl Bodnar.<\/p>\n<p>Dalszy ci\u0105g artyku\u0142u pod materia\u0142em wideo<\/p>\n<p> Kiedy dosz\u0142o do pobicia obywatela Ukrainy w Radomiu? <\/p>\n<p> Co powiedzia\u0142 ambasador Ukrainy na temat przemocy? <\/p>\n<p> Jakie by\u0142y okoliczno\u015bci pobicia Ukrai\u0144ca? <\/p>\n<p> Kto zosta\u0142 zatrzymany w zwi\u0105zku z t\u0105 spraw\u0105? <\/p>\n<p class=\"ods-c-paragraph \">&#8222;Obywatele Ukrainy maj\u0105 prawo do poszanowania swojej godno\u015bci i bezpiecze\u0144stwa niezale\u017cnie od kraju pobytu. Wszelkie przejawy przemocy lub mowy nienawi\u015bci wobec Ukrai\u0144c\u00f3w s\u0105 niedopuszczalne i powinny podlega\u0107 odpowiedniej ocenie prawnej&#8221; \u2014 doda\u0142 w swoim wpisie ukrai\u0144ski dyplomata.<\/p>\n<p class=\"ods-c-paragraph \">Bodnar wyrazi\u0142 tak\u017ce nadziej\u0119, \u017ce okoliczno\u015bci zdarzenia zostan\u0105 dok\u0142adnie i bezstronnie wyja\u015bnione, a winni zostan\u0105 poci\u0105gni\u0119ci do odpowiedzialno\u015bci zgodnie z prawem. &#8222;Fakty przemocy wobec obywateli Ukrainy za granic\u0105 wymagaj\u0105 odpowiedniej i konsekwentnej reakcji&#8221; \u2014 doda\u0142 na koniec swojego wpisu.<\/p>\n<p>    Pobicie Ukrai\u0144ca w Radomiu. Posz\u0142o o pr\u00f3b\u0119 kradzie\u017cy w sklepie<\/p>\n<p class=\"ods-c-paragraph \">Ambasador Ukrainy w Polsce nie poda\u0142 wi\u0119cej szczeg\u00f3\u0142\u00f3w zdarzenia, kt\u00f3ry opisuje. Prawdopodobnie nawi\u0105za\u0142 do zdarzenia z 19 grudnia, kt\u00f3re opisywa\u0142a &#8222;Gazeta Wyborcza&#8221;. Tego dnia p\u00f3\u017anym wieczorem policja zosta\u0142a wezwana do jednego z mieszka\u0144, w kt\u00f3rym funkcjonariusze znale\u017ali pobitego 41-letniego obywatela Ukrainy Jurija L.<\/p>\n<p class=\"ods-c-paragraph \">Jak ustali\u0142a policja, tego samego dnia rano m\u0119\u017cczyzna zosta\u0142 przy\u0142apany na pr\u00f3bie kradzie\u017cy piwa w jednym z osiedlowych sklep\u00f3w. Gdy od\u0142o\u017cy\u0142 butelk\u0119 i chcia\u0142 wyj\u015b\u0107, to pracownice zamkn\u0119\u0142y drzwi i zatrzyma\u0142y go w \u015brodku. W zamian, aby nie wzywa\u0107 policji, za\u017c\u0105da\u0142y od m\u0119\u017cczyzny 1 tys. z\u0142, gdy\u017c mia\u0142a to nie by\u0107 pierwsza taka sytuacja z jego udzia\u0142em.<\/p>\n<p class=\"ods-c-paragraph \">Ukrainiec o\u015bwiadczy\u0142, \u017ce mo\u017ce zap\u0142aci\u0107 500 z\u0142. Jedna z pracownic sklepu Anna H. mia\u0142a powiedzie\u0107, \u017ce si\u0119 go boi i przekaza\u0142a, aby m\u0119\u017cczyzna zapisa\u0142 swoje dane na paragonie. W tym czasie do sklepu przysz\u0142o dw\u00f3ch klient\u00f3w, kt\u00f3rzy byli dobrze znani pracownicom. Jeden z nich zaproponowa\u0142 pomoc i zrobi\u0142 zdj\u0119cie danych, kt\u00f3re by\u0142y na paragonie. Ukrainiec zap\u0142aci\u0142 500 z\u0142 i wyszed\u0142 ze sklepu.<\/p>\n<p class=\"ods-c-paragraph \">Jak opisuje prokuratura w rozmowie z &#8222;Gazet\u0105 Wyborcz\u0105&#8221;, nast\u0119pnie oko\u0142o godz. 19 pod jednym z blok\u00f3w Ukrainiec zosta\u0142 zaatakowany przez grup\u0119 m\u0119\u017cczyzn w wieku 20-25 lat. Jeden z napastnik\u00f3w mia\u0142 sprawdza\u0107 co\u015b w telefonie, a nast\u0119pnie mia\u0142 krzykn\u0105\u0107 w kierunku Ukrai\u0144ca, \u017ce to on &#8222;ukrad\u0142 piwo w sklepie u mojej mamy&#8221;. \u2014 W trakcie ataku wykrzykiwali, \u017ce &#8222;Polska jest dla Polak\u00f3w a ty Ukrai\u0144cu wyp\u2026aj na Ukrain\u0119, id\u017a walczy\u0107 na wojnie&#8221; \u2014 opisuje w rozmowie z &#8222;GW&#8221; prokurator Cezary O\u0142tarzewski. Sprawcy rozbiegli si\u0119, gdy przechodnie zacz\u0119li krzycze\u0107. 41-latek trafi\u0142 do szpitala, a jego stan lekarze okre\u015blali jako ci\u0119\u017cki.<\/p>\n<p class=\"ods-c-paragraph \">23 grudnia policja zatrzyma\u0142a w tej sprawie w\u0142a\u015bcicielk\u0119 sklepu Ann\u0119 H., jej syna Jakuba H. i siostr\u0119 Mart\u0119 U. Nast\u0119pnie ustalono, \u017ce Jakub H. w chwili zdarzenia by\u0142 poza Radomiem. Natomiast obie kobiety przyzna\u0142y si\u0119 do bezprawnego uwi\u0119zienia m\u0119\u017cczyzny w sklepie i bezprawnego \u017c\u0105dania pieni\u0119dzy. Anna H. zaprzeczy\u0142a, aby zleca\u0142a komu\u015b pobicie. Zezna\u0142a, \u017ce m\u0119\u017cczyzna, kt\u00f3ry zrobi\u0142 zdj\u0119cie danych z paragonu to by\u0142y zawodnik MMA Aleks R.<\/p>\n<p class=\"ods-c-paragraph \">Aleks R. zosta\u0142 zatrzymany przez policj\u0119 24 grudnia. Us\u0142ysza\u0142 zarzut udzia\u0142u w pobiciu, kt\u00f3rego skutkiem jest ci\u0119\u017cki uszczerbek na zdrowiu Jurija L., z powodu jego przynale\u017cno\u015bci narodowej. Jak przekaza\u0142a prokuratura, m\u0119\u017cczyzna przyzna\u0142 si\u0119 do zarzuconego mu czynu. Zastosowano wobec niego areszt na dwa miesi\u0105ce.<\/p>\n","protected":false},"excerpt":{"rendered":"&#8222;Niedawno w mie\u015bcie Radom w Rzeczypospolitej Polskiej obywatel Ukrainy pad\u0142 ofiar\u0105 zbiorowego napadu po incydencie, kt\u00f3ry zosta\u0142 rozstrzygni\u0119ty&hellip;\n","protected":false},"author":2,"featured_media":180822,"comment_status":"","ping_status":"","sticky":false,"template":"","format":"standard","meta":{"footnotes":""},"categories":[12],"tags":[32,33,36,37,27,34,35,28,31,48,25,46,42,38,414,40,39,41,47,29,30,435,11262,26],"class_list":{"0":"post-180821","1":"post","2":"type-post","3":"status-publish","4":"format-standard","5":"has-post-thumbnail","7":"category-polska","8":"tag-breaking-news","9":"tag-breakingnews","10":"tag-featured-news","11":"tag-featurednews","12":"tag-headlines","13":"tag-latest-news","14":"tag-latestnews","15":"tag-naglowki","16":"tag-najwazniejsze-artykuly","17":"tag-nat_styl","18":"tag-news","19":"tag-omp","20":"tag-pl","21":"tag-poland","22":"tag-policja","23":"tag-polish","24":"tag-polska","25":"tag-polski","26":"tag-screening_general","27":"tag-top-stories","28":"tag-topstories","29":"tag-warszawa","30":"tag-wasyl_bodnar","31":"tag-wiadomosci"},"share_on_mastodon":{"url":"https:\/\/pubeurope.com\/@pl\/115816775229286893","error":""},"_links":{"self":[{"href":"https:\/\/www.europesays.com\/pl\/wp-json\/wp\/v2\/posts\/180821","targetHints":{"allow":["GET"]}}],"collection":[{"href":"https:\/\/www.europesays.com\/pl\/wp-json\/wp\/v2\/posts"}],"about":[{"href":"https:\/\/www.europesays.com\/pl\/wp-json\/wp\/v2\/types\/post"}],"author":[{"embeddable":true,"href":"https:\/\/www.europesays.com\/pl\/wp-json\/wp\/v2\/users\/2"}],"replies":[{"embeddable":true,"href":"https:\/\/www.europesays.com\/pl\/wp-json\/wp\/v2\/comments?post=180821"}],"version-history":[{"count":0,"href":"https:\/\/www.europesays.com\/pl\/wp-json\/wp\/v2\/posts\/180821\/revisions"}],"wp:featuredmedia":[{"embeddable":true,"href":"https:\/\/www.europesays.com\/pl\/wp-json\/wp\/v2\/media\/180822"}],"wp:attachment":[{"href":"https:\/\/www.europesays.com\/pl\/wp-json\/wp\/v2\/media?parent=180821"}],"wp:term":[{"taxonomy":"category","embeddable":true,"href":"https:\/\/www.europesays.com\/pl\/wp-json\/wp\/v2\/categories?post=180821"},{"taxonomy":"post_tag","embeddable":true,"href":"https:\/\/www.europesays.com\/pl\/wp-json\/wp\/v2\/tags?post=180821"}],"curies":[{"name":"wp","href":"https:\/\/api.w.org\/{rel}","templated":true}]}}