{"id":180829,"date":"2025-12-31T23:31:10","date_gmt":"2025-12-31T23:31:10","guid":{"rendered":"https:\/\/www.europesays.com\/pl\/180829\/"},"modified":"2025-12-31T23:31:10","modified_gmt":"2025-12-31T23:31:10","slug":"tajemnicza-reklama-intryguje-fanow-apple-wielka-aktualizacja-za-rogiem","status":"publish","type":"post","link":"https:\/\/www.europesays.com\/pl\/180829\/","title":{"rendered":"Tajemnicza reklama intryguje fan\u00f3w Apple. Wielka aktualizacja za rogiem?"},"content":{"rendered":"\n<p class=\"text-lg md:text-xl mb-6 leading-8 md:leading-9 font-inter px-4 md:px-0 relative z-1\" data-v-de169c3e=\"\">C\u00f3\u017c pozostaje w ostatni dzie\u0144 roku jak nie zapowiedzie\u0107 co\u015b\u00a0du\u017cego na jutrzejsze rozpocz\u0119cie 2026? Apple tak my\u015bli i w\u0142a\u015bnie to uczynili.<\/p>\n<p>Dzisiaj ostatni dzie\u0144 roku, a wi\u0119c zapewne pora kiedy wielu z nas szykuje si\u0119 na wieczorne \u015bwi\u0119towanie, w trakcie kt\u00f3rego mo\u017ce pa\u015b\u0107 pytanie rozpoczynaj\u0105ce ca\u0142\u0105 dyskusj\u0119: jakie jest twoje postanowienie noworoczne? Temat rzeka, lecz jednym z popularniejszych jest pewnie si\u0142ownia i podobne wyzwania fizyczne. Z tej okazji Apple zdecydowa\u0142o si\u0119 opublikowa\u0107 tajemnicz\u0105 reklam\u0119, kt\u00f3ra mo\u017ce zach\u0119ci\u0107, aby to w\u0142a\u015bnie oni stali si\u0119 cz\u0119\u015bci\u0105 \u017cycze\u0144 na 2026.<\/p>\n<p>  Tajemnicza reklama intryguje fan\u00f3w Apple. Aplikacja dostanie co\u015b du\u017cego <\/p>\n<p>Apple w\u0142a\u015bnie <a href=\"https:\/\/www.instagram.com\/reel\/DS5nXYzEnJz\/?utm_source=ig_web_button_share_sheet\" rel=\"nofollow noopener\" target=\"_blank\">opublikowa\u0142o zajawk\u0119<\/a> na Instragramie, a dok\u0142adnie na profilu Apple Fitness+. Zapowiada, \u017ce &#8222;co\u015b du\u017cego&#8221; trafi do us\u0142ugi w nadchodz\u0105cym (ju\u017c jutro!) 2026 roku. W kr\u00f3tkim wideo bohaterowie czytaj\u0105 fikcyjn\u0105 gazet\u0119 Apple Fitness+ Times z nag\u0142\u00f3wkami w stylu bardzo pasujacym do atmosfery 31. grudnia.<\/p>\n<p>    Apple <\/p>\n<p>S\u0105 to wielkie has\u0142a jak ODLICZANIE ROZPOCZ\u0118TE i CO PLANUJE APPLE FITNESS+ NA NOWY ROK!?, a to naturalnie nie tyle jasno sygnalizuje, co wrzeszczy nam prosto do ucha styczniow\u0105 niespodziank\u0119 poprzez rozbudow\u0119 oferty. Mia\u0142oby to sens w \u015bwietle doniesie\u0144 znanego insidera Apple Marka Gurmana, kt\u00f3ry na <a href=\"https:\/\/www.bloomberg.com\/news\/newsletters\/2025-11-09\/apple-iphone-satellite-plans-image-texting-third-party-apps-low-cost-macbook-mhrq10p2?cmpid=BBD110925_POWERON&amp;utm_medium=email&amp;utm_source=newsletter&amp;utm_term=251109&amp;utm_campaign=poweron\" rel=\"nofollow noopener\" target=\"_blank\">\u0142amach Bloomberga<\/a> m\u00f3wi\u0142, \u017ce aplikacja Fitness+ i jej perspektywy na przysz\u0142o\u015b\u0107 zosta\u0142y wzi\u0119te pod lup\u0119, co mog\u0142o budzi\u0107 w\u0105tpliwo\u015bci o jej byt, jednocze\u015bnie jednak Apple przecie\u017c \u00a0rozbudowuje us\u0142ug\u0119 i intensywnie j\u0105 promuje.<\/p>\n<p>Zaledwie w tym miesi\u0105cu,<a href=\"https:\/\/antyweb.pl\/apple-fitness-w-polsce-zachwyca-i-rozczarowuje-czy-warto-dac-mu-szanse\" rel=\"nofollow noopener\" target=\"_blank\"> pisali\u015bmy o tym, \u017ce firma rozszerzy\u0142a dost\u0119pno\u015b\u0107<\/a> Fitness+ na 28 nowych rynk\u00f3w, a w tym i Polsk\u0119. Wykorzystuj\u0105c do tego swoj\u0105 technologi\u0119 sztucznej inteligencji, odpowiedzialnej za stworzenie dubbingu dla \u0142atwiejszej lokalizacji tre\u015bci. Na domiar w planach jest tak\u017ce start w Japonii i to ju\u017c na pocz\u0105tku przysz\u0142ego roku. B\u0119dzie to prawdopodobnie najwi\u0119kszy test kontrolny us\u0142ugi, bowiem Japonia jest szalenie ogromny rynkiem sprz\u0119t\u00f3w Apple. Wszystkie te dzia\u0142ania wskazuj\u0105 za\u015b na dwutorowy plan, z jednej strony wa\u017cy si\u0119 przysz\u0142o\u015b\u0107 Fitness+, ale z drugiej, wci\u0105\u017c pompuj\u0105 pieni\u0105dze w zwi\u0119kszanie jej zasi\u0119gu poprzez otwieranie si\u0119 na kolejne rynki.<\/p>\n<p>Czytaj dalej poni\u017cej <a href=\"https:\/\/antyweb.pl\/czy-to-bedzie-nowa-technologia-w-sprzecie-apple-te-ekrany-kusza-jakoscia-od-wejscia\" aria-label=\"Czy to b\u0119dzie nowa technologia w sprz\u0119cie Apple? Te ekrany kusz\u0105 jako\u015bci\u0105 od wej\u015bcia\" data-v-34dfeb02=\"\" rel=\"nofollow noopener\" target=\"_blank\"> <img src=\"https:\/\/www.europesays.com\/pl\/wp-content\/uploads\/2025\/11\/apple_logo.jpg\" alt=\"Czy to b\u0119dzie nowa technologia w sprz\u0119cie Apple? Te ekrany kusz\u0105 jako\u015bci\u0105 od wej\u015bcia\" width=\"294\" height=\"166\" loading=\"lazy\" decoding=\"async\" class=\"placeholder__image\" data-v-7665aa9d=\"\"\/><\/a> <a href=\"https:\/\/antyweb.pl\/apple-pracowalo-nad-kolorowymi-airpodsami-tak-mialy-wygladac\" aria-label=\"Apple pracowa\u0142o nad kolorowymi AirPodsami. Tak mia\u0142y wygl\u0105da\u0107\" data-v-34dfeb02=\"\" rel=\"nofollow noopener\" target=\"_blank\"> <img src=\"https:\/\/www.europesays.com\/pl\/wp-content\/uploads\/2025\/12\/airpods-2-usb-c_15.jpg\" alt=\"Apple pracowa\u0142o nad kolorowymi AirPodsami. Tak mia\u0142y wygl\u0105da\u0107\" width=\"294\" height=\"166\" loading=\"lazy\" decoding=\"async\" class=\"placeholder__image\" data-v-7665aa9d=\"\"\/><\/a>     Apple <\/p>\n<p>Sama zajawka niestety nie zdradza za bardzo konkret\u00f3w, ale mocno sugeruje noworoczny kontekst i moc zupe\u0142nie \u015bwie\u017cych nagra\u0144 z trenerami. Jeden z nag\u0142\u00f3wk\u00f3w zach\u0119ca do uwa\u017cnego \u015bledzenia styczniowych nowo\u015bci, Apple do\u015b\u0107 bezpo\u015brednio nawo\u0142uje poprzez jeden z nag\u0142\u00f3wk\u00f3w: EKSPERCI PRZEWIDUJ\u0104, \u017bE STYCZE\u0143 JEST WART SZCZEG\u00d3LNEJ UWAGI. Jak tu si\u0119 z tym k\u0142\u00f3ci\u0107? Nie pozostaje nic innego jak zaopatrzy\u0107 si\u0119 w Apple Watch i da\u0107 szans\u0119 czemu\u015b nowemu w nadchodz\u0105cym 2026.<\/p>\n<blockquote>\n<p>&#8222;Treningi mo\u017cna \u0142\u0105czy\u0107 w programy, a wszystko to zsynchronizowane jest z ekosystemem Apple i oczywi\u015bcie zegarkiem Apple Watch, kt\u00f3ry stanowi integraln\u0105 cz\u0119\u015b\u0107 ca\u0142ego do\u015bwiadczenia, pe\u0142ni\u0105c rol\u0119 monitora aktywno\u015bci. Wygl\u0105da to wszystko bardzo schludnie i co najwa\u017cniejsze, jest dost\u0119pne po polsku (interfejs, trenerzy pos\u0142uguj\u0105 si\u0119 angielskim).&#8221; \u2013 <a href=\"https:\/\/antyweb.pl\/apple-fitness-juz-w-polsce-jak-skorzystac-za-darmo\" rel=\"nofollow noopener\" target=\"_blank\">jak pisa\u0142 Patryk<\/a><\/p>\n<\/blockquote>\n<p>Tym bardziej, \u017ce na nowy rok mo\u017ce by\u0107 pod k\u0105tem smart zegarka prze\u0142omowy ze wzgl\u0119du na zapowiadany osobny, nap\u0119dzany przez technologi\u0119 AI serwis zdrowotny Apple (jednak aktualny materia\u0142 nie wydaje si\u0119 bezpo\u015brednio z nim zwi\u0105zany). P\u00f3ki co, Apple sygnalizuje, \u017ce Fitness+ pozostaje istotnym elementem ekosystemu i b\u0119dzie otrzymywa\u0107 nowo\u015bci, od nowych program\u00f3w treningowych po dalsze eksperymenty z AI w lokalizacji i personalizacji tre\u015bci. Przed tym, cho\u0107by\u015bmy chcieli, niestety uciec si\u0119 nie da. Kolejne szczeg\u00f3\u0142y prawdopodobnie poznamy wraz z ODLICZANIEM na pocz\u0105tku roku.<\/p>\n<p>\u00a0<\/p>\n<p>\u0179r\u00f3d\u0142o: <a href=\"https:\/\/9to5mac.com\/2025\/12\/30\/apple-fitness-something-big-coming-in-2026\/\" rel=\"nofollow noopener\" target=\"_blank\">9to5mac<\/a><\/p>\n<p> <script async src=\"\/\/www.instagram.com\/embed.js\"><\/script><\/p>\n","protected":false},"excerpt":{"rendered":"C\u00f3\u017c pozostaje w ostatni dzie\u0144 roku jak nie zapowiedzie\u0107 co\u015b\u00a0du\u017cego na jutrzejsze rozpocz\u0119cie 2026? Apple tak my\u015bli i&hellip;\n","protected":false},"author":2,"featured_media":130687,"comment_status":"","ping_status":"","sticky":false,"template":"","format":"standard","meta":{"footnotes":""},"categories":[20],"tags":[120,118,119,42,38,40,39,41,116,114,115,121,117],"class_list":{"0":"post-180829","1":"post","2":"type-post","3":"status-publish","4":"format-standard","5":"has-post-thumbnail","7":"category-nauka-i-technika","8":"tag-nauka","9":"tag-nauka-i-technika","10":"tag-naukatechnika","11":"tag-pl","12":"tag-poland","13":"tag-polish","14":"tag-polska","15":"tag-polski","16":"tag-science","17":"tag-science-and-technology","18":"tag-sciencetechnology","19":"tag-technika","20":"tag-technology"},"share_on_mastodon":{"url":"https:\/\/pubeurope.com\/@pl\/115816790937258007","error":""},"_links":{"self":[{"href":"https:\/\/www.europesays.com\/pl\/wp-json\/wp\/v2\/posts\/180829","targetHints":{"allow":["GET"]}}],"collection":[{"href":"https:\/\/www.europesays.com\/pl\/wp-json\/wp\/v2\/posts"}],"about":[{"href":"https:\/\/www.europesays.com\/pl\/wp-json\/wp\/v2\/types\/post"}],"author":[{"embeddable":true,"href":"https:\/\/www.europesays.com\/pl\/wp-json\/wp\/v2\/users\/2"}],"replies":[{"embeddable":true,"href":"https:\/\/www.europesays.com\/pl\/wp-json\/wp\/v2\/comments?post=180829"}],"version-history":[{"count":0,"href":"https:\/\/www.europesays.com\/pl\/wp-json\/wp\/v2\/posts\/180829\/revisions"}],"wp:featuredmedia":[{"embeddable":true,"href":"https:\/\/www.europesays.com\/pl\/wp-json\/wp\/v2\/media\/130687"}],"wp:attachment":[{"href":"https:\/\/www.europesays.com\/pl\/wp-json\/wp\/v2\/media?parent=180829"}],"wp:term":[{"taxonomy":"category","embeddable":true,"href":"https:\/\/www.europesays.com\/pl\/wp-json\/wp\/v2\/categories?post=180829"},{"taxonomy":"post_tag","embeddable":true,"href":"https:\/\/www.europesays.com\/pl\/wp-json\/wp\/v2\/tags?post=180829"}],"curies":[{"name":"wp","href":"https:\/\/api.w.org\/{rel}","templated":true}]}}