{"id":180991,"date":"2026-01-01T02:00:10","date_gmt":"2026-01-01T02:00:10","guid":{"rendered":"https:\/\/www.europesays.com\/pl\/180991\/"},"modified":"2026-01-01T02:00:10","modified_gmt":"2026-01-01T02:00:10","slug":"viki-gabor-w-calkiem-nowej-odslonie-rozowe-wlosy-i-plaszcz-w-cetki","status":"publish","type":"post","link":"https:\/\/www.europesays.com\/pl\/180991\/","title":{"rendered":"Viki Gabor w ca\u0142kiem nowej ods\u0142onie. R\u00f3\u017cowe w\u0142osy i p\u0142aszcz w c\u0119tki"},"content":{"rendered":"<p class=\"Paragraph_desktopParagraph__U31Gm\">Katowicki Spodek sta\u0142 si\u0119 aren\u0105 jednej z najg\u0142o\u015bniejszych i najbardziej wyczekiwanych imprez sylwestrowych w Polsce. W\u015br\u00f3d artyst\u00f3w, kt\u00f3rzy wyst\u0105pili podczas &#8222;<a href=\"https:\/\/plejada.pl\/temat\/sylwester-z-dwojka\/r6m4kj8\" id=\"94281a0b-770c-4dd1-9e3e-5b31bf64bd9a\" rel=\"nofollow noopener\" target=\"_blank\">Sylwestra z Dw\u00f3jk\u0105<\/a>&#8222;, znalaz\u0142y si\u0119 zar\u00f3wno najwi\u0119ksze nazwiska polskiej sceny muzycznej, jak i \u015bwiatowe gwiazdy. Na scenie pojawili si\u0119 m.in. Sting, Maryla Rodowicz, Justyna Steczkowska, Dawid Kwiatkowski, Micha\u0142 Szpak oraz Doda. Po p\u00f3\u0142nocy wyst\u0105pi\u0142a te\u017c <a href=\"https:\/\/plejada.pl\/temat\/viki-gabor\/fy04ed0\" id=\"c2a94aa0-79c1-4962-a53f-fc9fd9c8a577\" rel=\"nofollow noopener\" target=\"_blank\">Viki Gabor<\/a>.<\/p>\n<ul class=\"OchatFollowUps_wrapper__1ry7X\">\n<li class=\"OchatFollowUps_item__Dhyly OchatFollowUps_itemDesktop__R6aBv\">Jakie imi\u0119 nosi artystka, kt\u00f3ra wyst\u0105pi\u0142a na 'Sylwestrze z Dw\u00f3jk\u0105&#8217;?<\/li>\n<li class=\"OchatFollowUps_item__Dhyly OchatFollowUps_itemDesktop__R6aBv\">Jakie zmiany na wygl\u0105dzie mia\u0142a Viki Gabor?<\/li>\n<li class=\"OchatFollowUps_item__Dhyly OchatFollowUps_itemDesktop__R6aBv\">Kto og\u0142osi\u0142 \u015blub Viki Gabor?<\/li>\n<li class=\"OchatFollowUps_item__Dhyly OchatFollowUps_itemDesktop__R6aBv\">Jakie znane osoby wyst\u0105pi\u0142y podczas imprezy sylwestrowej?<\/li>\n<\/ul>\n<p class=\"Paragraph_desktopParagraph__U31Gm\">Artystka, kt\u00f3ra postawi\u0142a na nowy wizerunek, nie zdecydowa\u0142a si\u0119 jednak na rozmowy z mediami. W poprzednich dniach g\u0142o\u015bno by\u0142o o nagraniu z jej udzia\u0142em, kt\u00f3re opublikowa\u0142 Bogdan Trojanek \u2014 znany romski muzyk i dziadek Giovanniego, partnera 18-letniej piosenkarki. Na filmie Trojanek og\u0142osi\u0142, \u017ce jego wnuk i Viki Gabor zawarli \u015blub zgodnie z romsk\u0105 tradycj\u0105.<\/p>\n<p class=\"Paragraph_desktopParagraph__U31Gm\">Na &#8222;Sylwestrze z Dw\u00f3jk\u0105&#8221; Viki Gabor nie przypomina\u0142a siebie. Zobacz, jak pozowa\u0142a do zdj\u0119\u0107 i jak prezentowa\u0142a si\u0119 na scenie.<\/p>\n<p>Viki Gabor w ca\u0142kiem nowej ods\u0142onie. R\u00f3\u017cowe w\u0142osy i p\u0142aszcz w c\u0119tki [ZDJ\u0118CIA] <img decoding=\"async\" class=\"Image_image__0tuHp Image_autoHeight__f2n87 \" height=\"382\" width=\"572\" src=\"https:\/\/www.europesays.com\/pl\/wp-content\/uploads\/2026\/01\/Zgok9kpTURBXy83YjJjNjNiNmRjMTk5ZWEwZTYwY2U4NTBmMmQ1MGU2NC5qcGeSlQLNAjwAwsOVAgDNAtDCw94AA6EwAaExAaEzw.jpeg\" alt=\"Viki Gabor\" loading=\"lazy\" \/>MW Media<img decoding=\"async\" class=\"Image_image__0tuHp Image_autoHeight__f2n87 \" height=\"720\" width=\"480\" src=\"https:\/\/www.europesays.com\/pl\/wp-content\/uploads\/2026\/01\/SVCk9kpTURBXy81N2ZmY2JkOTBiNGIzZDM5NjM2YWUxMWIzMjg5YWI3OC5qcGeSlQLNAjwAwsOVAgDNAtDCw94AA6EwAaExAaEzw.jpeg\" alt=\"Viki Gabor\" loading=\"lazy\" \/>MW Media<\/p>\n","protected":false},"excerpt":{"rendered":"Katowicki Spodek sta\u0142 si\u0119 aren\u0105 jednej z najg\u0142o\u015bniejszych i najbardziej wyczekiwanych imprez sylwestrowych w Polsce. W\u015br\u00f3d artyst\u00f3w, kt\u00f3rzy&hellip;\n","protected":false},"author":2,"featured_media":180992,"comment_status":"","ping_status":"","sticky":false,"template":"","format":"standard","meta":{"footnotes":""},"categories":[22],"tags":[761,122,261,3846,53,52,68,51,55,42,38,40,39,41,123,47,22478,50,2027],"class_list":{"0":"post-180991","1":"post","2":"type-post","3":"status-publish","4":"format-standard","5":"has-post-thumbnail","7":"category-rozrywka","8":"tag-divert_me","9":"tag-entertainment","10":"tag-kultura","11":"tag-metamorfoza","12":"tag-new_header","13":"tag-onet3","14":"tag-onet3d","15":"tag-onet3d_2i","16":"tag-phx","17":"tag-pl","18":"tag-poland","19":"tag-polish","20":"tag-polska","21":"tag-polski","22":"tag-rozrywka","23":"tag-screening_general","24":"tag-sylwester_z_dwojka","25":"tag-v2021","26":"tag-viki_gabor"},"share_on_mastodon":{"url":"https:\/\/pubeurope.com\/@pl\/115817376821786939","error":""},"_links":{"self":[{"href":"https:\/\/www.europesays.com\/pl\/wp-json\/wp\/v2\/posts\/180991","targetHints":{"allow":["GET"]}}],"collection":[{"href":"https:\/\/www.europesays.com\/pl\/wp-json\/wp\/v2\/posts"}],"about":[{"href":"https:\/\/www.europesays.com\/pl\/wp-json\/wp\/v2\/types\/post"}],"author":[{"embeddable":true,"href":"https:\/\/www.europesays.com\/pl\/wp-json\/wp\/v2\/users\/2"}],"replies":[{"embeddable":true,"href":"https:\/\/www.europesays.com\/pl\/wp-json\/wp\/v2\/comments?post=180991"}],"version-history":[{"count":0,"href":"https:\/\/www.europesays.com\/pl\/wp-json\/wp\/v2\/posts\/180991\/revisions"}],"wp:featuredmedia":[{"embeddable":true,"href":"https:\/\/www.europesays.com\/pl\/wp-json\/wp\/v2\/media\/180992"}],"wp:attachment":[{"href":"https:\/\/www.europesays.com\/pl\/wp-json\/wp\/v2\/media?parent=180991"}],"wp:term":[{"taxonomy":"category","embeddable":true,"href":"https:\/\/www.europesays.com\/pl\/wp-json\/wp\/v2\/categories?post=180991"},{"taxonomy":"post_tag","embeddable":true,"href":"https:\/\/www.europesays.com\/pl\/wp-json\/wp\/v2\/tags?post=180991"}],"curies":[{"name":"wp","href":"https:\/\/api.w.org\/{rel}","templated":true}]}}