{"id":181039,"date":"2026-01-01T03:17:19","date_gmt":"2026-01-01T03:17:19","guid":{"rendered":"https:\/\/www.europesays.com\/pl\/181039\/"},"modified":"2026-01-01T03:17:19","modified_gmt":"2026-01-01T03:17:19","slug":"sylwestra-z-dwojka-doda-szykuje-show-na-swiatowym-poziomie-znamy-szczegoly","status":"publish","type":"post","link":"https:\/\/www.europesays.com\/pl\/181039\/","title":{"rendered":"&#8222;Sylwestra z Dw\u00f3jk\u0105&#8221;. Doda szykuje &#8222;show na \u015bwiatowym poziomie&#8221;. Znamy szczeg\u00f3\u0142y"},"content":{"rendered":"<p class=\"ods-c-paragraph \">Katowice b\u0119d\u0105 aren\u0105 tegorocznego &#8222;Sylwestra z Dw\u00f3jk\u0105&#8221;, kt\u00f3ry wystartuje o godz. 19.50 na antenie TVP2. Widzowie mog\u0105 spodziewa\u0107 si\u0119 prawdziwej plejady gwiazd. Obok Stinga na scenie pojawi\u0105 si\u0119 mi\u0119dzy innymi Justyna Steczkowska, <a href=\"https:\/\/plejada.pl\/temat\/maryla-rodowicz-artystka\/wmdf87s\" id=\"92941f94-2361-4a63-9c14-49056a9aaf99\" rel=\"nofollow noopener\" target=\"_blank\">Maryla Rodowicz<\/a>, Kayah, Margaret oraz Dawid Kwiatkowski.<\/p>\n<p>Dalszy ci\u0105g artyku\u0142u pod materia\u0142em wideo<\/p>\n<p> Kim jest artystka otwieraj\u0105ca Sylwestra z Dw\u00f3jk\u0105? <\/p>\n<p> O kt\u00f3rej godzinie rozpocznie si\u0119 koncert? <\/p>\n<p> Jakie atrakcje s\u0105 zaplanowane na sylwestrowym koncercie? <\/p>\n<p> Jakie problemy napotka\u0142a Doda podczas przygotowa\u0144? <\/p>\n<p>  Wiemy, kto rozpocznie sylwestra TVP. Zapowiada si\u0119 widowisko<\/p>\n<p class=\"ods-c-paragraph \">W\u015br\u00f3d artyst\u00f3w wyst\u0119puj\u0105cych podczas sylwestrowego koncertu w Katowicach znajdzie si\u0119 r\u00f3wnie\u017c <a href=\"https:\/\/plejada.pl\/temat\/doda-piosenkarka-dorota-rabczewska\/69zbzpz\" id=\"56a64f32-8252-4e5a-9fb4-07a3fd137c75\" rel=\"nofollow noopener\" target=\"_blank\">Doda<\/a>, kt\u00f3ra \u2014 jak uda\u0142o nam si\u0119 ustali\u0107 \u2014 otworzy ca\u0142e wydarzenie. Organizatorzy zapowiadaj\u0105 spektakularny pocz\u0105tek.<\/p>\n<blockquote class=\"ods-o-quota\">\n<p class=\"ods-o-quota__paragraph\">Otwarcie, jakie zafunduje nam Doda, to show na \u015bwiatowym poziomie. Jak zwykle w jej przypadku mo\u017cemy liczy\u0107 na pe\u0142en profesjonalizm i pomys\u0142owo\u015b\u0107 w kwestii scenografii oraz efekt\u00f3w specjalnych. Nie zabraknie tancerzy i\u2026 kaskader\u00f3w<\/p>\n<\/blockquote>\n<p class=\"ods-c-paragraph \">\u2014 zdradza Plejadzie osoba zwi\u0105zana z produkcj\u0105.<\/p>\n<p class=\"ods-c-paragraph \">Kilka dni temu Doda zdradzi\u0142a, \u017ce jej wyst\u0119p podczas sylwestrowego koncertu w katowickim Spodek b\u0119dzie wyra\u017anym uk\u0142onem w stron\u0119 legendarnego show z 2008 r. Artystka planuje efektowne wej\u015bcie \u2014 ma pojawi\u0107 si\u0119 na scenie, wychodz\u0105c z konstrukcji przypominaj\u0105cej &#8222;wisz\u0105cy, ludzki \u017cyrandol&#8221;. W przygotowania widowiska zaanga\u017cowano akrobat\u00f3w, kaskader\u00f3w oraz alpinist\u00f3w, kt\u00f3rzy od kilku tygodni \u0107wicz\u0105 skomplikowane i wymagaj\u0105ce uk\u0142ady. <\/p>\n<p class=\"ods-c-paragraph \">Jak przyzna\u0142a sama artystka, przygotowania do sylwestrowego wyst\u0119pu nie przebiegaj\u0105 bez problem\u00f3w. Podczas pr\u00f3b pojawi\u0142y si\u0119 k\u0142opoty techniczne, kt\u00f3re wymusi\u0142y zmiany w pierwotnym scenariuszu show. Doda podkre\u015bli\u0142a, \u017ce cz\u0119\u015b\u0107 element\u00f3w trzeba by\u0142o przeprojektowa\u0107, by zwi\u0119kszy\u0107 bezpiecze\u0144stwo i ograniczy\u0107 ryzyko nieprzewidzianych zdarze\u0144 podczas wyst\u0119pu na \u017cywo.<\/p>\n<blockquote class=\"ods-o-quota\">\n<p class=\"ods-o-quota__paragraph\">Mamy par\u0119 komplikacji zwi\u0105zanych ze scen\u0105, z choreografi\u0105. Bardzo du\u017co r\u00f3\u017cnych czynnik\u00f3w: alpini\u015bci, podwieszania, najmniejsze sekundy, najmniejsze zawahanie zapi\u0119cia uprz\u0119\u017cy, wypi\u0119cia i le\u017cymy z ca\u0142ym show. Naprawd\u0119 mn\u00f3stwo czynnik\u00f3w si\u0119 na to sk\u0142ada, pracy bardzo wielu ludzi, wi\u0119c czekam i jeszcze raz musz\u0119 wyj\u015b\u0107 i jeszcze zrobi\u0107 jedno wej\u015bcie, poniewa\u017c musieli\u015bmy zmieni\u0107 ca\u0142\u0105 koncepcj\u0119<\/p>\n<\/blockquote>\n<p class=\"ods-c-paragraph \">\u2014 wyzna\u0142a Doda na Instagramie. <\/p>\n<p class=\"ods-c-paragraph \">Dzi\u0119kujemy, \u017ce przeczyta\u0142a\u015b\/e\u015b nasz artyku\u0142 do ko\u0144ca. W serwisie Plejada.pl ka\u017cdego dnia piszemy o najwa\u017cniejszych wydarzeniach show-biznesowych. B\u0105d\u017a na bie\u017c\u0105co! <a rel=\"nofollow noopener\" href=\"https:\/\/profile.google.com\/cp\/Cg0vZy8xMWJ6X19wdHBx\" id=\"b6f83a5d-d242-49af-95fa-137742f05798\" target=\"_blank\">Obserwuj<\/a> Plejad\u0119 w Wiadomo\u015bciach Google. Odwied\u017a nas tak\u017ce na <a rel=\"nofollow noopener\" href=\"https:\/\/www.facebook.com\/plejadapl\" id=\"0a2c9846-8c8d-40ce-aaa0-8a2d52866ac3\" target=\"_blank\">Facebooku<\/a>, <a rel=\"nofollow noopener\" href=\"https:\/\/www.instagram.com\/plejadapl\/\" id=\"eacf5af2-6b42-4876-b6cb-b0f21f424977\" target=\"_blank\">Instagramie<\/a>, <a rel=\"nofollow noopener\" href=\"https:\/\/www.youtube.com\/c\/plejada\" id=\"dceffec7-3cc2-41d3-9e6b-67ea17b786a0\" target=\"_blank\">YouTube<\/a> oraz <a rel=\"nofollow noopener\" href=\"https:\/\/www.tiktok.com\/@plejada_pl\" id=\"bc74baf9-8e06-4421-9660-e6bce5721804\" target=\"_blank\">TikToku<\/a>.<\/p>\n<p class=\"ods-c-paragraph \">Chcesz podzieli\u0107 si\u0119 ciekawym newsem lub zaproponowa\u0107 temat? Skontaktuj si\u0119 z nami, pisz\u0105c e-maila na adres: <a rel=\"nofollow noopener\" href=\"https:\/\/plejada.pl\/newsy\/sylwestra-z-dwojka-doda-szykuje-show-na-swiatowym-poziomie-znamy-szczegoly\/mailto:plejada@redakcjaonet.pl\" id=\"d4744421-5284-42d7-8129-46173d0bbe25\" target=\"_blank\">plejada@redakcjaonet.pl<\/a>.<\/p>\n<p><script async src=\"\/\/www.instagram.com\/embed.js\"><\/script><script async src=\"\/\/www.tiktok.com\/embed.js\"><\/script><\/p>\n","protected":false},"excerpt":{"rendered":"Katowice b\u0119d\u0105 aren\u0105 tegorocznego &#8222;Sylwestra z Dw\u00f3jk\u0105&#8221;, kt\u00f3ry wystartuje o godz. 19.50 na antenie TVP2. Widzowie mog\u0105 spodziewa\u0107&hellip;\n","protected":false},"author":2,"featured_media":181040,"comment_status":"","ping_status":"","sticky":false,"template":"","format":"standard","meta":{"footnotes":""},"categories":[22],"tags":[15920,122,48,125,46,42,38,40,39,41,123,47,22478,506,338],"class_list":{"0":"post-181039","1":"post","2":"type-post","3":"status-publish","4":"format-standard","5":"has-post-thumbnail","7":"category-rozrywka","8":"tag-doda","9":"tag-entertainment","10":"tag-nat_styl","11":"tag-newsy","12":"tag-omp","13":"tag-pl","14":"tag-poland","15":"tag-polish","16":"tag-polska","17":"tag-polski","18":"tag-rozrywka","19":"tag-screening_general","20":"tag-sylwester_z_dwojka","21":"tag-tvp","22":"tag-tylko_w_plejadzie"},"share_on_mastodon":{"url":"https:\/\/pubeurope.com\/@pl\/115817679597228661","error":""},"_links":{"self":[{"href":"https:\/\/www.europesays.com\/pl\/wp-json\/wp\/v2\/posts\/181039","targetHints":{"allow":["GET"]}}],"collection":[{"href":"https:\/\/www.europesays.com\/pl\/wp-json\/wp\/v2\/posts"}],"about":[{"href":"https:\/\/www.europesays.com\/pl\/wp-json\/wp\/v2\/types\/post"}],"author":[{"embeddable":true,"href":"https:\/\/www.europesays.com\/pl\/wp-json\/wp\/v2\/users\/2"}],"replies":[{"embeddable":true,"href":"https:\/\/www.europesays.com\/pl\/wp-json\/wp\/v2\/comments?post=181039"}],"version-history":[{"count":0,"href":"https:\/\/www.europesays.com\/pl\/wp-json\/wp\/v2\/posts\/181039\/revisions"}],"wp:featuredmedia":[{"embeddable":true,"href":"https:\/\/www.europesays.com\/pl\/wp-json\/wp\/v2\/media\/181040"}],"wp:attachment":[{"href":"https:\/\/www.europesays.com\/pl\/wp-json\/wp\/v2\/media?parent=181039"}],"wp:term":[{"taxonomy":"category","embeddable":true,"href":"https:\/\/www.europesays.com\/pl\/wp-json\/wp\/v2\/categories?post=181039"},{"taxonomy":"post_tag","embeddable":true,"href":"https:\/\/www.europesays.com\/pl\/wp-json\/wp\/v2\/tags?post=181039"}],"curies":[{"name":"wp","href":"https:\/\/api.w.org\/{rel}","templated":true}]}}