{"id":181043,"date":"2026-01-01T03:43:07","date_gmt":"2026-01-01T03:43:07","guid":{"rendered":"https:\/\/www.europesays.com\/pl\/181043\/"},"modified":"2026-01-01T03:43:07","modified_gmt":"2026-01-01T03:43:07","slug":"rosja-oskarza-ukraine-o-atak-dronami-cia-rezydencja-putina-ani-on-sam-nie-byli-celami","status":"publish","type":"post","link":"https:\/\/www.europesays.com\/pl\/181043\/","title":{"rendered":"Rosja oskar\u017ca Ukrain\u0119 o atak dronami. CIA: rezydencja Putina ani on sam nie byli celami"},"content":{"rendered":"<ul class=\"UnorderedList_container__nmfSl\">\n<li class=\"UnorderedList_listElement__Py7xi\" data-id=\"ai-summary-link\">Du\u017co czytania, a ma\u0142o czasu? Sprawd\u017a\u00a0skr\u00f3t\u00a0artyku\u0142u<\/li>\n<\/ul>\n<p class=\"Paragraph_desktopParagraph__U31Gm\">Dziennik powo\u0142uje si\u0119 na wypowiedzi anonimowych urz\u0119dnik\u00f3w dzia\u0142aj\u0105cych w obszarze bezpiecze\u0144stwa narodowego oraz ocen\u0119 CIA, przytoczon\u0105 przez ameryka\u0144skiego oficjela.<\/p>\n<p class=\"Paragraph_desktopParagraph__U31Gm\">Wed\u0142ug \u017ar\u00f3d\u0142a gazety Ukraina chcia\u0142a zaatakowa\u0107 cel wojskowy, kt\u00f3ry ju\u017c by\u0142 obiektem wcze\u015bniejszego ataku i kt\u00f3ry znajdowa\u0142 si\u0119 w tym samym regionie, co rezydencja Putina, ale nie w jej pobli\u017cu.<\/p>\n<p class=\"VideoPlayerText_videoPlayerText__iDwyz\">Dalszy ci\u0105g materia\u0142u pod wideo<\/p>\n<ul class=\"OchatFollowUps_wrapper__1ry7X\">\n<li class=\"OchatFollowUps_item__Dhyly OchatFollowUps_itemDesktop__R6aBv\">Dlaczego Rosja oskar\u017ca Ukrain\u0119 o atak na will\u0119 Putina?<\/li>\n<li class=\"OchatFollowUps_item__Dhyly OchatFollowUps_itemDesktop__R6aBv\">Co m\u00f3wi CIA na temat ataku dronami?<\/li>\n<li class=\"OchatFollowUps_item__Dhyly OchatFollowUps_itemDesktop__R6aBv\">Jakie s\u0105 opinie Donalda Trumpa w sprawie ataku?<\/li>\n<li class=\"OchatFollowUps_item__Dhyly OchatFollowUps_itemDesktop__R6aBv\">Co stwierdzi\u0142 Wo\u0142odymyr Ze\u0142enski o oskar\u017ceniach Rosji?<\/li>\n<\/ul>\n<p>Trump zmienia zdanie w sprawie doniesie\u0144 o ataku na will\u0119 Putina <\/p>\n<p class=\"Paragraph_desktopParagraph__U31Gm\">Wcze\u015bniej <a href=\"https:\/\/wiadomosci.onet.pl\/swiat\/zaskakujacy-wpis-na-koncie-donalda-trumpa-dotyczy-slow-wladimira-putina\/rlzhqr8\" id=\"0af70ae3-3d43-4f76-9dfe-5ce607b1dd92\" rel=\"nofollow noopener\" target=\"_blank\">podobne zdanie zasygnalizowa\u0142 prezydent Donald Trump<\/a>, zamieszczaj\u0105c na swoim portalu spo\u0142eczno\u015bciowym link do komentarza rady redakcyjnej &#8222;New York Post&#8221; zatytu\u0142owany &#8222;Bzdury Putina o \u00bbataku\u00ab pokazuj\u0105, \u017ce to Rosja stoi na drodze do pokoju&#8221;.<\/p>\n<p class=\"Paragraph_desktopParagraph__U31Gm\">Artyku\u0142, kt\u00f3ry zamie\u015bci\u0142 Trump, przytacza\u0142 s\u0142owa prezydenta <a href=\"https:\/\/wiadomosci.onet.pl\/swiat\/europejskie-media-zgodne-po-spotkaniu-na-florydzie-droga-do-pokoju-niepewna\/h3kq458\" id=\"c3414b99-d9e7-4eab-b1ce-8ea70b04d395\" rel=\"nofollow noopener\" target=\"_blank\">po spotkaniu z Wo\u0142odymyrem Ze\u0142enskim na Florydzie<\/a> m\u00f3wi\u0105ce o tym, \u017ce koniec wojny jest &#8222;bli\u017cej ni\u017c kiedykolwiek wcze\u015bniej&#8221;, lecz \u2014 jak skomentowa\u0142 &#8222;New York Post&#8221; \u2014 &#8222;zamiast tego rosyjski dyktator W\u0142adimir Putin wybra\u0142 k\u0142amstwa, nienawi\u015b\u0107 i \u015bmier\u0107&#8221;.<\/p>\n<p class=\"Paragraph_desktopParagraph__U31Gm\">Trump w swojej pierwszej publicznej wypowiedzi na ten temat, podczas poniedzia\u0142kowego spotkania z premierem Izraela na Florydzie, <a href=\"https:\/\/wiadomosci.onet.pl\/swiat\/atak-na-rezydencje-wladimira-putina-donald-trump-zabiera-glos-bylem-bardzo-zly\/zepgprz\" id=\"d2253ee5-362a-43f6-b31b-39a035cf4d29\" rel=\"nofollow noopener\" target=\"_blank\">sugerowa\u0142, \u017ce wierzy Putinowi i \u017ce by\u0142 &#8222;bardzo z\u0142y&#8221; na Ukrain\u0119<\/a>, a na sugesti\u0119, \u017ce Putin m\u00f3g\u0142 k\u0142ama\u0107, odpar\u0142: &#8222;to mo\u017cliwe, ale prezydent Putin powiedzia\u0142 mi, \u017ce tak by\u0142o&#8221;.<\/p>\n<p class=\"Paragraph_desktopParagraph__U31Gm\">Szef MSZ Rosji Siergiej \u0141awrow pierwotnie twierdzi\u0142, \u017ce rezydencja Putina w rejonie wa\u0142dajskim zosta\u0142a zaatakowana 91 dronami, z kt\u00f3rych wszystkie mia\u0142y zosta\u0107 zestrzelone. Prezydent Ukrainy Wo\u0142odymyr Ze\u0142enski stanowczo zaprzecza\u0142 tym doniesieniom i oskar\u017cy\u0142 Rosj\u0119 o k\u0142amstwa maj\u0105ce na celu torpedowanie rokowa\u0144 pokojowych.<\/p>\n<p class=\"Paragraph_desktopParagraph__U31Gm\">Rosyjskie ministerstwo obrony poinformowa\u0142o w \u015brod\u0119 o znalezieniu zestrzelonego drona, kt\u00f3ry mia\u0142 zosta\u0107 u\u017cyty do ataku na rezydencj\u0119 przyw\u00f3dcy Rosji W\u0142adimira Putina w Wa\u0142daju. Przedstawione zdj\u0119cia pokaza\u0142y jedynie szcz\u0105tki maszyny znalezione w zalesionym terenie.<\/p>\n","protected":false},"excerpt":{"rendered":"Du\u017co czytania, a ma\u0142o czasu? Sprawd\u017a\u00a0skr\u00f3t\u00a0artyku\u0142u Dziennik powo\u0142uje si\u0119 na wypowiedzi anonimowych urz\u0119dnik\u00f3w dzia\u0142aj\u0105cych w obszarze bezpiecze\u0144stwa narodowego&hellip;\n","protected":false},"author":2,"featured_media":181044,"comment_status":"","ping_status":"","sticky":false,"template":"","format":"standard","meta":{"footnotes":""},"categories":[5],"tags":[32,33,14131,36,37,27,67,34,35,28,31,53,25,52,68,51,55,42,38,40,39,41,62,47,29,30,390,65,50,26,418],"class_list":{"0":"post-181043","1":"post","2":"type-post","3":"status-publish","4":"format-standard","5":"has-post-thumbnail","7":"category-naglowki","8":"tag-breaking-news","9":"tag-breakingnews","10":"tag-cia","11":"tag-featured-news","12":"tag-featurednews","13":"tag-headlines","14":"tag-intextvideo_splayer","15":"tag-latest-news","16":"tag-latestnews","17":"tag-naglowki","18":"tag-najwazniejsze-artykuly","19":"tag-new_header","20":"tag-news","21":"tag-onet3","22":"tag-onet3d","23":"tag-onet3d_2i","24":"tag-phx","25":"tag-pl","26":"tag-poland","27":"tag-polish","28":"tag-polska","29":"tag-polski","30":"tag-rosja_kraj_rosjanin_rosjanie_rosjanka_rosjanki","31":"tag-screening_general","32":"tag-top-stories","33":"tag-topstories","34":"tag-ukraina_ukrainiec_ukrainka_ukraincy_ukrainki","35":"tag-update_me","36":"tag-v2021","37":"tag-wiadomosci","38":"tag-wladimir_putin_rosyjski_prezydent"},"share_on_mastodon":{"url":"","error":"Validation failed: Text character limit of 500 exceeded"},"_links":{"self":[{"href":"https:\/\/www.europesays.com\/pl\/wp-json\/wp\/v2\/posts\/181043","targetHints":{"allow":["GET"]}}],"collection":[{"href":"https:\/\/www.europesays.com\/pl\/wp-json\/wp\/v2\/posts"}],"about":[{"href":"https:\/\/www.europesays.com\/pl\/wp-json\/wp\/v2\/types\/post"}],"author":[{"embeddable":true,"href":"https:\/\/www.europesays.com\/pl\/wp-json\/wp\/v2\/users\/2"}],"replies":[{"embeddable":true,"href":"https:\/\/www.europesays.com\/pl\/wp-json\/wp\/v2\/comments?post=181043"}],"version-history":[{"count":0,"href":"https:\/\/www.europesays.com\/pl\/wp-json\/wp\/v2\/posts\/181043\/revisions"}],"wp:featuredmedia":[{"embeddable":true,"href":"https:\/\/www.europesays.com\/pl\/wp-json\/wp\/v2\/media\/181044"}],"wp:attachment":[{"href":"https:\/\/www.europesays.com\/pl\/wp-json\/wp\/v2\/media?parent=181043"}],"wp:term":[{"taxonomy":"category","embeddable":true,"href":"https:\/\/www.europesays.com\/pl\/wp-json\/wp\/v2\/categories?post=181043"},{"taxonomy":"post_tag","embeddable":true,"href":"https:\/\/www.europesays.com\/pl\/wp-json\/wp\/v2\/tags?post=181043"}],"curies":[{"name":"wp","href":"https:\/\/api.w.org\/{rel}","templated":true}]}}