{"id":181057,"date":"2026-01-01T04:59:15","date_gmt":"2026-01-01T04:59:15","guid":{"rendered":"https:\/\/www.europesays.com\/pl\/181057\/"},"modified":"2026-01-01T04:59:15","modified_gmt":"2026-01-01T04:59:15","slug":"livigno-polacy-spoznili-sie-na-wyciag-nocna-akcja-ratunkowa-w-alpach","status":"publish","type":"post","link":"https:\/\/www.europesays.com\/pl\/181057\/","title":{"rendered":"Livigno. Polacy sp\u00f3\u017anili si\u0119 na wyci\u0105g. Nocna akcja ratunkowa w Alpach"},"content":{"rendered":"<p>W skr\u00f3cie<\/p>\n<ul class=\"typography ids-typeset-body ids-typeset-body--preset-large list ids-list ids-list--unordered ids-list--size-large \" datatype=\"disc\">\n<li class=\"ids-list-item\">\n<p>Troje m\u0142odych Polak\u00f3w utkn\u0119\u0142o noc\u0105 na szczycie Pizzo Cantone po sp\u00f3\u017anieniu si\u0119 na ostatni wyci\u0105g w Livigno.<\/p>\n<\/li>\n<li class=\"ids-list-item\">\n<p>Tury\u015bci nie byli w stanie samodzielnie zej\u015b\u0107 ani poda\u0107 dok\u0142adnej lokalizacji, dlatego wezwali pomoc ratunkow\u0105.<\/p>\n<\/li>\n<li class=\"ids-list-item\">\n<p>Ratownicy i stra\u017cacy odnale\u017ali zaginionych i ewakuowali ich helikopterem, dzi\u0119ki czemu Polacy wr\u00f3cili cali i zdrowi, cho\u0107 wyzi\u0119bieni.<\/p>\n<\/li>\n<li class=\"ids-list-item\"><\/li>\n<\/ul>\n<p class=\"typography ids-typeset-body ids-typeset-body--preset-large link paragraph ids-paragraph ids-paragraph--default\">W\u0142oskie media poda\u0142y we wtorek wieczorem, \u017ce polscy tury\u015bci wybrali si\u0119 na wycieczk\u0119 na tzw. fokach narciarskich, kt\u00f3re umo\u017cliwiaj\u0105 podej\u015bcie pod g\u00f3r\u0119.<\/p>\n<p class=\"typography ids-typeset-body ids-typeset-body--preset-large link paragraph ids-paragraph ids-paragraph--default\">Dotarli na szczyt Pizzo Cantone na wysoko\u015bci oko\u0142o 3 tysi\u0119cy metr\u00f3w n.p.m., ale sp\u00f3\u017anili si\u0119 na ostatni kurs wyci\u0105giem na d\u00f3\u0142. Gdy zapad\u0142 zmrok, a temperatura znacznie si\u0119 obni\u017cy\u0142a, wezwali pomoc.<\/p>\n<p>Livigno. Polacy utkn\u0119li w Alpach, nocna akcja ratunkowa<\/p>\n<p class=\"typography ids-typeset-body ids-typeset-body--preset-large link paragraph ids-paragraph ids-paragraph--default\">Polacy nie byli w stanie ani zej\u015b\u0107 sami, ani\u00a0powiedzie\u0107, gdzie dok\u0142adnie si\u0119 znajduj\u0105, bo odeszli od zamkni\u0119tej ju\u017c stacji wyci\u0105gu.<\/p>\n<p class=\"typography ids-typeset-body ids-typeset-body--preset-large link paragraph ids-paragraph ids-paragraph--default\">Na poszukiwania zaginionych na \u015bniegu wyruszyli stra\u017cacy-ochotnicy z Livigno, a do\u0142\u0105czyli do nich ratownicy g\u00f3rscy. Kiedy Polacy zostali zlokalizowani, wys\u0142ano po nich helikopter regionalnej agencji ratunkowej.<\/p>\n<p class=\"typography ids-typeset-body ids-typeset-body--preset-large link paragraph ids-paragraph ids-paragraph--default\">Tury\u015bci byli cali i zdrowi, ale bardzo zmarzni\u0119ci i przestraszeni.<\/p>\n<p class=\"typography ids-typeset-body ids-typeset-body--preset-large link paragraph ids-paragraph ids-paragraph--default\">Jak zaznaczono w relacjach,\u00a0nieostro\u017cno\u015b\u0107 m\u0142odych ludzi uruchomi\u0142a ca\u0142\u0105 akcj\u0119 ratunkow\u0105, kt\u00f3ra przebieg\u0142a perfekcyjnie.<\/p>\n<p>Ustawa o statusie osoby najbli\u017cszej. Szefernaker: Furtka do adopcji dzieci przez pary homoseksualnePolsat NewsPolsat News<\/p>\n<p><a class=\"ids-undecorated-link source ids-page-info--source__link\" href=\"https:\/\/p.iplsc.com\/-\/000L0SCEGA4O3ESS.pdf\" rel=\"nofollow noopener\" target=\"_blank\"><img decoding=\"async\" class=\"ids-image-holder__img\" loading=\"lazy\" alt=\"\" title=\"\" height=\"24px\" src=\"https:\/\/www.europesays.com\/pl\/wp-content\/uploads\/2025\/12\/1766553730_818_0009A6098CYXTC6T-C202-F4.webp.webp\"\/><\/a><\/p>\n<p>Masz sugestie, uwagi albo widzisz b\u0142\u0105d? Napisz do nas<\/p>\n","protected":false},"excerpt":{"rendered":"W skr\u00f3cie Troje m\u0142odych Polak\u00f3w utkn\u0119\u0142o noc\u0105 na szczycie Pizzo Cantone po sp\u00f3\u017anieniu si\u0119 na ostatni wyci\u0105g w&hellip;\n","protected":false},"author":2,"featured_media":181058,"comment_status":"","ping_status":"","sticky":false,"template":"","format":"standard","meta":{"footnotes":""},"categories":[12],"tags":[32,33,36,37,27,34,35,28,31,25,42,38,40,39,41,29,30,26],"class_list":{"0":"post-181057","1":"post","2":"type-post","3":"status-publish","4":"format-standard","5":"has-post-thumbnail","7":"category-polska","8":"tag-breaking-news","9":"tag-breakingnews","10":"tag-featured-news","11":"tag-featurednews","12":"tag-headlines","13":"tag-latest-news","14":"tag-latestnews","15":"tag-naglowki","16":"tag-najwazniejsze-artykuly","17":"tag-news","18":"tag-pl","19":"tag-poland","20":"tag-polish","21":"tag-polska","22":"tag-polski","23":"tag-top-stories","24":"tag-topstories","25":"tag-wiadomosci"},"share_on_mastodon":{"url":"https:\/\/pubeurope.com\/@pl\/115818080672435581","error":""},"_links":{"self":[{"href":"https:\/\/www.europesays.com\/pl\/wp-json\/wp\/v2\/posts\/181057","targetHints":{"allow":["GET"]}}],"collection":[{"href":"https:\/\/www.europesays.com\/pl\/wp-json\/wp\/v2\/posts"}],"about":[{"href":"https:\/\/www.europesays.com\/pl\/wp-json\/wp\/v2\/types\/post"}],"author":[{"embeddable":true,"href":"https:\/\/www.europesays.com\/pl\/wp-json\/wp\/v2\/users\/2"}],"replies":[{"embeddable":true,"href":"https:\/\/www.europesays.com\/pl\/wp-json\/wp\/v2\/comments?post=181057"}],"version-history":[{"count":0,"href":"https:\/\/www.europesays.com\/pl\/wp-json\/wp\/v2\/posts\/181057\/revisions"}],"wp:featuredmedia":[{"embeddable":true,"href":"https:\/\/www.europesays.com\/pl\/wp-json\/wp\/v2\/media\/181058"}],"wp:attachment":[{"href":"https:\/\/www.europesays.com\/pl\/wp-json\/wp\/v2\/media?parent=181057"}],"wp:term":[{"taxonomy":"category","embeddable":true,"href":"https:\/\/www.europesays.com\/pl\/wp-json\/wp\/v2\/categories?post=181057"},{"taxonomy":"post_tag","embeddable":true,"href":"https:\/\/www.europesays.com\/pl\/wp-json\/wp\/v2\/tags?post=181057"}],"curies":[{"name":"wp","href":"https:\/\/api.w.org\/{rel}","templated":true}]}}