{"id":181059,"date":"2026-01-01T05:03:10","date_gmt":"2026-01-01T05:03:10","guid":{"rendered":"https:\/\/www.europesays.com\/pl\/181059\/"},"modified":"2026-01-01T05:03:10","modified_gmt":"2026-01-01T05:03:10","slug":"vivo-x300-ultra-to-jeden-z-najpiekniejszy-flagowcow","status":"publish","type":"post","link":"https:\/\/www.europesays.com\/pl\/181059\/","title":{"rendered":"vivo X300 Ultra to jeden z najpi\u0119kniejszy flagowc\u00f3w"},"content":{"rendered":"<p class=\"lead\">Z przeciek\u00f3w wynika, \u017ce mo\u017cemy liczy\u0107 na kolejny model vivo X300. Okazuje si\u0119, \u017ce tajemnicze urz\u0105dzenie b\u0119dzie nosi\u0107 nazw\u0119 vivo \u201eX300U\u201d. Chocia\u017c specyfikacja nie zosta\u0142a jeszcze ujawniona, mo\u017cemy przypuszcza\u0107, \u017ce b\u0119dzie to wariant Ultra.<\/p>\n<p>Mo\u017cemy spodziewa\u0107 si\u0119 co najmniej dw\u00f3ch urz\u0105dze\u0144 z tej serii, czyli vivo X300 oraz X300 Pro. Jednak wszystko wskazuje na to, \u017ce vivo X300 Ultra r\u00f3wnie\u017c ujrzy \u015bwiat\u0142o dzienne. Co ciekawe, model Ultra nie zosta\u0142 jeszcze oficjalnie zaprezentowany. Czego wi\u0119c mo\u017cemy si\u0119 po nim spodziewa\u0107?<\/p>\n<p>Owiany tajemnic\u0105, jednak pierwsze poszlaki ju\u017c s\u0105<\/p>\n<p>Skoro ma to by\u0107 model Ultra, mo\u017cemy liczy\u0107 na Snapdragona 8 Elite Gen 5. Oznacza to pot\u0119\u017cn\u0105 wydajno\u015b\u0107 \u2014 jest to obecnie najszybszy uk\u0142ad i ka\u017cdy szanuj\u0105cy si\u0119 flagowiec korzysta w\u0142a\u015bnie z tego procesora. Trzymam kciuki, aby vivo pobi\u0142o wyniki podobne do tych, kt\u00f3re osi\u0105ga <a href=\"https:\/\/www.gsmmaniak.pl\/1622390\/honor-win-w-pelni-wykorzystal-potencjal-i-to-jeszcze-jak\/\" rel=\"nofollow noopener\" target=\"_blank\">Honor WIN.<\/a><\/p>\n<p><img loading=\"lazy\" decoding=\"async\" aria-describedby=\"caption-attachment-1621111\" class=\"size-medium wp-image-1621111\" src=\"https:\/\/www.europesays.com\/pl\/wp-content\/uploads\/2025\/12\/Zrzut-ekranu-2025-12-13-130234-medium.jpg\" alt=\"vivo X300 Pro\" width=\"500\" height=\"301\"   itemprop=\"image\" \/><\/p>\n<p id=\"caption-attachment-1621111\" class=\"wp-caption-text\">vivo X300 Pro \/ fot. Konrad Bartnik, gsmManiaK.pl<\/p>\n<p>Snapdragon to podstawa we flagowcu, dlatego mo\u017cemy spodziewa\u0107 si\u0119 bogatej konfiguracji pami\u0119ci. Urz\u0105dzenie ma oferowa\u0107 16 GB RAM oraz a\u017c 1 TB pami\u0119ci wewn\u0119trznej.<\/p>\n<p>Model Ultra mo\u017ce nie wydawa\u0107 si\u0119 du\u017c\u0105 rewolucj\u0105 \u2014 w jego przypadku m\u00f3wimy raczej o dopracowaniu detali i usprawnieniach w designie. Mimo to telefon nadal robi wra\u017cenie. Co wi\u0119cej, wiemy ju\u017c, jak b\u0119dzie prezentowa\u0142 si\u0119 pod wzgl\u0119dem zastosowanego panelu<\/p>\n<p>vivo X300 Ultra, czy b\u0119dzie flagowo?<\/p>\n<p>Urz\u0105dzenie otrzyma ekran o przek\u0105tnej 6,82 cala. Warto doda\u0107, \u017ce wersja podstawowa ma oferowa\u0107 wy\u015bwietlacz 6,3 cala, co czyni j\u0105 bardziej kompaktowym urz\u0105dzeniem. Z kolei model Pro ma zosta\u0107 wyposa\u017cony w ekran 6,78 cala. Wszystko wskazuje na to, \u017ce Ultra b\u0119dzie mia\u0142 najwi\u0119kszy panel w ca\u0142ej serii.<\/p>\n<p>Ekran zostanie wykonany przez firm\u0119 BOE, co by\u0142o do przewidzenia. Chi\u0144skie marki bardzo cz\u0119sto korzystaj\u0105 z paneli tego producenta. Co ciekawe, <a href=\"https:\/\/www.gsmmaniak.pl\/1623989\/samsung-galaxy-s26-miedzy-mlotem-a-kowadlem\/\" rel=\"nofollow noopener\" target=\"_blank\">nawet Samsung zdecydowa\u0142 si\u0119 w niekt\u00f3rych przypadkach zrezygnowa\u0107 z Samsung Display na rzecz BOE<\/a> ze wzgl\u0119du na koszty \u2014 wi\u0119cej na ten temat pisa\u0142em tutaj.<\/p>\n<p>Konstrukcja flagowca ma by\u0107 wykonana z metalu, co nada mu premium charakteru. Co wi\u0119cej, mo\u017cna spodziewa\u0107 si\u0119 braku fizycznego przycisku pod ekranem, co dla cz\u0119\u015bci u\u017cytkownik\u00f3w mo\u017ce by\u0107 rozczarowuj\u0105ce. Cho\u0107 nie znamy jeszcze szczeg\u00f3\u0142\u00f3w dotycz\u0105cych aparat\u00f3w, najpewniej zobaczymy du\u017c\u0105, okr\u0105g\u0142\u0105 wysp\u0119 aparat\u00f3w, charakterystyczn\u0105 dla modeli Ultra.<\/p>\n<p>\u0179r\u00f3d\u0142o: digital chat station via <a href=\"https:\/\/m.weibo.cn\/detail\/5249476873684150\" rel=\"nofollow noopener\" target=\"_blank\">weibo.cn<\/a>, opracowanie w\u0142asne\u00a0<\/p>\n","protected":false},"excerpt":{"rendered":"Z przeciek\u00f3w wynika, \u017ce mo\u017cemy liczy\u0107 na kolejny model vivo X300. Okazuje si\u0119, \u017ce tajemnicze urz\u0105dzenie b\u0119dzie nosi\u0107&hellip;\n","protected":false},"author":2,"featured_media":81602,"comment_status":"","ping_status":"","sticky":false,"template":"","format":"standard","meta":{"footnotes":""},"categories":[20],"tags":[120,118,119,42,38,40,39,41,116,114,115,121,117,20916],"class_list":{"0":"post-181059","1":"post","2":"type-post","3":"status-publish","4":"format-standard","5":"has-post-thumbnail","7":"category-nauka-i-technika","8":"tag-nauka","9":"tag-nauka-i-technika","10":"tag-naukatechnika","11":"tag-pl","12":"tag-poland","13":"tag-polish","14":"tag-polska","15":"tag-polski","16":"tag-science","17":"tag-science-and-technology","18":"tag-sciencetechnology","19":"tag-technika","20":"tag-technology","21":"tag-vivo-x300-ultra"},"share_on_mastodon":{"url":"https:\/\/pubeurope.com\/@pl\/115818096376015231","error":""},"_links":{"self":[{"href":"https:\/\/www.europesays.com\/pl\/wp-json\/wp\/v2\/posts\/181059","targetHints":{"allow":["GET"]}}],"collection":[{"href":"https:\/\/www.europesays.com\/pl\/wp-json\/wp\/v2\/posts"}],"about":[{"href":"https:\/\/www.europesays.com\/pl\/wp-json\/wp\/v2\/types\/post"}],"author":[{"embeddable":true,"href":"https:\/\/www.europesays.com\/pl\/wp-json\/wp\/v2\/users\/2"}],"replies":[{"embeddable":true,"href":"https:\/\/www.europesays.com\/pl\/wp-json\/wp\/v2\/comments?post=181059"}],"version-history":[{"count":0,"href":"https:\/\/www.europesays.com\/pl\/wp-json\/wp\/v2\/posts\/181059\/revisions"}],"wp:featuredmedia":[{"embeddable":true,"href":"https:\/\/www.europesays.com\/pl\/wp-json\/wp\/v2\/media\/81602"}],"wp:attachment":[{"href":"https:\/\/www.europesays.com\/pl\/wp-json\/wp\/v2\/media?parent=181059"}],"wp:term":[{"taxonomy":"category","embeddable":true,"href":"https:\/\/www.europesays.com\/pl\/wp-json\/wp\/v2\/categories?post=181059"},{"taxonomy":"post_tag","embeddable":true,"href":"https:\/\/www.europesays.com\/pl\/wp-json\/wp\/v2\/tags?post=181059"}],"curies":[{"name":"wp","href":"https:\/\/api.w.org\/{rel}","templated":true}]}}