{"id":181070,"date":"2026-01-01T05:13:09","date_gmt":"2026-01-01T05:13:09","guid":{"rendered":"https:\/\/www.europesays.com\/pl\/181070\/"},"modified":"2026-01-01T05:13:09","modified_gmt":"2026-01-01T05:13:09","slug":"pogoda-1-stycznia-ostrzezenia-imgw","status":"publish","type":"post","link":"https:\/\/www.europesays.com\/pl\/181070\/","title":{"rendered":"Pogoda 1 stycznia. Ostrze\u017cenia IMGW"},"content":{"rendered":"<p>Instytut Meteorologii i Gospodarki Wodnej ostrzega przed prognozowanymi na czwartek, 1 stycznia, opadami \u015bniegu oraz marzn\u0105cego deszczu lub m\u017cawki, a tak\u017ce zamieciami \u015bnie\u017cnymi i silnym wiatrem. Ostrze\u017cenia zaczn\u0105 obowi\u0105zywa\u0107 w Nowy Rok o godz. 7.30 i pozostan\u0105 w mocy do pi\u0105tkowego poranka.<\/p>\n<p>                         &#13;<br \/>\n        &#13;<\/p>\n<p>                                        &#13;<br \/>\n                        &#13;<br \/>\n                            <img decoding=\"async\" src=\"https:\/\/www.europesays.com\/pl\/wp-content\/uploads\/2026\/01\/000M55JBL5UX4RIA-C123-F4.jpg\" title=\"\u200bZ\u0142e prognozy na Nowy Rok: \u015bnieg, marzn\u0105cy deszcz i zamiecie\" alt=\"Droga S16 w okolicy Olsztyna, 31 grudnia 2025 r. \/ &#9;Tomasz Waszczuk    \/PAP\" class=\"img-responsive\"\/>&#13;<\/p>\n<p>                            &#13;<\/p>\n<p>      &#13;<br \/>\n                            Droga S16 w okolicy Olsztyna, 31 grudnia 2025 r.&#13;<br \/>\n                                    \/ \tTomasz Waszczuk    \/PAP  &#13;\n                                    <\/p>\n<p>&#13;<\/p>\n<p>Ostrze\u017cenia I stopnia przed zamieciami \u015bnie\u017cnymi prognozowane s\u0105 dla wojew\u00f3dztw warmi\u0144sko-mazurskiego, podlaskiego, lubelskiego, mazowieckiego i \u0142\u00f3dzkiego, a tak\u017ce po\u0142udniowych kra\u0144c\u00f3w wojew\u00f3dztw dolno\u015bl\u0105skiego, \u015bl\u0105skiego, ma\u0142opolskiego i podkarpackiego.<\/p>\n<p>Ostrze\u017cenie I stopnia przed marzn\u0105cymi opadami deszczu lub m\u017cawki prognozowane jest z kolei w pasie od \u015awinouj\u015bcia i Koszalina, przez Pozna\u0144, Legnic\u0119 i Wroc\u0142aw, po Jeleni\u0105 G\u00f3r\u0119 i Wa\u0142brzych.<\/p>\n<p>  Jak informuje IMGW, powy\u017csze ostrze\u017cenia zaczn\u0105 obowi\u0105zywa\u0107 w czwartek o godz. 7.30 i pozostan\u0105 w mocy do pi\u0105tkowego poranka.<\/p>\n<p>  Na czwartkowy poranek wydane zosta\u0142y ju\u017c alerty I stopnia przed silnym wiatrem. Obejmuj\u0105 one wojew\u00f3dztwo zachodniopomorskie, p\u00f3\u0142noc woj. pomorskiego, a tak\u017ce po\u0142udnie wojew\u00f3dztw \u015bl\u0105skiego, ma\u0142opolskiego i podkarpackiego. Wiatr w porywach dochodzi\u0107 b\u0119dzie do 70-85 km\/h. W zale\u017cno\u015bci od regionu ostrze\u017cenie zacznie obowi\u0105zywa\u0107 o godz. 8 lub 10 i pozostanie w mocy do pi\u0105tkowego poranka.<\/p>\n<p>  W zachodniej cz\u0119\u015bci kraju od \u015brodowego wieczora obowi\u0105zuj\u0105 alerty I stopnia przed marzn\u0105cymi opadami. Ostrze\u017cenia wydano dla wojew\u00f3dztwa zachodniopomorskiego, lubuskiego, dolno\u015bl\u0105skiego oraz cz\u0119\u015bci woj. wielkopolskiego i opolskiego. W zale\u017cno\u015bci od regionu pozostan\u0105 one w mocy do godz. 6 lub 10 w czwartek.<\/p>\n<p>  Na p\u00f3\u0142nocnym wschodzie kraju Instytut ostrzega przed silnym mrozem. Ostrze\u017cenia I stopnia obejmuj\u0105 wojew\u00f3dztwo podlaskie, cz\u0119\u015b\u0107 warmi\u0144sko-mazurskiego i mazowieckiego. Na tych obszarach temperatura w nocy ze \u015brody na czwartek spadnie nawet do minus 17 st. C.<\/p>\n<p>  Dla wojew\u00f3dztw warmi\u0144sko-mazurskiego, podlaskiego oraz p\u00f3\u0142nocy woj. mazowieckiego, a tak\u017ce regionu m.in. Jeleniej G\u00f3ry, Szklarskiej Por\u0119by i Lubania (woj. dolno\u015bl\u0105skie) wydane zosta\u0142y tak\u017ce ostrze\u017cenia I stopnia przed intensywnymi opadami \u015bniegu. Prognozowane s\u0105 opady \u015bniegu powoduj\u0105ce przyrost pokrywy \u015bnie\u017cnej o ok. 10-15 cm, a na po\u0142udniowym zachodzie punktowo o 20 cm. W woj. dolno\u015bl\u0105skim ostrze\u017cenie obowi\u0105zuje od godz. 13 w \u015brod\u0119 do godz. 10 w czwartek, a w p\u00f3\u0142nocno-wschodniej Polsce zacznie obowi\u0105zywa\u0107 w czwartek o godz. 10 i potrwa do godz. 23.<\/p>\n<p>  Ostrze\u017cenie I stopnia przewiduje warunki sprzyjaj\u0105ce wyst\u0105pieniu niebezpiecznych zjawisk meteorologicznych mog\u0105cych powodowa\u0107 straty materialne, zagro\u017cenie zdrowia i \u017cycia.\u00a0<\/p>\n<p>\u00a0<\/p>\n","protected":false},"excerpt":{"rendered":"Instytut Meteorologii i Gospodarki Wodnej ostrzega przed prognozowanymi na czwartek, 1 stycznia, opadami \u015bniegu oraz marzn\u0105cego deszczu lub&hellip;\n","protected":false},"author":2,"featured_media":181071,"comment_status":"","ping_status":"","sticky":false,"template":"","format":"standard","meta":{"footnotes":""},"categories":[12],"tags":[32,33,36,37,27,34,35,28,31,25,42,38,40,39,41,29,30,26],"class_list":{"0":"post-181070","1":"post","2":"type-post","3":"status-publish","4":"format-standard","5":"has-post-thumbnail","7":"category-polska","8":"tag-breaking-news","9":"tag-breakingnews","10":"tag-featured-news","11":"tag-featurednews","12":"tag-headlines","13":"tag-latest-news","14":"tag-latestnews","15":"tag-naglowki","16":"tag-najwazniejsze-artykuly","17":"tag-news","18":"tag-pl","19":"tag-poland","20":"tag-polish","21":"tag-polska","22":"tag-polski","23":"tag-top-stories","24":"tag-topstories","25":"tag-wiadomosci"},"share_on_mastodon":{"url":"https:\/\/pubeurope.com\/@pl\/115818135749118295","error":""},"_links":{"self":[{"href":"https:\/\/www.europesays.com\/pl\/wp-json\/wp\/v2\/posts\/181070","targetHints":{"allow":["GET"]}}],"collection":[{"href":"https:\/\/www.europesays.com\/pl\/wp-json\/wp\/v2\/posts"}],"about":[{"href":"https:\/\/www.europesays.com\/pl\/wp-json\/wp\/v2\/types\/post"}],"author":[{"embeddable":true,"href":"https:\/\/www.europesays.com\/pl\/wp-json\/wp\/v2\/users\/2"}],"replies":[{"embeddable":true,"href":"https:\/\/www.europesays.com\/pl\/wp-json\/wp\/v2\/comments?post=181070"}],"version-history":[{"count":0,"href":"https:\/\/www.europesays.com\/pl\/wp-json\/wp\/v2\/posts\/181070\/revisions"}],"wp:featuredmedia":[{"embeddable":true,"href":"https:\/\/www.europesays.com\/pl\/wp-json\/wp\/v2\/media\/181071"}],"wp:attachment":[{"href":"https:\/\/www.europesays.com\/pl\/wp-json\/wp\/v2\/media?parent=181070"}],"wp:term":[{"taxonomy":"category","embeddable":true,"href":"https:\/\/www.europesays.com\/pl\/wp-json\/wp\/v2\/categories?post=181070"},{"taxonomy":"post_tag","embeddable":true,"href":"https:\/\/www.europesays.com\/pl\/wp-json\/wp\/v2\/tags?post=181070"}],"curies":[{"name":"wp","href":"https:\/\/api.w.org\/{rel}","templated":true}]}}