{"id":181115,"date":"2026-01-01T06:50:06","date_gmt":"2026-01-01T06:50:06","guid":{"rendered":"https:\/\/www.europesays.com\/pl\/181115\/"},"modified":"2026-01-01T06:50:06","modified_gmt":"2026-01-01T06:50:06","slug":"usa-zaatakowaly-kolejne-trzy-lodzie-mialy-przemycac-narkotyki","status":"publish","type":"post","link":"https:\/\/www.europesays.com\/pl\/181115\/","title":{"rendered":"USA zaatakowa\u0142y kolejne trzy \u0142odzie. Mia\u0142y przemyca\u0107 narkotyki"},"content":{"rendered":"<p>&#8222;30 grudnia, na polecenie (ministra wojny) Pete&#8217;a Hegsetha, Wsp\u00f3lna Grupa Zadaniowa Southern Spear przeprowadzi\u0142a \u015bmiertelny atak kinetyczny na trzy \u0142odzie obs\u0142ugiwane przez organizacje terrorystyczne. Wywiad potwierdzi\u0142, \u017ce \u0142odzie przep\u0142ywa\u0142y znanymi szlakami przemytu narkotyk\u00f3w i\u00a0przed atakami prze\u0142adowywa\u0142y narkotyki mi\u0119dzy sob\u0105&#8221; &#8211;\u00a0czytamy we wpisie SOUTHCOM na platformie X.<\/p>\n<p>Jak poda\u0142o wojsko, trzech &#8222;narkoterroryst\u00f3w&#8221; zosta\u0142o zabitych w\u00a0uderzeniu na pierwsz\u0105 motor\u00f3wk\u0119. W\u00f3wczas pasa\u017cerowie dw\u00f3ch kolejnych wyskoczyli z\u00a0\u0142odzi i\u00a0zd\u0105\u017cyli odp\u0142yn\u0105\u0107.<\/p>\n<p>Pokazali, co\u00a0dzia\u0142o si\u0119 w\u00a0Jantarze. &#8222;Krajobraz jak po\u00a0bitwie&#8221; <\/p>\n<p>Wojsko nie ujawni\u0142o, czy rozbitkowie zostali odnalezieni i\u00a0uratowani. W\u00a0przeciwie\u0144stwie do wcze\u015bniejszych operacji nie podano te\u017c lokalizacji ataku. Dotychczas akcje te mia\u0142y miejsce na Morzu Karaibskim i\u00a0we wschodniej cz\u0119\u015bci Pacyfiku, g\u0142\u00f3wnie u\u00a0wybrze\u017cy Wenezueli i\u00a0Kolumbii.<\/p>\n<p>&#8222;Po uderzeniach USSOUTHCOM natychmiast powiadomi\u0142o Stra\u017c Przybrze\u017cn\u0105 USA o\u00a0konieczno\u015bci uruchomienia systemu poszukiwawczo-ratowniczego&#8221; &#8211;\u00a0napisano.<\/p>\n<p>Wtorkowy atak by\u0142 31. znanym uderzeniem na podejrzanych &#8222;narkoterroryst\u00f3w&#8221;. W\u00a0ich wyniku zgin\u0119\u0142o dotychczas co najmniej 110 os\u00f3b.<\/p>\n","protected":false},"excerpt":{"rendered":"&#8222;30 grudnia, na polecenie (ministra wojny) Pete&#8217;a Hegsetha, Wsp\u00f3lna Grupa Zadaniowa Southern Spear przeprowadzi\u0142a \u015bmiertelny atak kinetyczny na&hellip;\n","protected":false},"author":2,"featured_media":181116,"comment_status":"","ping_status":"","sticky":false,"template":"","format":"standard","meta":{"footnotes":""},"categories":[14],"tags":[32,33,27,34,35,28,31,25,40,41,80,29,30,26,82,83,84],"class_list":{"0":"post-181115","1":"post","2":"type-post","3":"status-publish","4":"format-standard","5":"has-post-thumbnail","7":"category-swiat","8":"tag-breaking-news","9":"tag-breakingnews","10":"tag-headlines","11":"tag-latest-news","12":"tag-latestnews","13":"tag-naglowki","14":"tag-najwazniejsze-artykuly","15":"tag-news","16":"tag-polish","17":"tag-polski","18":"tag-swiat","19":"tag-top-stories","20":"tag-topstories","21":"tag-wiadomosci","22":"tag-world","23":"tag-world-news","24":"tag-worldnews"},"share_on_mastodon":{"url":"https:\/\/pubeurope.com\/@pl\/115818517539905017","error":""},"_links":{"self":[{"href":"https:\/\/www.europesays.com\/pl\/wp-json\/wp\/v2\/posts\/181115","targetHints":{"allow":["GET"]}}],"collection":[{"href":"https:\/\/www.europesays.com\/pl\/wp-json\/wp\/v2\/posts"}],"about":[{"href":"https:\/\/www.europesays.com\/pl\/wp-json\/wp\/v2\/types\/post"}],"author":[{"embeddable":true,"href":"https:\/\/www.europesays.com\/pl\/wp-json\/wp\/v2\/users\/2"}],"replies":[{"embeddable":true,"href":"https:\/\/www.europesays.com\/pl\/wp-json\/wp\/v2\/comments?post=181115"}],"version-history":[{"count":0,"href":"https:\/\/www.europesays.com\/pl\/wp-json\/wp\/v2\/posts\/181115\/revisions"}],"wp:featuredmedia":[{"embeddable":true,"href":"https:\/\/www.europesays.com\/pl\/wp-json\/wp\/v2\/media\/181116"}],"wp:attachment":[{"href":"https:\/\/www.europesays.com\/pl\/wp-json\/wp\/v2\/media?parent=181115"}],"wp:term":[{"taxonomy":"category","embeddable":true,"href":"https:\/\/www.europesays.com\/pl\/wp-json\/wp\/v2\/categories?post=181115"},{"taxonomy":"post_tag","embeddable":true,"href":"https:\/\/www.europesays.com\/pl\/wp-json\/wp\/v2\/tags?post=181115"}],"curies":[{"name":"wp","href":"https:\/\/api.w.org\/{rel}","templated":true}]}}