{"id":181153,"date":"2026-01-01T07:25:09","date_gmt":"2026-01-01T07:25:09","guid":{"rendered":"https:\/\/www.europesays.com\/pl\/181153\/"},"modified":"2026-01-01T07:25:09","modified_gmt":"2026-01-01T07:25:09","slug":"szwajcaria-pozar-w-barze-w-miejscowosci-crans-montana-sa-ofiary-smiertelne","status":"publish","type":"post","link":"https:\/\/www.europesays.com\/pl\/181153\/","title":{"rendered":"Szwajcaria. Po\u017car w barze w miejscowo\u015bci Crans-Montana. S\u0105 ofiary \u015bmiertelne"},"content":{"rendered":"<p>Sylwestrowa noc przerodzi\u0142a si\u0119 w koszmar w miejscowo\u015bci Crans-Montana w Szwajcarii &#8211; w jednym z bar\u00f3w wybuch\u0142 w nocy po\u017car. Jego przyczyn\u0105 mog\u0142a by\u0107 pirotechnika wykorzystana podczas koncertu. Lokalna policja poinformowa\u0142a o kilku ofiarach \u015bmiertelnych.<\/p>\n<p>                         &#13;<br \/>\n        &#13;<\/p>\n<p>                                        &#13;<br \/>\n                        &#13;<br \/>\n                            <img decoding=\"async\" src=\"https:\/\/www.europesays.com\/pl\/wp-content\/uploads\/2026\/01\/000M55TBJ69S8PXK-C123-F4.jpg\" title=\"Sylwestrowy koszmar w Szwajcarii. Kilka os\u00f3b zgin\u0119\u0142o w po\u017carze\" alt=\"Sylwestrowy koszmar w Szwajcarii. Kilka os\u00f3b zgin\u0119\u0142o w po\u017carze\" class=\"img-responsive\"\/>&#13;<\/p>\n<p>                            &#13;<\/p>\n<p>      &#13;<br \/>\n                            Zdj\u0119cie ilustracyjne&#13;<br \/>\n                                    \/Shutterstock  &#13;\n                                    <\/p>\n<p>&#13;<\/p>\n<ul class=\"bullet\">\n<li>W sylwestrow\u0105 noc w\u00a0kurorcie narciarskim Crans-Montana w\u00a0Szwajcarii dosz\u0142o do tragicznego po\u017caru w\u00a0jednym z\u00a0bar\u00f3w.<\/li>\n<li>Przyczyn\u0105 prawdopodobnie by\u0142a eksplozja spowodowana u\u017cyciem materia\u0142\u00f3w pirotechnicznych w\u00a0barze podczas koncertu.<\/li>\n<li>Kilka os\u00f3b zgin\u0119\u0142o, s\u0105 te\u017c ranni; na miejscu interweniowa\u0142y \u015bmig\u0142owce i\u00a0karetki pogotowia.<\/li>\n<li>Wi\u0119cej aktualnych informacji znajdziesz na\u00a0<a href=\"https:\/\/www.rmf24.pl\" target=\"_blank\" rel=\"noreferrer noopener nofollow\">stronie g\u0142\u00f3wnej RMF24.pl<\/a>.<\/li>\n<\/ul>\n<p>Kilka os\u00f3b zgin\u0119\u0142o w\u00a0noc sylwestrow\u0105 w\u00a0wyniku eksplozji w\u00a0kurorcie narciarskim Crans-Montana w\u00a0po\u0142udniowej Szwajcarii &#8211; poinformowa\u0142a policja.<\/p>\n<p>Jak podaj\u0105 lokalne media, przyczyn\u0105 zdarzenia mog\u0142o by\u0107 u\u017cycie materia\u0142\u00f3w pirotechnicznych w\u00a0jednym z\u00a0bar\u00f3w podczas koncertu.<\/p>\n<p>&#8222;Oko\u0142o godziny 1.30 dosz\u0142o do wypadku w\u00a0Crans-Montana. Zaopiekowano si\u0119 rannymi. Potwierdzam, \u017ce s\u0105 ofiary \u015bmiertelne&#8221; &#8211; powiedzia\u0142 portalowi Rhonefm rzecznik policji kantonu Valais, Gaetan Lathion.<\/p>\n<p>Wed\u0142ug kilku \u017ar\u00f3de\u0142, na kt\u00f3re powo\u0142a\u0142 si\u0119 portal, w\u00a0\u015brodku nocy dosz\u0142o do jednej lub kilku eksplozji, na skutek czego wybuch\u0142 po\u017car.<\/p>\n<p>Wst\u0119pne ustalenia wskazuj\u0105, \u017ce wybuch nast\u0105pi\u0142 w\u00a0barze La Constellation, a\u00a0prawdopodobn\u0105 przyczyn\u0105 mog\u0142o by\u0107 u\u017cycie \u015brodk\u00f3w pirotechnicznych.<\/p>\n<p>Do transportu rannych zmobilizowano kilka \u015bmig\u0142owc\u00f3w i\u00a0wiele karetek pogotowia.<\/p>\n<p>Crans-Montana to jedno z\u00a0najch\u0119tniej odwiedzanych przez narciarzy miejsc w\u00a0Szwajcarii.<\/p>\n","protected":false},"excerpt":{"rendered":"Sylwestrowa noc przerodzi\u0142a si\u0119 w koszmar w miejscowo\u015bci Crans-Montana w Szwajcarii &#8211; w jednym z bar\u00f3w wybuch\u0142 w&hellip;\n","protected":false},"author":2,"featured_media":181154,"comment_status":"","ping_status":"","sticky":false,"template":"","format":"standard","meta":{"footnotes":""},"categories":[14],"tags":[32,33,27,34,35,28,31,25,40,41,80,29,30,26,82,83,84],"class_list":{"0":"post-181153","1":"post","2":"type-post","3":"status-publish","4":"format-standard","5":"has-post-thumbnail","7":"category-swiat","8":"tag-breaking-news","9":"tag-breakingnews","10":"tag-headlines","11":"tag-latest-news","12":"tag-latestnews","13":"tag-naglowki","14":"tag-najwazniejsze-artykuly","15":"tag-news","16":"tag-polish","17":"tag-polski","18":"tag-swiat","19":"tag-top-stories","20":"tag-topstories","21":"tag-wiadomosci","22":"tag-world","23":"tag-world-news","24":"tag-worldnews"},"share_on_mastodon":{"url":"https:\/\/pubeurope.com\/@pl\/115818654794013199","error":""},"_links":{"self":[{"href":"https:\/\/www.europesays.com\/pl\/wp-json\/wp\/v2\/posts\/181153","targetHints":{"allow":["GET"]}}],"collection":[{"href":"https:\/\/www.europesays.com\/pl\/wp-json\/wp\/v2\/posts"}],"about":[{"href":"https:\/\/www.europesays.com\/pl\/wp-json\/wp\/v2\/types\/post"}],"author":[{"embeddable":true,"href":"https:\/\/www.europesays.com\/pl\/wp-json\/wp\/v2\/users\/2"}],"replies":[{"embeddable":true,"href":"https:\/\/www.europesays.com\/pl\/wp-json\/wp\/v2\/comments?post=181153"}],"version-history":[{"count":0,"href":"https:\/\/www.europesays.com\/pl\/wp-json\/wp\/v2\/posts\/181153\/revisions"}],"wp:featuredmedia":[{"embeddable":true,"href":"https:\/\/www.europesays.com\/pl\/wp-json\/wp\/v2\/media\/181154"}],"wp:attachment":[{"href":"https:\/\/www.europesays.com\/pl\/wp-json\/wp\/v2\/media?parent=181153"}],"wp:term":[{"taxonomy":"category","embeddable":true,"href":"https:\/\/www.europesays.com\/pl\/wp-json\/wp\/v2\/categories?post=181153"},{"taxonomy":"post_tag","embeddable":true,"href":"https:\/\/www.europesays.com\/pl\/wp-json\/wp\/v2\/tags?post=181153"}],"curies":[{"name":"wp","href":"https:\/\/api.w.org\/{rel}","templated":true}]}}