{"id":181161,"date":"2026-01-01T07:32:08","date_gmt":"2026-01-01T07:32:08","guid":{"rendered":"https:\/\/www.europesays.com\/pl\/181161\/"},"modified":"2026-01-01T07:32:08","modified_gmt":"2026-01-01T07:32:08","slug":"podmorskie-kable-na-baltyku-uszkodzone-finski-premier-komentuje","status":"publish","type":"post","link":"https:\/\/www.europesays.com\/pl\/181161\/","title":{"rendered":"Podmorskie kable na Ba\u0142tyku uszkodzone. Fi\u0144ski premier komentuje"},"content":{"rendered":"<ul class=\"UnorderedList_container__nmfSl\">\n<li class=\"UnorderedList_listElement__Py7xi\" data-id=\"ai-summary-link\">Du\u017co czytania, a ma\u0142o czasu? Sprawd\u017a\u00a0skr\u00f3t\u00a0artyku\u0142u<\/li>\n<\/ul>\n<p class=\"Paragraph_desktopParagraph__U31Gm\">\u2014 Uszkodzenie podmorskich kabli telekomunikacyjnych w Zatoce Fi\u0144skiej w Sylwestra to wyj\u0105tkowy zbieg okoliczno\u015bci \u2014 przyzna\u0142 Orpo w wywiadzie prasowym.<\/p>\n<p class=\"Paragraph_desktopParagraph__U31Gm\">\u2014 Jest pokusa by wysnu\u0107 pewne wnioski, ale tego nie zrobi\u0119 \u2014 powiedzia\u0142 premier Finlandii w wywiadzie dla dziennika &#8222;Iltalehti&#8221;. Orpo skomentowa\u0142 <a href=\"https:\/\/wiadomosci.onet.pl\/swiat\/finlandia-zatrzymala-statek-podejrzany-o-uszkodzenie-podwodnego-kabla-plynal-z\/14v2szl\" id=\"700fd282-d94d-47c6-9be7-a4432ea1149b\" rel=\"nofollow noopener\" target=\"_blank\">zatrzymanie przez fi\u0144skie s\u0142u\u017cby statku towarowego Fitburg<\/a> podejrzanego o uszkodzenie w \u015brod\u0119 nad ranem kabla telekomunikacyjnego po\u0142o\u017conego mi\u0119dzy Helsinkami a Tallinem. Jednostka wyp\u0142yn\u0119\u0142a 30 grudnia z Petersburga do Hajfy w Izraelu.<\/p>\n<p>To nie pierwszy przypadek uszkodzonych podmorskich kabli <\/p>\n<p class=\"Paragraph_desktopParagraph__U31Gm\">Niemal r\u00f3wno rok temu, w Bo\u017ce Narodzenie 2024 r., <a href=\"https:\/\/wiadomosci.onet.pl\/swiat\/tajemnicza-flota-cieni-putina-mogla-uderzyc-ponownie-zdezelowany-tankowiec-podejrzany\/8905wer\" id=\"09b710a7-c3d3-4c9d-9b6b-951d27c07f67\" rel=\"nofollow noopener\" target=\"_blank\">tankowiec Eagle S, p\u0142yn\u0105cy r\u00f3wnie\u017c z rosyjskiego portu i wchodz\u0105cy w sk\u0142ad tzw. floty cieni, uszkodzi\u0142 poprzez przeci\u0105gni\u0119cie po dnie na odcinku blisko 100 km kotwicy podmorskie kable mi\u0119dzy Finlandi\u0105 a Estoni\u0105<\/a>, w tym kabel energetyczny oraz kilka telekomunikacyjnych. Po tym zdarzeniu NATO powo\u0142a\u0142o misj\u0119 Ba\u0142tycka Stra\u017c (Baltic Sentry) do monitorowania i ochrony morskiej infrastruktury.<\/p>\n<p class=\"VideoPlayerText_videoPlayerText__iDwyz\">Dalszy ci\u0105g materia\u0142u pod wideo<\/p>\n<p class=\"Paragraph_desktopParagraph__U31Gm\">Wed\u0142ug szefa fi\u0144skiego rz\u0105du trzeba ustali\u0107, czy incydent, kt\u00f3ry zdarzy\u0142 si\u0119 w 31 grudnia 2025 r. by\u0142 &#8222;celowym dzia\u0142aniem, czy te\u017c skutkiem b\u0142\u0119d\u00f3w w \u017cegludze, b\u0105d\u017a warunk\u00f3w pogodowych&#8221;.<\/p>\n<ul class=\"OchatFollowUps_wrapper__1ry7X\">\n<li class=\"OchatFollowUps_item__Dhyly OchatFollowUps_itemDesktop__R6aBv\">Co powiedzia\u0142 fi\u0144ski premier o uszkodzeniu kabli?<\/li>\n<li class=\"OchatFollowUps_item__Dhyly OchatFollowUps_itemDesktop__R6aBv\">Jakie dzia\u0142ania podj\u0119to w zwi\u0105zku z incydentem?<\/li>\n<li class=\"OchatFollowUps_item__Dhyly OchatFollowUps_itemDesktop__R6aBv\">Jakie narodowo\u015bci maj\u0105 cz\u0142onkowie za\u0142ogi zatrzymanego statku?<\/li>\n<li class=\"OchatFollowUps_item__Dhyly OchatFollowUps_itemDesktop__R6aBv\">Gdzie obecnie kotwiceruje statek Fitburg?<\/li>\n<\/ul>\n<p class=\"Paragraph_desktopParagraph__U31Gm\">Fi\u0144ska policja poinformowa\u0142a, \u017ce w zwi\u0105zku ze incydentem zatrzymano wszystkich 14 cz\u0142onk\u00f3w za\u0142ogi statku p\u0142ywaj\u0105cego pod bander\u0105 Saint Vincent i Grenadyn. S\u0105 oni obywatelami Rosji, Gruzji, Kazachstanu i Azerbejd\u017canu. Dziennik &#8222;Helsingin Sanomat&#8221; poda\u0142, \u017ce ambasada Rosji wyrazi\u0142a gotowo\u015b\u0107 udzielenia pomocy rosyjskim cz\u0142onkom za\u0142ogi.<\/p>\n<p class=\"Paragraph_desktopParagraph__U31Gm\">Uszkodzenie kabla nast\u0105pi\u0142o w esto\u0144skiej wy\u0142\u0105cznej strefie ekonomicznej, ale fi\u0144skie s\u0142u\u017cby sprowadzi\u0142y statek w stron\u0119 wybrze\u017ca Finlandii. Jednostka, na potrzeby dochodzenia, kotwiczy obecnie w porcie Kantvik pod Helsinkami.<\/p>\n<p class=\"Paragraph_desktopParagraph__U31Gm\">W\u0142adze Estonii poinformowa\u0142y r\u00f3wnie\u017c, \u017ce <a href=\"https:\/\/www.onet.pl\/informacje\/onetwiadomosci\/tajemnicza-seria-uszkodzen-podwodnych-kabli-nowy-przypadek\/pv7bk8k,79cfc278\" id=\"6a05bea9-52cf-4ce3-ae46-fa098b22ffc9\" rel=\"nofollow noopener\" target=\"_blank\">w ostatnim czasie dosz\u0142o do awarii tak\u017ce kilku innych kabli, w tym \u0142\u0105cz\u0105cych kraj ze Szwecj\u0105<\/a>. Do niekt\u00f3rych uszkodze\u0144 \u2014 jak przekaza\u0142y lokalne organy \u2014 mog\u0142o doj\u015b\u0107 z powodu niedawnego sztormu na Ba\u0142tyku. Najwi\u0119ksze w\u0105tpliwo\u015bci budzi awaria kabla fi\u0144skiego operatora telekomunikacyjnego i dostawcy us\u0142ug cyfrowych, firmy Elisa. W tej sprawie prowadzone jest dochodzenie. Po\u0142\u0105czenia internetowe mi\u0119dzy Finlandi\u0105 a Estoni\u0105 oraz dzia\u0142anie system\u00f3w informatycznych zapewniaj\u0105 obecnie inne kable podmorskie \u0142\u0105cz\u0105ce oba kraje \u2014 poinformowa\u0142 esto\u0144ski resort sprawiedliwo\u015bci i cyfryzacji.<\/p>\n","protected":false},"excerpt":{"rendered":"Du\u017co czytania, a ma\u0142o czasu? Sprawd\u017a\u00a0skr\u00f3t\u00a0artyku\u0142u \u2014 Uszkodzenie podmorskich kabli telekomunikacyjnych w Zatoce Fi\u0144skiej w Sylwestra to wyj\u0105tkowy&hellip;\n","protected":false},"author":2,"featured_media":181162,"comment_status":"","ping_status":"","sticky":false,"template":"","format":"standard","meta":{"footnotes":""},"categories":[14],"tags":[7206,32,33,3144,27,67,34,35,28,31,53,25,52,68,51,55,40,41,47,80,29,30,65,50,26,82,83,84,35543],"class_list":{"0":"post-181161","1":"post","2":"type-post","3":"status-publish","4":"format-standard","5":"has-post-thumbnail","7":"category-swiat","8":"tag-baltyk_morze_baltyckie","9":"tag-breaking-news","10":"tag-breakingnews","11":"tag-finlandia_kraj","12":"tag-headlines","13":"tag-intextvideo_splayer","14":"tag-latest-news","15":"tag-latestnews","16":"tag-naglowki","17":"tag-najwazniejsze-artykuly","18":"tag-new_header","19":"tag-news","20":"tag-onet3","21":"tag-onet3d","22":"tag-onet3d_2i","23":"tag-phx","24":"tag-polish","25":"tag-polski","26":"tag-screening_general","27":"tag-swiat","28":"tag-top-stories","29":"tag-topstories","30":"tag-update_me","31":"tag-v2021","32":"tag-wiadomosci","33":"tag-world","34":"tag-world-news","35":"tag-worldnews","36":"tag-zatoka_finska"},"share_on_mastodon":{"url":"https:\/\/pubeurope.com\/@pl\/115818682313142094","error":""},"_links":{"self":[{"href":"https:\/\/www.europesays.com\/pl\/wp-json\/wp\/v2\/posts\/181161","targetHints":{"allow":["GET"]}}],"collection":[{"href":"https:\/\/www.europesays.com\/pl\/wp-json\/wp\/v2\/posts"}],"about":[{"href":"https:\/\/www.europesays.com\/pl\/wp-json\/wp\/v2\/types\/post"}],"author":[{"embeddable":true,"href":"https:\/\/www.europesays.com\/pl\/wp-json\/wp\/v2\/users\/2"}],"replies":[{"embeddable":true,"href":"https:\/\/www.europesays.com\/pl\/wp-json\/wp\/v2\/comments?post=181161"}],"version-history":[{"count":0,"href":"https:\/\/www.europesays.com\/pl\/wp-json\/wp\/v2\/posts\/181161\/revisions"}],"wp:featuredmedia":[{"embeddable":true,"href":"https:\/\/www.europesays.com\/pl\/wp-json\/wp\/v2\/media\/181162"}],"wp:attachment":[{"href":"https:\/\/www.europesays.com\/pl\/wp-json\/wp\/v2\/media?parent=181161"}],"wp:term":[{"taxonomy":"category","embeddable":true,"href":"https:\/\/www.europesays.com\/pl\/wp-json\/wp\/v2\/categories?post=181161"},{"taxonomy":"post_tag","embeddable":true,"href":"https:\/\/www.europesays.com\/pl\/wp-json\/wp\/v2\/tags?post=181161"}],"curies":[{"name":"wp","href":"https:\/\/api.w.org\/{rel}","templated":true}]}}