{"id":181167,"date":"2026-01-01T07:39:08","date_gmt":"2026-01-01T07:39:08","guid":{"rendered":"https:\/\/www.europesays.com\/pl\/181167\/"},"modified":"2026-01-01T07:39:08","modified_gmt":"2026-01-01T07:39:08","slug":"tragiczny-sylwester-w-europejskich-krajach-eksplozja-ofiary-smiertelne","status":"publish","type":"post","link":"https:\/\/www.europesays.com\/pl\/181167\/","title":{"rendered":"Tragiczny sylwester w europejskich krajach. Eksplozja, ofiary \u015bmiertelne"},"content":{"rendered":"<p>W skr\u00f3cie<\/p>\n<ul class=\"typography ids-typeset-body ids-typeset-body--preset-large list ids-list ids-list--unordered ids-list--size-large \" datatype=\"disc\">\n<li class=\"ids-list-item\">\n<p>Sylwester w Holandii przebiega\u0142 burzliwie &#8211; dosz\u0142o do \u015bmiertelnych wypadk\u00f3w i licznych po\u017car\u00f3w.<\/p>\n<\/li>\n<li class=\"ids-list-item\">\n<p>S\u0142u\u017cby ratunkowe by\u0142y atakowane, \u0142amano zakaz fajerwerk\u00f3w.<\/p>\n<\/li>\n<li class=\"ids-list-item\">\n<p>W Szwajcarii dosz\u0142o do eksplozji w kurorcie narciarskim. Zgin\u0119\u0142o kilka os\u00f3b.<\/p>\n<\/li>\n<li class=\"ids-list-item\"><\/li>\n<\/ul>\n<p class=\"typography ids-typeset-body ids-typeset-body--preset-large link paragraph ids-paragraph ids-paragraph--default\">Tegoroczna noc sylwestrowa w <a href=\"https:\/\/wydarzenia.interia.pl\/tematy-holandia,gsbi,3392\" target=\"_blank\" rel=\"nofollow noopener\">Holandii<\/a> okaza\u0142a si\u0119 wyj\u0105tkowo dramatyczna. W r\u00f3\u017cnych cz\u0119\u015bciach kraju dosz\u0142o do \u015bmiertelnych wypadk\u00f3w zwi\u0105zanych z u\u017cyciem fajerwerk\u00f3w, m.in. w Nijmegen i Aalsmeer. Policja bada, czy u\u017cywany materia\u0142 pirotechniczny by\u0142 legalny.<\/p>\n<p class=\"typography ids-typeset-body ids-typeset-body--preset-large link paragraph ids-paragraph ids-paragraph--default\">W Bergen nad Morzem P\u00f3\u0142nocnym \u015bmier\u0107 ponios\u0142o dziecko\u00a0potr\u0105cone przez samoch\u00f3d.<\/p>\n<p class=\"typography ids-typeset-body ids-typeset-body--preset-large link paragraph ids-paragraph ids-paragraph--default\">Jednym z najpowa\u017cniejszych zdarze\u0144 by\u0142 ogromny po\u017car zabytkowego ko\u015bcio\u0142a w Amsterdamie &#8211; Vondelkerk, kt\u00f3ry od lat 70. XX wieku przesta\u0142 pe\u0142ni\u0107 funkcj\u0119 \u015bwi\u0105tyni katolickiej i sta\u0142 si\u0119 miejscem wielu koncert\u00f3w oraz spotka\u0144.<\/p>\n<p class=\"typography ids-typeset-body ids-typeset-body--preset-large link paragraph ids-paragraph ids-paragraph--default\">Ogie\u0144 szybko obj\u0105\u0142 wie\u017c\u0119 budynku, a g\u0119sty deszcz iskier zmusi\u0142 s\u0142u\u017cby do ewakuacji kilkudziesi\u0119ciu pobliskich dom\u00f3w. Stra\u017c po\u017carna walczy\u0142a z \u017cywio\u0142em przez wiele godzin, wykorzystuj\u0105c wod\u0119 z pobliskiego parku. Zabytku nie uda\u0142o si\u0119 uratowa\u0107.<\/p>\n<p>Holandia. Tragiczny bilans sylwestrowej nocy<\/p>\n<p class=\"typography ids-typeset-body ids-typeset-body--preset-large link paragraph ids-paragraph ids-paragraph--default\">W ca\u0142ym kraju odnotowano\u00a0liczne po\u017cary budynk\u00f3w mieszkalnych, gara\u017cy i obiekt\u00f3w publicznych, w tym hal sportowych i dom\u00f3w jednorodzinnych. W kilku przypadkach eksplodowa\u0142y sk\u0142adowane fajerwerki, co dodatkowo utrudnia\u0142o akcje ratunkowe.<\/p>\n<p class=\"typography ids-typeset-body ids-typeset-body--preset-large link paragraph ids-paragraph ids-paragraph--default\">Tysi\u0105ce zg\u0142osze\u0144 sprawi\u0142y, \u017ce numer alarmowy 112 by\u0142 przeci\u0105\u017cony &#8211; w\u0142adze apelowa\u0142y o dzwonienie wy\u0142\u0105cznie w sytuacjach zagro\u017cenia \u017cycia.<\/p>\n<p class=\"typography ids-typeset-body ids-typeset-body--preset-large link paragraph ids-paragraph ids-paragraph--default\">Szczeg\u00f3lne zaniepokojenie wzbudzi\u0142a skala przemocy\u00a0wobec s\u0142u\u017cb. Policjanci, stra\u017cacy i ratownicy medyczni byli obrzucani fajerwerkami, kamieniami, a w Bredzie w dzielnicy Tuinzigt u\u017cyto koktajli Mo\u0142otowa. Zwi\u0105zek zawodowy policji okre\u015bli\u0142 sylwestrow\u0105 noc jako jedn\u0105 z najbardziej brutalnych w ostatnich latach.<\/p>\n<p>Nowy Rok. Tragiczna eksplozja w Szwajcarii<\/p>\n<p class=\"typography ids-typeset-body ids-typeset-body--preset-large link paragraph ids-paragraph ids-paragraph--default\">Tragicznie zako\u0144czy\u0142y si\u0119 tak\u017ce obchody sylwestra w <a href=\"https:\/\/wydarzenia.interia.pl\/tematy-szwajcaria,gsbi,2846\" rel=\"nofollow noopener\" target=\"_blank\">Szwajcarii<\/a>, gdzie w kurorcie narciarskim Crans-Montana na po\u0142udniu kraju kilka os\u00f3b zgin\u0119\u0142o w wyniku eksplozji.<\/p>\n<p class=\"typography ids-typeset-body ids-typeset-body--preset-large link paragraph ids-paragraph ids-paragraph--default\">Jak poda\u0142y media, przyczyn\u0105 zdarzenia mog\u0142o by\u0107 u\u017cycie materia\u0142\u00f3w pirotechnicznych w jednym z bar\u00f3w.<\/p>\n<p class=\"typography ids-typeset-body ids-typeset-body--preset-large link paragraph ids-paragraph ids-paragraph--default\">W celu przetransportowania rannych zmobilizowano kilka \u015bmig\u0142owc\u00f3w. Jeden ze \u015bwiadk\u00f3w powiedzia\u0142 portalowi, \u017ce z miasta Sion wys\u0142ano &#8222;niesprecyzowan\u0105 liczb\u0119&#8221; karetek pogotowia.<\/p>\n<p>Ustawa o statusie osoby najbli\u017cszej. Szefernaker: Furtka do adopcji dzieci przez pary homoseksualnePolsat NewsPolsat News<\/p>\n<p><a class=\"ids-undecorated-link source ids-page-info--source__link\" href=\"https:\/\/p.iplsc.com\/-\/000L0SCEGA4O3ESS.pdf\" rel=\"nofollow noopener\" target=\"_blank\"><img decoding=\"async\" class=\"ids-image-holder__img\" loading=\"lazy\" alt=\"\" title=\"\" height=\"24px\" src=\"https:\/\/www.europesays.com\/pl\/wp-content\/uploads\/2025\/12\/1766553730_818_0009A6098CYXTC6T-C202-F4.webp.webp\"\/><\/a><\/p>\n<p>Masz sugestie, uwagi albo widzisz b\u0142\u0105d? Napisz do nas<\/p>\n","protected":false},"excerpt":{"rendered":"W skr\u00f3cie Sylwester w Holandii przebiega\u0142 burzliwie &#8211; dosz\u0142o do \u015bmiertelnych wypadk\u00f3w i licznych po\u017car\u00f3w. S\u0142u\u017cby ratunkowe by\u0142y&hellip;\n","protected":false},"author":2,"featured_media":181168,"comment_status":"","ping_status":"","sticky":false,"template":"","format":"standard","meta":{"footnotes":""},"categories":[14],"tags":[32,33,27,34,35,28,31,25,40,41,80,29,30,26,82,83,84],"class_list":{"0":"post-181167","1":"post","2":"type-post","3":"status-publish","4":"format-standard","5":"has-post-thumbnail","7":"category-swiat","8":"tag-breaking-news","9":"tag-breakingnews","10":"tag-headlines","11":"tag-latest-news","12":"tag-latestnews","13":"tag-naglowki","14":"tag-najwazniejsze-artykuly","15":"tag-news","16":"tag-polish","17":"tag-polski","18":"tag-swiat","19":"tag-top-stories","20":"tag-topstories","21":"tag-wiadomosci","22":"tag-world","23":"tag-world-news","24":"tag-worldnews"},"share_on_mastodon":{"url":"https:\/\/pubeurope.com\/@pl\/115818709919932477","error":""},"_links":{"self":[{"href":"https:\/\/www.europesays.com\/pl\/wp-json\/wp\/v2\/posts\/181167","targetHints":{"allow":["GET"]}}],"collection":[{"href":"https:\/\/www.europesays.com\/pl\/wp-json\/wp\/v2\/posts"}],"about":[{"href":"https:\/\/www.europesays.com\/pl\/wp-json\/wp\/v2\/types\/post"}],"author":[{"embeddable":true,"href":"https:\/\/www.europesays.com\/pl\/wp-json\/wp\/v2\/users\/2"}],"replies":[{"embeddable":true,"href":"https:\/\/www.europesays.com\/pl\/wp-json\/wp\/v2\/comments?post=181167"}],"version-history":[{"count":0,"href":"https:\/\/www.europesays.com\/pl\/wp-json\/wp\/v2\/posts\/181167\/revisions"}],"wp:featuredmedia":[{"embeddable":true,"href":"https:\/\/www.europesays.com\/pl\/wp-json\/wp\/v2\/media\/181168"}],"wp:attachment":[{"href":"https:\/\/www.europesays.com\/pl\/wp-json\/wp\/v2\/media?parent=181167"}],"wp:term":[{"taxonomy":"category","embeddable":true,"href":"https:\/\/www.europesays.com\/pl\/wp-json\/wp\/v2\/categories?post=181167"},{"taxonomy":"post_tag","embeddable":true,"href":"https:\/\/www.europesays.com\/pl\/wp-json\/wp\/v2\/tags?post=181167"}],"curies":[{"name":"wp","href":"https:\/\/api.w.org\/{rel}","templated":true}]}}