{"id":181169,"date":"2026-01-01T07:40:09","date_gmt":"2026-01-01T07:40:09","guid":{"rendered":"https:\/\/www.europesays.com\/pl\/181169\/"},"modified":"2026-01-01T07:40:09","modified_gmt":"2026-01-01T07:40:09","slug":"nowe-miasta-w-polsce-o-polnocy-zyskaly-prawa-miejskie","status":"publish","type":"post","link":"https:\/\/www.europesays.com\/pl\/181169\/","title":{"rendered":"Nowe miasta w Polsce. O p\u00f3\u0142nocy zyska\u0142y prawa miejskie"},"content":{"rendered":"\n<p>W woj. mazowieckim nowymi miastami zosta\u0142y Stanis\u0142aw\u00f3w (pow. mi\u0144ski), Ma\u0142kinia G\u00f3rna (pow. ostrowski) i\u00a0Staro\u017areby (pow. p\u0142ocki). W\u00a0Lubelskiem status miasta uzyska\u0142 Jan\u00f3w Podlaski (pow. bialski), natomiast w\u00a0Opolskiem miastem sta\u0142o si\u0119 Branice (pow. g\u0142ubczycki). Nowy status otrzyma\u0142 tak\u017ce Jan\u00f3w (pow. cz\u0119stochowski) w\u00a0woj. \u015bl\u0105skim.<\/p>\n<p>Now\u0105 nazw\u0119 \u2013\u00a0Bratian \u2013\u00a0otrzyma\u0142a natomiast wiejska gmina Nowe Miasto Lubawskie w\u00a0woj. warmi\u0144sko-mazurskim. Bratian odr\u00f3\u017cni si\u0119 w\u00a0ten spos\u00f3b od s\u0105siedniego powiatowego Nowego Miasta Lubawskiego.<\/p>\n<p>Zmiany granic <\/p>\n<p>Rozporz\u0105dzenie rz\u0105du wprowadzi\u0142o r\u00f3wnie\u017c zmiany dotycz\u0105ce granic niekt\u00f3rych gmin. Przyk\u0142adowo Rada Ministr\u00f3w zgodzi\u0142a si\u0119, by w\u00a0woj. lubelskim zmieni\u0107 granice gminy Che\u0142m, do kt\u00f3rej w\u0142\u0105czono dwa obszary \u2013\u00a031,5 ha i\u00a043,98 ha teren\u00f3w miasta Che\u0142m. <\/p>\n<p> <img role=\"presentation\" class=\"absolute left-1\/2 top-1\/2 max-h-[80%] max-w-[100px] -translate-x-1\/2 -translate-y-1\/2\" src=\"https:\/\/v.wpimg.pl\/ZXJfd3AudTkrBBIAbg54LGhcRlAxHQUrPgJGH2MAeGJoSQ1eIBI_K2UHAEVuBTY5KQMMXC0RPyoVERQdMgM9ejc\" loading=\"lazy\" decoding=\"async\"\/><\/p>\n<p>W co\u00a0inwestowa\u0107 w\u00a02026? Doradca ujawnia <\/p>\n<p>W woj. ma\u0142opolskim do gminy Rytro wesz\u0142o 1,40 ha so\u0142ectwa M\u0142od\u00f3w z\u00a0gminy Piwniczna-Zdr\u00f3j, a\u00a0do tej gminy 1,22 ha terenu wsi Sucha Struga z\u00a0gminy Rytro, a\u00a0do gminy Niepo\u0142omice \u2013\u00a03,22 ha gminy K\u0142aj.<\/p>\n<p>W woj. mazowieckim do gminy Zakrzew do\u0142\u0105czono 1,63 ha Lasu Kapturskiego. Do Radomia trafi\u0142o natomiast 97,16 ha z\u00a0gminy Jedlnia-Letnisko, 119,26 ha z\u00a0gminy Kowala i\u00a0112,23 ha z\u00a0gminy Jastrz\u0119bia.<\/p>\n<p> <img role=\"presentation\" class=\"absolute left-1\/2 top-1\/2 max-h-[80%] max-w-[100px] -translate-x-1\/2 -translate-y-1\/2\" src=\"https:\/\/v.wpimg.pl\/ZXJfd3AudTkrBBIAbg54LGhcRlAxHQUrPgJGH2MAeGJoSQ1eIBI_K2UHAEVuBTY5KQMMXC0RPyoVERQdMgM9ejc\" loading=\"lazy\" decoding=\"async\"\/> <a href=\"https:\/\/www.money.pl\/gospodarka\/tak-sie-zyje-w-najbiedniejszej-gminie-w-kraju-to-polska-w-pigulce-6797440162687488a.html\" class=\"teaser-inline\" rel=\"nofollow noopener\" target=\"_blank\">  <img decoding=\"async\" src=\"https:\/\/www.europesays.com\/pl\/wp-content\/uploads\/2026\/01\/YTdmMjQwdjUFDztZfgx7IEZXbwM4VXV2EU93SH5Ga2xUFWIMOBs8JgEdIkQ2BSwkBRo9RCEbdjUUBGIcYFg9PRcdIQsoWDw5Bggp.jpeg\" width=\"0\" height=\"0\" loading=\"lazy\" class=\"wp-media-image cropped\" alt=\"Tak si\u0119 \u017cyje w najbiedniejszej gminie w kraju. To Polska w pigu\u0142ce\"\/><\/p>\n<p>Tak si\u0119 \u017cyje w najbiedniejszej gminie w kraju. To Polska w pigu\u0142ce<\/p>\n<p><\/a> <\/p>\n<p>W woj. pomorskim w\u0142\u0105czone do S\u0142upska zosta\u0142o 416,05 ha obr\u0119bu Boles\u0142awice z\u00a0gminy Kobylnica. Do L\u0119borka od nowego roku nale\u017cy cz\u0119\u015b\u0107 teren\u00f3w gminy Nowa Wie\u015b L\u0119borska \u2013\u00a0129,42 ha obr\u0119bu Ma\u0142oszyce, 63,93 ha obr\u0119bu K\u0119b\u0142owo Nowowiejskie i\u00a0129,70 ha obr\u0119bu Nowa Wie\u015b L\u0119borska. Z\u00a0kolei do miasta Ustka z\u00a0gminy Ustka trafi\u0142o 275,86 ha obr\u0119bu Przew\u0142oka<\/p>\n<p>W woj. \u015bl\u0105skim miasto Radzionk\u00f3w zosta\u0142o powi\u0119kszone 0,51 ha kosztem miasta Piekary \u015al\u0105skie z\u00a0obr\u0119bu Piekary Wielkie.<\/p>\n<p> <img role=\"presentation\" class=\"absolute left-1\/2 top-1\/2 max-h-[80%] max-w-[100px] -translate-x-1\/2 -translate-y-1\/2\" src=\"https:\/\/v.wpimg.pl\/ZXJfd3AudTkrBBIAbg54LGhcRlAxHQUrPgJGH2MAeGJoSQ1eIBI_K2UHAEVuBTY5KQMMXC0RPyoVERQdMgM9ejc\" loading=\"lazy\" decoding=\"async\"\/> <\/p>\n<p>Rz\u0105d zmieni\u0142 te\u017c granice miast w\u00a0woj. lubuskim. W\u0142\u0105czone do miasta Strzelce Kraje\u0144skie od 1\u00a0stycznia zosta\u0142o 33,62 ha obr\u0119bu Liche\u0144 nale\u017c\u0105ce wcze\u015bniej do gminy Strzelce Kraje\u0144skie, a\u00a0do miasta Zb\u0105szynek 93,46 ha obr\u0119bu Kosieczyn z\u00a0terenu gminy Zb\u0105szynek.<\/p>\n<p> <a href=\"https:\/\/www.money.pl\/gospodarka\/fala-ukrainskich-firm-w-polsce-padl-rekord-7238291166702080a.html\" class=\"teaser-inline\" rel=\"nofollow noopener\" target=\"_blank\">  <img decoding=\"async\" src=\"https:\/\/www.europesays.com\/pl\/wp-content\/uploads\/2026\/01\/YmI5NDM1dgwoVzh3Ykp7GWsPbC0kE3VPPBd0ZmIAa1V5TWEiJF08HyxFIWoqQywdKEI-aj1ddgw5XGEyfB49BDpFIiU0HjwAK1Aq.jpeg\" width=\"0\" height=\"0\" loading=\"lazy\" class=\"wp-media-image cropped\" alt=\"Fala ukrai\u0144skich firm w Polsce. Pad\u0142 rekord\"\/><\/p>\n<p>Fala ukrai\u0144skich firm w Polsce. Pad\u0142 rekord<\/p>\n<p><\/a><\/p>\n<p>Samorz\u0105dy bez prawa weta <\/p>\n<p>Rada Ministr\u00f3w uwzgl\u0119dnia wnioski samorz\u0105d\u00f3w dotycz\u0105ce zmian administracyjnych w\u00a0terminie do 31 lipca roku poprzedzaj\u0105cego zmiany.<\/p>\n<p> <img role=\"presentation\" class=\"absolute left-1\/2 top-1\/2 max-h-[80%] max-w-[100px] -translate-x-1\/2 -translate-y-1\/2\" src=\"https:\/\/v.wpimg.pl\/ZXJfd3AudTkrBBIAbg54LGhcRlAxHQUrPgJGH2MAeGJoSQ1eIBI_K2UHAEVuBTY5KQMMXC0RPyoVERQdMgM9ejc\" loading=\"lazy\" decoding=\"async\"\/> <\/p>\n<p>Zgoda samorz\u0105d\u00f3w na zmian\u0119 granic jest istotnym argumentem, kt\u00f3ry jest brany pod uwag\u0119 w\u00a0procedurze rozpatrywania wniosk\u00f3w, ale nie jest warunkiem <a href=\"https:\/\/www.money.pl\/gospodarka\/rzad-przyjal-projekt-ustawy-o-statusie-osoby-najblizszej-7238050335959552a.html\" rel=\"noopener noreferrer nofollow\" target=\"_blank\">podj\u0119cia decyzji przez Rad\u0119 Ministr\u00f3w<\/a>, bo rz\u0105d nie jest zwi\u0105zany opini\u0105 zainteresowanych samorz\u0105d\u00f3w ani wynikami konsultacji spo\u0142ecznych.<\/p>\n","protected":false},"excerpt":{"rendered":"W woj. mazowieckim nowymi miastami zosta\u0142y Stanis\u0142aw\u00f3w (pow. mi\u0144ski), Ma\u0142kinia G\u00f3rna (pow. ostrowski) i\u00a0Staro\u017areby (pow. p\u0142ocki). W\u00a0Lubelskiem status&hellip;\n","protected":false},"author":2,"featured_media":181170,"comment_status":"","ping_status":"","sticky":false,"template":"","format":"standard","meta":{"footnotes":""},"categories":[12],"tags":[32,33,36,37,27,34,35,28,31,25,42,38,40,39,41,29,30,26],"class_list":{"0":"post-181169","1":"post","2":"type-post","3":"status-publish","4":"format-standard","5":"has-post-thumbnail","7":"category-polska","8":"tag-breaking-news","9":"tag-breakingnews","10":"tag-featured-news","11":"tag-featurednews","12":"tag-headlines","13":"tag-latest-news","14":"tag-latestnews","15":"tag-naglowki","16":"tag-najwazniejsze-artykuly","17":"tag-news","18":"tag-pl","19":"tag-poland","20":"tag-polish","21":"tag-polska","22":"tag-polski","23":"tag-top-stories","24":"tag-topstories","25":"tag-wiadomosci"},"share_on_mastodon":{"url":"https:\/\/pubeurope.com\/@pl\/115818713802738414","error":""},"_links":{"self":[{"href":"https:\/\/www.europesays.com\/pl\/wp-json\/wp\/v2\/posts\/181169","targetHints":{"allow":["GET"]}}],"collection":[{"href":"https:\/\/www.europesays.com\/pl\/wp-json\/wp\/v2\/posts"}],"about":[{"href":"https:\/\/www.europesays.com\/pl\/wp-json\/wp\/v2\/types\/post"}],"author":[{"embeddable":true,"href":"https:\/\/www.europesays.com\/pl\/wp-json\/wp\/v2\/users\/2"}],"replies":[{"embeddable":true,"href":"https:\/\/www.europesays.com\/pl\/wp-json\/wp\/v2\/comments?post=181169"}],"version-history":[{"count":0,"href":"https:\/\/www.europesays.com\/pl\/wp-json\/wp\/v2\/posts\/181169\/revisions"}],"wp:featuredmedia":[{"embeddable":true,"href":"https:\/\/www.europesays.com\/pl\/wp-json\/wp\/v2\/media\/181170"}],"wp:attachment":[{"href":"https:\/\/www.europesays.com\/pl\/wp-json\/wp\/v2\/media?parent=181169"}],"wp:term":[{"taxonomy":"category","embeddable":true,"href":"https:\/\/www.europesays.com\/pl\/wp-json\/wp\/v2\/categories?post=181169"},{"taxonomy":"post_tag","embeddable":true,"href":"https:\/\/www.europesays.com\/pl\/wp-json\/wp\/v2\/tags?post=181169"}],"curies":[{"name":"wp","href":"https:\/\/api.w.org\/{rel}","templated":true}]}}