{"id":181177,"date":"2026-01-01T07:47:07","date_gmt":"2026-01-01T07:47:07","guid":{"rendered":"https:\/\/www.europesays.com\/pl\/181177\/"},"modified":"2026-01-01T07:47:07","modified_gmt":"2026-01-01T07:47:07","slug":"zima-nie-odpusci-kolejne-ostrzezenia-imgw","status":"publish","type":"post","link":"https:\/\/www.europesays.com\/pl\/181177\/","title":{"rendered":"Zima nie odpu\u015bci. Kolejne ostrze\u017cenia IMGW"},"content":{"rendered":"<p>IMGW ostrzega, \u017ce w\u00a0czwartek rano wejd\u0105 w\u00a0\u017cycie liczne alerty I\u00a0stopnia. Obejm\u0105 opady \u015bniegu, marzn\u0105cy deszcz lub m\u017cawk\u0119, zamiecie i\u00a0silny wiatr. Ostrze\u017cenia przed zamieciami dotycz\u0105 woj. warmi\u0144sko-mazurskiego, podlaskiego, lubelskiego, mazowieckiego i\u00a0\u0142\u00f3dzkiego, a\u00a0tak\u017ce po\u0142udniowych kra\u0144c\u00f3w Dolnego \u015al\u0105ska, \u015al\u0105ska, Ma\u0142opolski i\u00a0Podkarpacia. IMGW podaje, \u017ce b\u0119d\u0105 wa\u017cne od godz. 7.30 do pi\u0105tkowego poranka.<\/p>\n<p>Pokazali, co\u00a0dzia\u0142o si\u0119 w\u00a0Jantarze. &#8222;Krajobraz jak po\u00a0bitwie&#8221; <\/p>\n<p>Na czwartek wydano tak\u017ce alerty I\u00a0stopnia przed silnym wiatrem. Obejmuj\u0105 woj. zachodniopomorskie, p\u00f3\u0142noc Pomorza oraz po\u0142udnie woj. \u015bl\u0105skiego, ma\u0142opolskiego i\u00a0podkarpackiego. W\u00a0porywach wiatr osi\u0105gnie 70-85 km\/h. W\u00a0zale\u017cno\u015bci od regionu alerty zaczn\u0105 obowi\u0105zywa\u0107 o\u00a0godz. 8\u00a0lub 10 i\u00a0potrwaj\u0105 do pi\u0105tkowego poranka.<\/p>\n<p>W zachodniej Polsce od \u015brodowego wieczora obowi\u0105zuj\u0105 ju\u017c ostrze\u017cenia przed marzn\u0105cymi opadami. Dotycz\u0105 woj. zachodniopomorskiego, lubuskiego, dolno\u015bl\u0105skiego oraz cz\u0119\u015bci Wielkopolski i\u00a0Opolszczyzny. Wed\u0142ug komunikatu w\u00a0tych miejscach alerty wygasn\u0105 w\u00a0czwartek o\u00a0godz. 6\u00a0lub 10.<\/p>\n<p>Dla Warmii i\u00a0Mazur, Podlasia oraz p\u00f3\u0142nocnej cz\u0119\u015bci Mazowsza, a\u00a0tak\u017ce regionu Jeleniej G\u00f3ry, Szklarskiej Por\u0119by i\u00a0Lubania (Dolny \u015al\u0105sk) wydano ostrze\u017cenia I\u00a0stopnia przed intensywnymi opadami \u015bniegu. Prognozowany przyrost pokrywy to ok. 10-15 cm, lokalnie na po\u0142udniowym zachodzie do 20 cm. Na Dolnym \u015al\u0105sku alert obowi\u0105zuje od \u015brody godz. 13 do czwartku godz. 10; na p\u00f3\u0142nocnym wschodzie od czwartku godz. 10 do godz. 23.<\/p>\n<p>Na p\u00f3\u0142nocnym wschodzie IMGW ostrzega r\u00f3wnie\u017c przed silnym mrozem. W\u00a0woj. podlaskim oraz cz\u0119\u015bci woj. warmi\u0144sko-mazurskiego i\u00a0mazowieckiego w\u00a0nocy ze \u015brody na czwartek temperatura mo\u017ce spa\u015b\u0107 do minus 17 st. C. Instytut przypomina, \u017ce alert I\u00a0stopnia oznacza mo\u017cliwo\u015b\u0107 wyst\u0105pienia niebezpiecznych zjawisk nios\u0105cych ryzyko strat materialnych oraz zagro\u017cenie zdrowia i\u00a0\u017cycia.<\/p>\n<p>Ostrze\u017cenie I\u00a0stopnia przewiduje warunki sprzyjaj\u0105ce wyst\u0105pieniu niebezpiecznych zjawisk meteorologicznych mog\u0105cych powodowa\u0107 straty materialne, zagro\u017cenie zdrowia i\u00a0\u017cycia.<\/p>\n","protected":false},"excerpt":{"rendered":"IMGW ostrzega, \u017ce w\u00a0czwartek rano wejd\u0105 w\u00a0\u017cycie liczne alerty I\u00a0stopnia. Obejm\u0105 opady \u015bniegu, marzn\u0105cy deszcz lub m\u017cawk\u0119, zamiecie&hellip;\n","protected":false},"author":2,"featured_media":181178,"comment_status":"","ping_status":"","sticky":false,"template":"","format":"standard","meta":{"footnotes":""},"categories":[12],"tags":[32,33,36,37,27,34,35,28,31,25,42,38,40,39,41,29,30,26],"class_list":{"0":"post-181177","1":"post","2":"type-post","3":"status-publish","4":"format-standard","5":"has-post-thumbnail","7":"category-polska","8":"tag-breaking-news","9":"tag-breakingnews","10":"tag-featured-news","11":"tag-featurednews","12":"tag-headlines","13":"tag-latest-news","14":"tag-latestnews","15":"tag-naglowki","16":"tag-najwazniejsze-artykuly","17":"tag-news","18":"tag-pl","19":"tag-poland","20":"tag-polish","21":"tag-polska","22":"tag-polski","23":"tag-top-stories","24":"tag-topstories","25":"tag-wiadomosci"},"share_on_mastodon":{"url":"https:\/\/pubeurope.com\/@pl\/115818741573108105","error":""},"_links":{"self":[{"href":"https:\/\/www.europesays.com\/pl\/wp-json\/wp\/v2\/posts\/181177","targetHints":{"allow":["GET"]}}],"collection":[{"href":"https:\/\/www.europesays.com\/pl\/wp-json\/wp\/v2\/posts"}],"about":[{"href":"https:\/\/www.europesays.com\/pl\/wp-json\/wp\/v2\/types\/post"}],"author":[{"embeddable":true,"href":"https:\/\/www.europesays.com\/pl\/wp-json\/wp\/v2\/users\/2"}],"replies":[{"embeddable":true,"href":"https:\/\/www.europesays.com\/pl\/wp-json\/wp\/v2\/comments?post=181177"}],"version-history":[{"count":0,"href":"https:\/\/www.europesays.com\/pl\/wp-json\/wp\/v2\/posts\/181177\/revisions"}],"wp:featuredmedia":[{"embeddable":true,"href":"https:\/\/www.europesays.com\/pl\/wp-json\/wp\/v2\/media\/181178"}],"wp:attachment":[{"href":"https:\/\/www.europesays.com\/pl\/wp-json\/wp\/v2\/media?parent=181177"}],"wp:term":[{"taxonomy":"category","embeddable":true,"href":"https:\/\/www.europesays.com\/pl\/wp-json\/wp\/v2\/categories?post=181177"},{"taxonomy":"post_tag","embeddable":true,"href":"https:\/\/www.europesays.com\/pl\/wp-json\/wp\/v2\/tags?post=181177"}],"curies":[{"name":"wp","href":"https:\/\/api.w.org\/{rel}","templated":true}]}}