{"id":181216,"date":"2026-01-01T08:14:08","date_gmt":"2026-01-01T08:14:08","guid":{"rendered":"https:\/\/www.europesays.com\/pl\/181216\/"},"modified":"2026-01-01T08:14:08","modified_gmt":"2026-01-01T08:14:08","slug":"eksplozja-w-kurorcie-w-szwajcarii-sa-ofiary-onet","status":"publish","type":"post","link":"https:\/\/www.europesays.com\/pl\/181216\/","title":{"rendered":"Eksplozja w kurorcie w Szwajcarii. S\u0105 ofiary &#8211; Onet"},"content":{"rendered":"<ol>\n<li><a href=\"https:\/\/news.google.com\/rss\/articles\/CBMiqgFBVV95cUxOLXQwZlBjSnNUNFJpbHBNV1FHbC1POG1kTHdEellNcXJMWmtra3lPWEg0aWdWaXZ0RUF3dTcta3g3T09QaHZsZUhfdVNJVmpKVWRteDM0TkJrOXNmVFVkQW5TcXc3Q1c1ckJVWHFEdHpZek9ONEs2cnJUaTJiSVJ0Z0RlRVo0MWZzX0pRZXdIa2k0VFZ2YmlrZnh2blRyOTBiOGNLRTJUR2tsdw?oc=5\" target=\"_blank\" rel=\"nofollow noopener\">Eksplozja w kurorcie w Szwajcarii. S\u0105 ofiary<\/a>&nbsp;&nbsp;Onet<\/li>\n<li><a href=\"https:\/\/news.google.com\/rss\/articles\/CBMimwFBVV95cUxNRWRkbWdtNTFCd2tORkt1cWs4Nm02c2lYY0czTXpaSDVQNlNSdVBmZExHaS1kRmdvc040ZTRhMmVJR2NPM2twUHo3cnZZbkd2OWFJNkdwek9pYmRIQjBOXy1hM1NDTHloWUNDT3NLN0docDJjM2lzM0ZfNUF2dzVHNkpwQVJiZ0J6RDdscGxyLV9TTk1fdURCRjl6RQ?oc=5\" target=\"_blank\" rel=\"nofollow noopener\">Crans-Montana. Kilka os\u00f3b zgin\u0119\u0142o, a kilka zosta\u0142o rannych w wyniku eksplozji w barze<\/a>&nbsp;&nbsp;Wyborcza.pl<\/li>\n<li><a href=\"https:\/\/news.google.com\/rss\/articles\/CBMiswFBVV95cUxPVm41Xy03bG54M2FFaTBfQldhWm1uSnd0WGE2aVN5bTBPMnhqV2ZaWDJpUkhpM3prdHM0eW9DQnpLdTF6azJ6Y2J1Tnp5UkQ5QkNIZTh5ekhMdl91dWhxOEVjSlhQdFA4ZEg3ejlUekxoQWJjTHVvT25tMUoyRFNWcFdCTXppeEd4SDc2dzV1UGM5dVd1OGJ5T2t2ZmtuUS1zR3UwYnBBMHNwYVNLSlRkX0lMbw?oc=5\" target=\"_blank\" rel=\"nofollow noopener\">Eksplozja w kurorcie narciarskim. Kilka os\u00f3b zgin\u0119\u0142o<\/a>&nbsp;&nbsp;TVN24<\/li>\n<li><a href=\"https:\/\/news.google.com\/rss\/articles\/CBMingFBVV95cUxQUW4zUWY4cGhEVXhYc3NsNkRKbzJReHZhcUFTM01ULVVOOXVST2FmQkZZREVlTTh0LUZHTFM4b3dTMWttTTlidk5Kd1lEd3BfLVNwcUNKb2hLSWRaNlBBUFV1YTVYTGc4RnZ0Yk51eGJ6ZGNQUGJkN0VTUXlYU1o5Q2daLVVuU0NIRUZURnRIbnN4Y201TndJLVZvVTZwQQ?oc=5\" target=\"_blank\" rel=\"nofollow noopener\">Po\u017car w barze w Szwajcarii. S\u0105 ofiary \u015bmiertelne<\/a>&nbsp;&nbsp;RMF24<\/li>\n<li><a href=\"https:\/\/news.google.com\/rss\/articles\/CBMiuAFBVV95cUxNdWpnRkJZZGJjZ1JuYnNkTXhkWlVjU0xvSjRPYUtrYUdzSnZaUkw3ZG8xeDdtYUN4WjJ3dHhSbGRjZUstZ0tJenpKRG5DWHdmanlyOXhDNWRQLWNTOGJlRGtLOWpfLTlYbmlONkx3WUZHUmRHV1owcW0ta1NVajN3VVVXaS01bTZ4Rm83RmE2RVJuNnU5akRnelNHOUFhYUota040OV9rVmkyZk5IMWQ1MzlzaVZhWUdu?oc=5\" target=\"_blank\" rel=\"nofollow noopener\">Eksplozja w kurorcie w sylwestrow\u0105 noc. Szwajcarskie s\u0142u\u017cby: S\u0105 zabici i ranni<\/a>&nbsp;&nbsp;PolsatNews.pl<\/li>\n<\/ol>\n","protected":false},"excerpt":{"rendered":"Eksplozja w kurorcie w Szwajcarii. S\u0105 ofiary&nbsp;&nbsp;Onet Crans-Montana. Kilka os\u00f3b zgin\u0119\u0142o, a kilka zosta\u0142o rannych w wyniku eksplozji&hellip;\n","protected":false},"author":2,"featured_media":181217,"comment_status":"","ping_status":"","sticky":false,"template":"","format":"standard","meta":{"footnotes":""},"categories":[14],"tags":[32,33,5012,27,34,35,28,31,53,25,52,68,51,55,16473,40,41,47,80,3463,29,30,65,50,26,82,83,84],"class_list":{"0":"post-181216","1":"post","2":"type-post","3":"status-publish","4":"format-standard","5":"has-post-thumbnail","7":"category-swiat","8":"tag-breaking-news","9":"tag-breakingnews","10":"tag-eksplozja","11":"tag-headlines","12":"tag-latest-news","13":"tag-latestnews","14":"tag-naglowki","15":"tag-najwazniejsze-artykuly","16":"tag-new_header","17":"tag-news","18":"tag-onet3","19":"tag-onet3d","20":"tag-onet3d_2i","21":"tag-phx","22":"tag-pirotechnika","23":"tag-polish","24":"tag-polski","25":"tag-screening_general","26":"tag-swiat","27":"tag-szwajcaria_kraj","28":"tag-top-stories","29":"tag-topstories","30":"tag-update_me","31":"tag-v2021","32":"tag-wiadomosci","33":"tag-world","34":"tag-world-news","35":"tag-worldnews"},"share_on_mastodon":{"url":"https:\/\/pubeurope.com\/@pl\/115818847554614579","error":""},"_links":{"self":[{"href":"https:\/\/www.europesays.com\/pl\/wp-json\/wp\/v2\/posts\/181216","targetHints":{"allow":["GET"]}}],"collection":[{"href":"https:\/\/www.europesays.com\/pl\/wp-json\/wp\/v2\/posts"}],"about":[{"href":"https:\/\/www.europesays.com\/pl\/wp-json\/wp\/v2\/types\/post"}],"author":[{"embeddable":true,"href":"https:\/\/www.europesays.com\/pl\/wp-json\/wp\/v2\/users\/2"}],"replies":[{"embeddable":true,"href":"https:\/\/www.europesays.com\/pl\/wp-json\/wp\/v2\/comments?post=181216"}],"version-history":[{"count":0,"href":"https:\/\/www.europesays.com\/pl\/wp-json\/wp\/v2\/posts\/181216\/revisions"}],"wp:featuredmedia":[{"embeddable":true,"href":"https:\/\/www.europesays.com\/pl\/wp-json\/wp\/v2\/media\/181217"}],"wp:attachment":[{"href":"https:\/\/www.europesays.com\/pl\/wp-json\/wp\/v2\/media?parent=181216"}],"wp:term":[{"taxonomy":"category","embeddable":true,"href":"https:\/\/www.europesays.com\/pl\/wp-json\/wp\/v2\/categories?post=181216"},{"taxonomy":"post_tag","embeddable":true,"href":"https:\/\/www.europesays.com\/pl\/wp-json\/wp\/v2\/tags?post=181216"}],"curies":[{"name":"wp","href":"https:\/\/api.w.org\/{rel}","templated":true}]}}