{"id":181221,"date":"2026-01-01T08:17:03","date_gmt":"2026-01-01T08:17:03","guid":{"rendered":"https:\/\/www.europesays.com\/pl\/181221\/"},"modified":"2026-01-01T08:17:03","modified_gmt":"2026-01-01T08:17:03","slug":"gwiazdor-polakow-wycofany-z-turnieju-czterech-skoczni-teraz-przemowil-przeglad-sportowy-onet","status":"publish","type":"post","link":"https:\/\/www.europesays.com\/pl\/181221\/","title":{"rendered":"Gwiazdor Polak\u00f3w wycofany z Turnieju Czterech Skoczni. Teraz przem\u00f3wi\u0142 &#8211; Przegl\u0105d Sportowy Onet"},"content":{"rendered":"<ol>\n<li><a href=\"https:\/\/news.google.com\/rss\/articles\/CBMi2gFBVV95cUxQWDdVcFg2WkpnaUhSeTZrVlZldmZEUTFkcjd6Z0RwbGJyRWk4dnB2ZjlUM0hlb2M2aFl0SVVfcEVUSFhhVFozd1gzVHl3UUhjSmlWUnZsejJxQ1ptT3NycUVDdElmMGxtelkwU2gxRUlsb05Gb0p5bmJsUXdpc1Y1cDRVWWZlUTJEOEM5U3FEZl82cHQwRVlPU1JPSW4zLTI2bnNZWmRVeVp2XzYteGFka2x2UFV0bUpxS1NlUGUwNmY2SmpScVNKTHQ2dkhHa2Z6WFhWMkJfT0tpUQ?oc=5\" target=\"_blank\" rel=\"nofollow noopener\">Gwiazdor Polak\u00f3w wycofany z Turnieju Czterech Skoczni. Teraz przem\u00f3wi\u0142<\/a>&nbsp;&nbsp;Przegl\u0105d Sportowy Onet<\/li>\n<li><a href=\"https:\/\/news.google.com\/rss\/articles\/CBMimgFBVV95cUxOdkFkdDR5WGMzT0w5VFVhMFhpTTdraEE3VEJ0Smc5eldDNlRiUFFZa3p1UGpReHRRR0FzdkNSODR2eTdIOWxXOC1EVlRnX0otR2Q1U2FwYXlpNUFNZENEckVmRVozY1FNMWhtbnZmYzFxMGEyeTc3TnZnNkJnZDR2YmVLM3VpdTJiWEktS2tUUnNkcThUaG5qZE1B?oc=5\" target=\"_blank\" rel=\"nofollow noopener\">Trener odes\u0142a\u0142 \u017by\u0142\u0119 do domu. Skoczek ju\u017c zareagowa\u0142<\/a>&nbsp;&nbsp;SportoweFakty<\/li>\n<li><a href=\"https:\/\/news.google.com\/rss\/articles\/CBMiwwFBVV95cUxNbjJaaWhsNDM2UmVpQnhmZTlEQS13ZGFjV1g5WDVGN1A1V01GOXV6VmxQeFF5VnBUSGRUcDNicTYtNVBLOXJmNFh6dEthZGFLVEhvbzF3YWE2Zlo1Vy1kNDRoY280SllkLUFBYTAtdlBTajdLZEhMYWNSUnl4LUllNkNDVzUxUUZtbmRPTTA0anF6MG0yRU9tQWVyN0FycnNSMy12YUphYnJaekNjRXB4dHVYQ1h2NTlRZVNQb2hjRXR0Q1U?oc=5\" target=\"_blank\" rel=\"nofollow noopener\">Spiker krzycza\u0142 na skoczni, a Kamil Stoch nie zawi\u00f3d\u0142. Znowu to zrobi\u0142<\/a>&nbsp;&nbsp;Sport w INTERIA.PL<\/li>\n<li><a href=\"https:\/\/news.google.com\/rss\/articles\/CBMipwFBVV95cUxPNjJHaG8wRFRKY0VLZk9VRTVIOFdLV1U0WGhtMFo5akxpWE9mTm5JZkJYT3BzX04xZy1ETWJHWlRLdk1nMkprQk9pcTBIRE1OM2VEODhoa0ZwT3ROaTdieUhFVzBnV1lsV3FMR3JnUEVtQXRycHdyc2VKb2VhQi1YR0pDem1JOXlVb2w5eUhfczRMLV9ObzN1cUV1VmZqYWxIcllSRUU2UdIBrAFBVV95cUxNS0JMMzJoNGhwVVFTczBRVkJnY2hSVm9zZW1BeU13cG5vZTdWTDVNNDc1d0h5YmFWa3diWjVKVjZtV0w2TGNpcUhWNjZFU0xyLWpaZ0RQbDZoc1VfQVpfSm5kcnhmNHRVYzV6WE51RGdSUEVWenktd0R1a1FvRkdWTHlVNFFsNURwZjNPdTk3aGtmMnJ1WlMwU1ZwQkJhaklaN2Y1blRJdlhIc25n?oc=5\" target=\"_blank\" rel=\"nofollow noopener\">TCS w Ga-Pa: Hoffmann i Hoerl najlepsi na treningu [TRANSMISJA]<\/a>&nbsp;&nbsp;Skijumping<\/li>\n<li><a href=\"https:\/\/news.google.com\/rss\/articles\/CBMimwFBVV95cUxPTkxrMkZ0SVFkZER1cTVOOFFXV0V6VVVfZDhTV0xkMHUya1BoOXh2Z2txM0NHamdPcFQ4NXFaRlpPelE4cGVCRHR1NC1rUTJZc2pQU1p3eWFCNGdPSVpEeVNvM18tVzFBcTBOV3pRQU9xT0oxSVY4aHVjLTVaLUt2cTlOalduZkw1OFZCWnM4eUdaNEZKcnF2Ymxvdw?oc=5\" target=\"_blank\" rel=\"nofollow noopener\">Znamy pary KO w Ga-Pa. Oto na kogo trafi\u0142 Stoch<\/a>&nbsp;&nbsp;Sport.pl<\/li>\n<\/ol>\n","protected":false},"excerpt":{"rendered":"Gwiazdor Polak\u00f3w wycofany z Turnieju Czterech Skoczni. Teraz przem\u00f3wi\u0142&nbsp;&nbsp;Przegl\u0105d Sportowy Onet Trener odes\u0142a\u0142 \u017by\u0142\u0119 do domu. Skoczek ju\u017c&hellip;\n","protected":false},"author":2,"featured_media":181222,"comment_status":"","ping_status":"","sticky":false,"template":"","format":"standard","meta":{"footnotes":""},"categories":[24],"tags":[3516,67,14477,11744,3102,42,38,40,39,41,136,128,47,1874,127,135,126,28548,130],"class_list":{"0":"post-181221","1":"post","2":"type-post","3":"status-publish","4":"format-standard","5":"has-post-thumbnail","7":"category-sport","8":"tag-dawid_kubacki","9":"tag-intextvideo_splayer","10":"tag-maciej_maciusiak","11":"tag-ogor","12":"tag-piotr_zyla","13":"tag-pl","14":"tag-poland","15":"tag-polish","16":"tag-polska","17":"tag-polski","18":"tag-ps_detal_new","19":"tag-psv2","20":"tag-screening_general","21":"tag-skoki_narciarskie","22":"tag-sport","23":"tag-sport_sport","24":"tag-sports","25":"tag-turniej_czterech_skoczni","26":"tag-wiadomosci_sportowe"},"share_on_mastodon":{"url":"https:\/\/pubeurope.com\/@pl\/115818859250816668","error":""},"_links":{"self":[{"href":"https:\/\/www.europesays.com\/pl\/wp-json\/wp\/v2\/posts\/181221","targetHints":{"allow":["GET"]}}],"collection":[{"href":"https:\/\/www.europesays.com\/pl\/wp-json\/wp\/v2\/posts"}],"about":[{"href":"https:\/\/www.europesays.com\/pl\/wp-json\/wp\/v2\/types\/post"}],"author":[{"embeddable":true,"href":"https:\/\/www.europesays.com\/pl\/wp-json\/wp\/v2\/users\/2"}],"replies":[{"embeddable":true,"href":"https:\/\/www.europesays.com\/pl\/wp-json\/wp\/v2\/comments?post=181221"}],"version-history":[{"count":0,"href":"https:\/\/www.europesays.com\/pl\/wp-json\/wp\/v2\/posts\/181221\/revisions"}],"wp:featuredmedia":[{"embeddable":true,"href":"https:\/\/www.europesays.com\/pl\/wp-json\/wp\/v2\/media\/181222"}],"wp:attachment":[{"href":"https:\/\/www.europesays.com\/pl\/wp-json\/wp\/v2\/media?parent=181221"}],"wp:term":[{"taxonomy":"category","embeddable":true,"href":"https:\/\/www.europesays.com\/pl\/wp-json\/wp\/v2\/categories?post=181221"},{"taxonomy":"post_tag","embeddable":true,"href":"https:\/\/www.europesays.com\/pl\/wp-json\/wp\/v2\/tags?post=181221"}],"curies":[{"name":"wp","href":"https:\/\/api.w.org\/{rel}","templated":true}]}}