{"id":181258,"date":"2026-01-01T08:43:09","date_gmt":"2026-01-01T08:43:09","guid":{"rendered":"https:\/\/www.europesays.com\/pl\/181258\/"},"modified":"2026-01-01T08:43:09","modified_gmt":"2026-01-01T08:43:09","slug":"plac-niepodleglosci-w-chelmie-pelen-zycia-sylwester-republiki-oczami-uczestnikow","status":"publish","type":"post","link":"https:\/\/www.europesays.com\/pl\/181258\/","title":{"rendered":"Plac Niepodleg\u0142o\u015bci w Che\u0142mie pe\u0142en \u017cycia. Sylwester Republiki oczami uczestnik\u00f3w"},"content":{"rendered":"<p class=\"article-p\" data-section=\"detail-body\">W tym roku w Che\u0142mie w\u015br\u00f3d wykonawc\u00f3w byli: Fun Factory, Fancy, Corona, Defis, Weekend czy Playboys. Przed scen\u0105 zgromadzili si\u0119 fani muzyki tanecznej. \u2014 Bardzo lubi\u0119 zespo\u0142y Milano i Defis, wi\u0119c jestem tutaj \u2014 m\u00f3wi\u0142 zadowolony pan Miros\u0142aw Ilczuk.<\/p>\n<p class=\"article-p\" data-section=\"detail-body\">Spotkali\u015bmy te\u017c rozta\u0144czone ma\u0142\u017ce\u0144stwo z Sosnowca. W doskona\u0142ych humorach. Cho\u0107 w Katowicach odbywa si\u0119 <a href=\"https:\/\/plejada.pl\/newsy\/dawid-kwiatkowski-na-probach-przed-sylwestrem-z-dwojka-jak-my-damy-rade\/8zc1349\" id=\"5eadb170-5bb5-4350-b4fa-4d07b3192566\" rel=\"nofollow noopener\" target=\"_blank\">Sylwester z Dw\u00f3jk\u0105<\/a>, ogromna impreza, z najwi\u0119kszymi gwiazdami rozrywki, oni woleli przyjecha\u0107 do Che\u0142ma. \u2014 Tu s\u0105 nasze klimaty \u2014 stwierdzili w rozmowie z reporterem &#8222;Faktu&#8221;.<\/p>\n<p class=\"article-p\" data-section=\"detail-body\">\u2014 To naprawd\u0119 wystrza\u0142owy sylwester. Taki, jakim go zapowiadali \u2014 uwa\u017ca pan Adam z Maciejowic. \u2014 Jest pi\u0119kna pogoda, przyjecha\u0142em tu z rodzin\u0105, \u017con\u0105, szwagrem. Pierwszy raz jeste\u015bmy w Che\u0142mie i bardzo nam si\u0119 podoba \u2014 m\u00f3wi.<\/p>\n<p>        Sylwester w Che\u0142mie. &#8222;Nie moja bajka, na jedno kopyto&#8221;<\/p>\n<p class=\"article-p\" data-section=\"detail-body\">Nieco mniej rozrywkowo nastawieni od turyst\u00f3w byli miejscowi. \u2014 Ulice pozamykane, ju\u017c od 15 grudnia mamy tego sylwestra i utrudnienia maj\u0105 potrwa\u0107 do 7 styczna. Chyba wystarczy, bo \u015brednio to wygl\u0105da \u2014 m\u00f3wi nam jeden z mieszka\u0144c\u00f3w. \u2014 Nie bawi\u0119 si\u0119 na tym sylwestrze, bo to nie moja muzyka, wszystko na jedno kopyto \u2014 wzrusza ramionami.<\/p>\n<p>        Po\u017cegnanie 2025 roku w Che\u0142mie. &#8222;Najwa\u017cniejszy spok\u00f3j i to, by\u015bmy si\u0119 kochali&#8221;<\/p>\n<p class=\"article-p\" data-section=\"detail-body\">W\u015br\u00f3d imprezowicz\u00f3w jednak przewa\u017caj\u0105 g\u0142osy zachwytu. \u2014 Jest dobra zabawa, to najwa\u017cniejsze. Potrzebne s\u0105 chwile wytchnienia, <a href=\"https:\/\/kobieta.onet.pl\/wiadomosci\/jak-polacy-spedzaja-sylwestra-niektorzy-wydaja-kilkaset-zlotych-na-noworoczny-bal\/gfs2l58\" id=\"1f12dceb-105e-4699-a0bf-34d93addc3b3\" rel=\"nofollow noopener\" target=\"_blank\">\u017cegnamy stary rok<\/a>, cieszymy si\u0119, \u017ce b\u0119dzie nowy, oby tylko przyni\u00f3s\u0142 same dobre niespodzianki \u2014 m\u00f3wi pani Anna.<\/p>\n<p class=\"article-p\" data-section=\"detail-body\">\u2014 Pozdrawiamy pana prezydenta, \u017ce to zorganizowa\u0142 z ca\u0142ym zespo\u0142em Republiki i \u017cyczymy zdrowego i radosnego Nowego Roku. To jest najwa\u017cniejsze, \u017ceby by\u0142 spok\u00f3j, \u017ceby\u015bmy si\u0119 wszyscy kochali. Kocham ca\u0142\u0105 Polsk\u0119 i dlatego tu te\u017c jestem. B\u0105d\u017amy wszyscy razem, b\u0105d\u017amy szcz\u0119\u015bliwi \u2014 dodaje pan Adam.<\/p>\n<p class=\"article-p\" data-section=\"detail-body\"><a href=\"https:\/\/www.fakt.pl\/wydarzenia\/polska\/lublin\/sylwester-z-tv-republika-zaskakujace-z-czym-nie-wolno-bylo-wejsc-pod-scene\/hz142v3\" id=\"9124a88f-9975-4389-bd1b-ed66e46fc94d\" rel=\"nofollow noopener\" target=\"_blank\">Przyjechali na sylwestra z TV Republik\u0105. Chcieli wnie\u015b\u0107 to pod scen\u0119. Ochrona ust\u0105pi\u0142a po protestach<\/a><\/p>\n<p class=\"article-p\" data-section=\"detail-body\"><a href=\"https:\/\/www.fakt.pl\/wydarzenia\/impreza-sylwestrowa-tv-republika-w-chelmie-mieszkancy-komentuja\/c0s6nv0\" id=\"5bb725cc-0ba8-444b-b33a-37c6ff718d15\" rel=\"nofollow noopener\" target=\"_blank\">Koszulki z Nawrockim i kubki za 97 z\u0142. Tak TV Republika dorabia na swoim sylwestrze w Che\u0142mie<\/a><\/p>\n<p class=\"article-p\" data-section=\"detail-body\"><a href=\"https:\/\/businessinsider.com.pl\/wiadomosci\/chelm-szykuje-sylwestra-z-tv-republika-stacja-prosi-o-rekordowe-wsparcie\/leqr1y3\" id=\"dc293f32-1ea0-43be-837d-d56df2580548\" rel=\"nofollow noopener\" target=\"_blank\">Sylwester w Che\u0142mie dro\u017cszy ni\u017c rok temu. TV Republika prosi o dwa razy wi\u0119cej<\/a><\/p>\n<p>        \/9<\/p>\n<p>                    <img decoding=\"async\" class=\"article-image-img\" loading=\"lazy\" alt=\"\" src=\"https:\/\/www.europesays.com\/pl\/wp-content\/uploads\/2026\/01\/hApk9kuTURBXy82YzEyM2IwMS03NDc1LTQ5MzEtOWM1MC1hODIzYTQ4NmVmOTIuanBlZ5GTAs0DSM0B2N4AAqEwAaExAQ.jpeg\" width=\"840\" height=\"472\"\/><\/p>\n<p>                  Bogdan Hrywniak\/Nespix.pl, Anita Walczewska \/ East News<\/p>\n<p class=\"article-gallery-p\">\n        Uczestnicy chwal\u0105 imprez\u0119.\n    <\/p>\n<p>        \/9<\/p>\n<p>                    <img decoding=\"async\" class=\"article-image-img\" loading=\"lazy\" alt=\"\" src=\"https:\/\/www.europesays.com\/pl\/wp-content\/uploads\/2026\/01\/xM1k9kuTURBXy8yODI5NjRlNS05YmI2LTQ0MWQtODZiNC1mMWY2M2VjYmNiNzUuanBlZ5GTAs0DSM0EYN4AAqEwAaExAQ.jpeg\" width=\"840\" height=\"1120\"\/><\/p>\n<p>                  Bogdan Hrywniak \/ newspix.pl<\/p>\n<p class=\"article-gallery-p\">\n        Pan Miros\u0142aw lubi zesp\u00f3\u0142 Defis, a tak\u017ce Milano. Dlatego pojawi\u0142 si\u0119 w Che\u0142mie.\n    <\/p>\n","protected":false},"excerpt":{"rendered":"W tym roku w Che\u0142mie w\u015br\u00f3d wykonawc\u00f3w byli: Fun Factory, Fancy, Corona, Defis, Weekend czy Playboys. Przed scen\u0105&hellip;\n","protected":false},"author":2,"featured_media":181259,"comment_status":"","ping_status":"","sticky":false,"template":"","format":"standard","meta":{"footnotes":""},"categories":[12],"tags":[32,33,36,37,27,34,35,28,31,25,42,38,40,39,41,29,30,26],"class_list":{"0":"post-181258","1":"post","2":"type-post","3":"status-publish","4":"format-standard","5":"has-post-thumbnail","7":"category-polska","8":"tag-breaking-news","9":"tag-breakingnews","10":"tag-featured-news","11":"tag-featurednews","12":"tag-headlines","13":"tag-latest-news","14":"tag-latestnews","15":"tag-naglowki","16":"tag-najwazniejsze-artykuly","17":"tag-news","18":"tag-pl","19":"tag-poland","20":"tag-polish","21":"tag-polska","22":"tag-polski","23":"tag-top-stories","24":"tag-topstories","25":"tag-wiadomosci"},"share_on_mastodon":{"url":"https:\/\/pubeurope.com\/@pl\/115818961532404085","error":""},"_links":{"self":[{"href":"https:\/\/www.europesays.com\/pl\/wp-json\/wp\/v2\/posts\/181258","targetHints":{"allow":["GET"]}}],"collection":[{"href":"https:\/\/www.europesays.com\/pl\/wp-json\/wp\/v2\/posts"}],"about":[{"href":"https:\/\/www.europesays.com\/pl\/wp-json\/wp\/v2\/types\/post"}],"author":[{"embeddable":true,"href":"https:\/\/www.europesays.com\/pl\/wp-json\/wp\/v2\/users\/2"}],"replies":[{"embeddable":true,"href":"https:\/\/www.europesays.com\/pl\/wp-json\/wp\/v2\/comments?post=181258"}],"version-history":[{"count":0,"href":"https:\/\/www.europesays.com\/pl\/wp-json\/wp\/v2\/posts\/181258\/revisions"}],"wp:featuredmedia":[{"embeddable":true,"href":"https:\/\/www.europesays.com\/pl\/wp-json\/wp\/v2\/media\/181259"}],"wp:attachment":[{"href":"https:\/\/www.europesays.com\/pl\/wp-json\/wp\/v2\/media?parent=181258"}],"wp:term":[{"taxonomy":"category","embeddable":true,"href":"https:\/\/www.europesays.com\/pl\/wp-json\/wp\/v2\/categories?post=181258"},{"taxonomy":"post_tag","embeddable":true,"href":"https:\/\/www.europesays.com\/pl\/wp-json\/wp\/v2\/tags?post=181258"}],"curies":[{"name":"wp","href":"https:\/\/api.w.org\/{rel}","templated":true}]}}