{"id":181260,"date":"2026-01-01T08:45:09","date_gmt":"2026-01-01T08:45:09","guid":{"rendered":"https:\/\/www.europesays.com\/pl\/181260\/"},"modified":"2026-01-01T08:45:09","modified_gmt":"2026-01-01T08:45:09","slug":"20-lat-temu-zostala-miss-polski-tak-dzis-wyglada","status":"publish","type":"post","link":"https:\/\/www.europesays.com\/pl\/181260\/","title":{"rendered":"20 lat temu zosta\u0142a miss Polski. Tak dzi\u015b wygl\u0105da"},"content":{"rendered":"\n<p class=\"contentpart contentpart--default contentpart--text\" data-position=\"0\">W 2005 roku pochodz\u0105ca z Bydgoszczy <a href=\"https:\/\/sportowefakty.wp.pl\/fitness\/renata-nowak\" rel=\"nofollow noopener\" target=\"_blank\">Renata Nowak<\/a> zosta\u0142a now\u0105 miss Polski. &#8211; W przysz\u0142o\u015bci chcia\u0142abym by\u0107 menad\u017cerem i za\u0142o\u017cy\u0107 w\u0142asn\u0105 firm\u0119. Dobrze czuj\u0119 si\u0119 zar\u00f3wno w ta\u0144cu klasycznym, jak i latynoameryka\u0144skich &#8211; m\u00f3wi\u0142a tu\u017c po gali w rozmowie z wisla.naszemiasto.pl.<\/p>\n<p class=\"contentpart contentpart--default contentpart--text\" data-position=\"1\">Sw\u00f3j sukces wykorzysta\u0142a idealnie. Zaj\u0119\u0142a si\u0119 modelingiem, a tak\u017ce postawi\u0142a na sporty sylwetkowe.<\/p>\n<p> <img role=\"presentation\" src=\"https:\/\/std.wpcdn.pl\/images\/adv\/placeholder_wp.svg\" loading=\"lazy\" alt=\"\" decoding=\"async\"\/>  <\/p>\n<p class=\"contentpart contentpart--default contentpart--text\" data-position=\"2\">W czerwcu pochwali\u0142a si\u0119 ogromnym sukcesem. &#8211; Lec\u0119 do Tokio jako jedyna zawodniczka z Europy na Olympia Pro Masters. (&#8230;) Spe\u0142ni\u0142am tym swoje marzenia. Stan\u0119 na scenie w takim miejscu i w tak doborowym towarzystwie, o kt\u00f3rym bym nawet nie marzy\u0142a jako 40-latka &#8211; pisa\u0142a w mediach spo\u0142eczno\u015bciowych.<\/p>\n<p class=\"contentpart contentpart--default contentpart--text\" data-position=\"3\">ZOBACZ WIDEO: Tak wygl\u0105da od kulis mecz PlusLigi<\/p>\n<p class=\"contentpart contentpart--default contentpart--text\" data-position=\"5\">&#8211; To zwyci\u0119stwo i ten sukces chcia\u0142abym jednak skierowa\u0107 do tych wszystkich kobiet, kt\u00f3re kiedy\u015b us\u0142ysza\u0142y w swoim \u017cyciu, \u017ce ich czas ju\u017c min\u0105\u0142, \u017ce ju\u017c nic nie osi\u0105gn\u0105, \u017ce co osi\u0105gn\u0119\u0142y kiedy\u015b, to ju\u017c dawno i nieprawda &#8211; doda\u0142a.<\/p>\n<p class=\"contentpart contentpart--default contentpart--text\" data-position=\"6\">Ostatecznie w Tokio uda\u0142o jej si\u0119 zaj\u0105\u0107 9. miejsce na 40. zawodniczek.\u00a0&#8222;W\u015br\u00f3d blisko 40 zawodniczek z ca\u0142ego \u015bwiata zosta\u0142am wywo\u0142ana do pierwszego por\u00f3wnania. Dosta\u0142am si\u0119 do fina\u0142u TOP 10, gdzie rywalizowa\u0142o osiem Amerykanek, jedna zawodniczka z Hong Kongu i\u2026 ja. Ostatecznie 9. miejsce &#8211; na tak presti\u017cowej imprezie jak Olympia to dla mnie ogromne wyr\u00f3\u017cnienie i motywacja do dalszej pracy&#8221; &#8211; pisa\u0142a.<\/p>\n<p> <img role=\"presentation\" src=\"https:\/\/std.wpcdn.pl\/images\/adv\/placeholder_wp.svg\" loading=\"lazy\" alt=\"\" decoding=\"async\"\/>  <\/p>\n<p class=\"contentpart contentpart--default contentpart--text\" data-position=\"7\">Na scenie fitness odnios\u0142a liczne sukcesy, w tym dwukrotnie by\u0142a mistrzyni\u0105 Europy i Polski. Dzisiaj jest zawodniczk\u0105 IFBB (Mi\u0119dzynarodowej Federacji Kulturystyki i Fitness) Pro. Ma mn\u00f3stwo fan\u00f3w (na Instagramie \u015bledzi j\u0105 ponad 200 tys. os\u00f3b) i bardzo cz\u0119sto wrzuca nowe posty.<\/p>\n<p>  <img decoding=\"async\" src=\"https:\/\/www.europesays.com\/pl\/wp-content\/uploads\/2026\/01\/NzEyMi5qYRskGztaGgpsDmdDbwBcU2JYMFt3SxpGeUo9Vj4PGBAqFywXJBpBAy8ZLxhjHkUSKhRrCSFGRgUhCCQeKFsaFysbMQw_.jpeg\" alt=\"\" width=\"770\" height=\"\" loading=\"lazy\"\/>   <\/p>\n","protected":false},"excerpt":{"rendered":"W 2005 roku pochodz\u0105ca z Bydgoszczy Renata Nowak zosta\u0142a now\u0105 miss Polski. &#8211; W przysz\u0142o\u015bci chcia\u0142abym by\u0107 menad\u017cerem&hellip;\n","protected":false},"author":2,"featured_media":181261,"comment_status":"","ping_status":"","sticky":false,"template":"","format":"standard","meta":{"footnotes":""},"categories":[24],"tags":[10508,42,38,40,39,41,3900,35552,127,268,126],"class_list":{"0":"post-181260","1":"post","2":"type-post","3":"status-publish","4":"format-standard","5":"has-post-thumbnail","7":"category-sport","8":"tag-fitness","9":"tag-pl","10":"tag-poland","11":"tag-polish","12":"tag-polska","13":"tag-polski","14":"tag-pozostale-dyscypliny","15":"tag-renata-nowak","16":"tag-sport","17":"tag-sportowybar","18":"tag-sports"},"share_on_mastodon":{"url":"https:\/\/pubeurope.com\/@pl\/115818969560936260","error":""},"_links":{"self":[{"href":"https:\/\/www.europesays.com\/pl\/wp-json\/wp\/v2\/posts\/181260","targetHints":{"allow":["GET"]}}],"collection":[{"href":"https:\/\/www.europesays.com\/pl\/wp-json\/wp\/v2\/posts"}],"about":[{"href":"https:\/\/www.europesays.com\/pl\/wp-json\/wp\/v2\/types\/post"}],"author":[{"embeddable":true,"href":"https:\/\/www.europesays.com\/pl\/wp-json\/wp\/v2\/users\/2"}],"replies":[{"embeddable":true,"href":"https:\/\/www.europesays.com\/pl\/wp-json\/wp\/v2\/comments?post=181260"}],"version-history":[{"count":0,"href":"https:\/\/www.europesays.com\/pl\/wp-json\/wp\/v2\/posts\/181260\/revisions"}],"wp:featuredmedia":[{"embeddable":true,"href":"https:\/\/www.europesays.com\/pl\/wp-json\/wp\/v2\/media\/181261"}],"wp:attachment":[{"href":"https:\/\/www.europesays.com\/pl\/wp-json\/wp\/v2\/media?parent=181260"}],"wp:term":[{"taxonomy":"category","embeddable":true,"href":"https:\/\/www.europesays.com\/pl\/wp-json\/wp\/v2\/categories?post=181260"},{"taxonomy":"post_tag","embeddable":true,"href":"https:\/\/www.europesays.com\/pl\/wp-json\/wp\/v2\/tags?post=181260"}],"curies":[{"name":"wp","href":"https:\/\/api.w.org\/{rel}","templated":true}]}}