{"id":181270,"date":"2026-01-01T08:52:12","date_gmt":"2026-01-01T08:52:12","guid":{"rendered":"https:\/\/www.europesays.com\/pl\/181270\/"},"modified":"2026-01-01T08:52:12","modified_gmt":"2026-01-01T08:52:12","slug":"do-konca-roku-pozostalo-15-godzin-iga-swiatek-wydala-komunikat-przeglad-sportowy-onet","status":"publish","type":"post","link":"https:\/\/www.europesays.com\/pl\/181270\/","title":{"rendered":"Do ko\u0144ca roku pozosta\u0142o 15 godzin. Iga \u015awi\u0105tek wyda\u0142a komunikat &#8211; Przegl\u0105d Sportowy Onet"},"content":{"rendered":"<ol>\n<li><a href=\"https:\/\/news.google.com\/rss\/articles\/CBMirwFBVV95cUxOeVRsaHZjM3p0RzBCR0dUWDJ0ZU1kSURNajZiVGtXRmdzT0tKQkZIRGtjejVPeXRiSGpFUWZSMl9LY0E2Sks0SHpTU3Z2OFVjandCQlVGcWtVR3VYSUtKZVZwTTEzS0d1THd4bVdhUGdfamctOUNEcVVuanRhY2xfcU9nc2hTWGZ2NDNmRF9PTGRIM1lha3F5Tk9na1pMWnpuQ0VWUW1jemVoOVVkUUxv?oc=5\" target=\"_blank\" rel=\"nofollow noopener\">Do ko\u0144ca roku pozosta\u0142o 15 godzin. Iga \u015awi\u0105tek wyda\u0142a komunikat<\/a>&nbsp;&nbsp;Przegl\u0105d Sportowy Onet<\/li>\n<li><a href=\"https:\/\/news.google.com\/rss\/articles\/CBMiswFBVV95cUxQVDZZaUU2MUhUU0VFVmZMR1hkeVFLZjJzMUl1TngzazJRalYyTFdiOVJWaHozeHlKWE81M1pDWGJBVEdvZ0F6LWdWR0EtNWhsUE5WMkYxeHU4d3BMQUlqdnZ5WGRKcW1jQnlCYXBJMndlMkFDWE1fMDhBQnp3Z1Y1SV94cnZ4RmdVWjJpbHVQSWlWeWtHTlFITUxFRUVpUkhrTnpVTEFQdFRzYk9fNnEtVkhNcw?oc=5\" target=\"_blank\" rel=\"nofollow noopener\">Polacy zdecydowali. Tak \u015awi\u0105tek zareagowa\u0142a po us\u0142yszeniu wynik\u00f3w Tenis<\/a>&nbsp;&nbsp;Sport.pl<\/li>\n<li><a href=\"https:\/\/news.google.com\/rss\/articles\/CBMingFBVV95cUxPS1dGdmhnUkdlTGNzbENnekhITUoyTzRiZW5YZnVYeTBIUWJFbV9NZ2lZY1ZBUTJWcWZ3RTNNdjR0ZVZHMkNxSkhlZkFLZHFOOVU3bHB1d2FSWnhDMXZidVBmdmZpdVVCTUl6cktlSmM4T3dmaFNCckdWdnk3X1NxTFlmNDZ1by1ib0JqQkREWVVsRVpXb3J4TVduV0xFQQ?oc=5\" target=\"_blank\" rel=\"nofollow noopener\">\u015awi\u0105tek podsumowa\u0142a 2025 rok. &#8222;Od czego tu w og\u00f3le zacz\u0105\u0107?&#8221;<\/a>&nbsp;&nbsp;SportoweFakty<\/li>\n<li><a href=\"https:\/\/news.google.com\/rss\/articles\/CBMiqgFBVV95cUxOdkg3NkVFZW1oMFpsOFY3aUswbDlVcFhQaVJjeGtueU9jazFJUjAyaGE5ODN6dnpCY3N6N3dQU0xRbzNfRXNBSzRjYzJkR1AyOE5JbU54Q3I3aldKLWFGb1Q4WUw4aDhzRnFINHBJaWZnODBpVkdtUEhZMWdQREVINEc2eWhQUXo4WWJTVnRyM3hVeVlaejhhX3RqdjNqYnYtODZhTnl1TURvdw?oc=5\" target=\"_blank\" rel=\"nofollow noopener\">\u015awi\u0105tek zabra\u0142a g\u0142os tu\u017c przed ko\u0144cem roku. &#8222;Mam ogromne szcz\u0119\u015bcie&#8221;<\/a>&nbsp;&nbsp;Polskie Radio 24<\/li>\n<li><a href=\"https:\/\/news.google.com\/rss\/articles\/CBMitgFBVV95cUxQSXBuRHBvVGdnYm8xbWJnUTRhdU5uWkFqV0dEaEFVT1gtbVFyVHR2TmN0aU5lb0xGbXlFbHgwSmdxTUZtaHhKV0NyRlRsek9BZzk4VjBTdURaa2J1WVRFcmZobU13SHJma0RXdjdZMkdPSHVNTGMxc01OOUJWa0ZENVl4WkJtXy13aDhkVkhJQXJCakZBdkwzV01oZEhqbmNHcW5vczhwTXgtaXNiczN3dW5JOGtfUQ?oc=5\" target=\"_blank\" rel=\"nofollow noopener\">\u015awi\u0105tek podsumowa\u0142a wyj\u0105tkowy rok. To wydarzenie zmieni\u0142o jej \u017cycie<\/a>&nbsp;&nbsp;www.polsatsport.pl<\/li>\n<\/ol>\n","protected":false},"excerpt":{"rendered":"Do ko\u0144ca roku pozosta\u0142o 15 godzin. Iga \u015awi\u0105tek wyda\u0142a komunikat&nbsp;&nbsp;Przegl\u0105d Sportowy Onet Polacy zdecydowali. Tak \u015awi\u0105tek zareagowa\u0142a po&hellip;\n","protected":false},"author":2,"featured_media":181271,"comment_status":"","ping_status":"","sticky":false,"template":"","format":"standard","meta":{"footnotes":""},"categories":[24],"tags":[252,67,129,42,38,40,39,41,136,128,47,127,135,126,156,130],"class_list":{"0":"post-181270","1":"post","2":"type-post","3":"status-publish","4":"format-standard","5":"has-post-thumbnail","7":"category-sport","8":"tag-iga_swiatek","9":"tag-intextvideo_splayer","10":"tag-ofsajd","11":"tag-pl","12":"tag-poland","13":"tag-polish","14":"tag-polska","15":"tag-polski","16":"tag-ps_detal_new","17":"tag-psv2","18":"tag-screening_general","19":"tag-sport","20":"tag-sport_sport","21":"tag-sports","22":"tag-tenis","23":"tag-wiadomosci_sportowe"},"share_on_mastodon":{"url":"https:\/\/pubeurope.com\/@pl\/115818996918656085","error":""},"_links":{"self":[{"href":"https:\/\/www.europesays.com\/pl\/wp-json\/wp\/v2\/posts\/181270","targetHints":{"allow":["GET"]}}],"collection":[{"href":"https:\/\/www.europesays.com\/pl\/wp-json\/wp\/v2\/posts"}],"about":[{"href":"https:\/\/www.europesays.com\/pl\/wp-json\/wp\/v2\/types\/post"}],"author":[{"embeddable":true,"href":"https:\/\/www.europesays.com\/pl\/wp-json\/wp\/v2\/users\/2"}],"replies":[{"embeddable":true,"href":"https:\/\/www.europesays.com\/pl\/wp-json\/wp\/v2\/comments?post=181270"}],"version-history":[{"count":0,"href":"https:\/\/www.europesays.com\/pl\/wp-json\/wp\/v2\/posts\/181270\/revisions"}],"wp:featuredmedia":[{"embeddable":true,"href":"https:\/\/www.europesays.com\/pl\/wp-json\/wp\/v2\/media\/181271"}],"wp:attachment":[{"href":"https:\/\/www.europesays.com\/pl\/wp-json\/wp\/v2\/media?parent=181270"}],"wp:term":[{"taxonomy":"category","embeddable":true,"href":"https:\/\/www.europesays.com\/pl\/wp-json\/wp\/v2\/categories?post=181270"},{"taxonomy":"post_tag","embeddable":true,"href":"https:\/\/www.europesays.com\/pl\/wp-json\/wp\/v2\/tags?post=181270"}],"curies":[{"name":"wp","href":"https:\/\/api.w.org\/{rel}","templated":true}]}}