{"id":181274,"date":"2026-01-01T08:55:09","date_gmt":"2026-01-01T08:55:09","guid":{"rendered":"https:\/\/www.europesays.com\/pl\/181274\/"},"modified":"2026-01-01T08:55:09","modified_gmt":"2026-01-01T08:55:09","slug":"plk-przejmuje-cargotor-od-pkp-cargo-za-288-mln-zl","status":"publish","type":"post","link":"https:\/\/www.europesays.com\/pl\/181274\/","title":{"rendered":"PLK przejmuje Cargotor od PKP Cargo za 28,8 mln z\u0142"},"content":{"rendered":"<p>PKP Cargo SA w restrukturyzacji oraz PKP PLK SA podpisa\u0142y dzi\u015b Umow\u0119 Inwestycyjn\u0105, okre\u015blaj\u0105c\u0105 warunki sprzeda\u017cy wszystkich nale\u017c\u0105cych do PKP Cargo udzia\u0142\u00f3w w sp\u00f3\u0142ce Cargotor. Ustalona cena to 28 milion\u00f3w z\u0142otych. Strony zapowiadaj\u0105 finalizacj\u0119 transakcji do ko\u0144ca pierwszego kwarta\u0142u 2026 roku. <\/p>\n<p>Opisywana transakcja jest jednym z element\u00f3w porz\u0105dkowania struktury biznesowej Grupy Kapita\u0142owej PKP Cargo SA w restrukturyzacji i skupiania si\u0119 na kluczowych funkcjach i zadaniach sp\u00f3\u0142ki w obszarze przewoz\u00f3w towarowych oraz integracji \u0142a\u0144cuch\u00f3w logistycznych. Realizacja transakcji sprzeda\u017cy udzia\u0142\u00f3w sp\u00f3\u0142ki Cargotor jest wskazana w z\u0142o\u017conym w dniu 30 czerwca 2025 r. <a href=\"https:\/\/www.rynek-kolejowy.pl\/wiadomosci\/pkp-cargo-z-planem-restrukturyzacji-123844.html\" target=\"_blank\" rel=\"nofollow noopener\">Planie Restrukturyzacyjnym<\/a>.<\/p>\n<p>\u2013 Podpisanie dzisiejszej umowy potwierdza konsekwentn\u0105 polityk\u0119 sp\u00f3\u0142ki w realizacji dzia\u0142a\u0144 restrukturyzacyjnych i naprawczych. Sp\u00f3\u0142ka systematycznie realizuje zaplanowane inicjatywy, kt\u00f3re maj\u0105 na celu wzmocnienie jej pozycji rynkowej oraz popraw\u0119 wynik\u00f3w finansowych, kt\u00f3re b\u0119d\u0105 podstaw\u0119 uzgodnie\u0144 z wierzycielami oraz stworz\u0105 mo\u017cliwo\u015bci rozwoju. Dzisiejszy krok jest potwierdzeniem, \u017ce sp\u00f3\u0142ka ma zdolno\u015b\u0107 do realizacji zaplanowanych dzia\u0142a\u0144 z dochowaniem za\u0142o\u017conych termin\u00f3w \u2013 przekonuje cz\u0142onek zarz\u0105du PKP Cargo ds. finansowych Micha\u0142 \u0141otoszy\u0144ski.<\/p>\n<p>Ze wzgl\u0119du na zbie\u017cny profil dzia\u0142alno\u015bci obu podmiot\u00f3w przej\u0119cie przez PLK SA udzia\u0142\u00f3w w sp\u00f3\u0142ce Cargotor b\u0119dzie korzystne dla obydwu stron. <a href=\"https:\/\/www.rynek-kolejowy.pl\/wiadomosci\/coraz-blizej-przejecia-cargotoru-przez-polskie-linie-kolejowe--122661.html\" target=\"_blank\" rel=\"nofollow noopener\">W\u0142\u0105czenie dzia\u0142alno\u015bci Cargotor do struktur PLK SA<\/a> powinno sprzyja\u0107 sp\u00f3jnemu i zr\u00f3wnowa\u017conemu rozwojowi krajowej sieci kolejowej.<\/p>\n<p>\u2013 Powi\u0119kszamy nasz\u0105 grup\u0119 kapita\u0142ow\u0105 o wa\u017cne aktywo zarz\u0105dzaj\u0105ce infrastruktur\u0105 w Rejonie Prze\u0142adunkowym Ma\u0142aszewicze oraz w kilkudziesi\u0119ciu lokalizacjach w kraju, potwierdzaj\u0105c tym samym wiod\u0105c\u0105 rol\u0119 Grupy PLK w rozwoju polskiej kolei \u2013 komentuje prezes zarz\u0105du PLK SA Piotr Wyborski.<\/p>\n<p>Sp\u00f3\u0142ka Cargotor utworzona zosta\u0142a przez PKP Cargo w 2013 r. w ramach spe\u0142nienia wymog\u00f3w regulacyjnych zawartych w ustawie z dnia 28 marca 2003 r. o transporcie kolejowym stanowi\u0105cych o wymogu rozdzielno\u015bci funkcji przewo\u017anika i zarz\u0105dcy infrastruktury kolejowej. Zajmuje si\u0119 ona zarz\u0105dzaniem infrastruktur\u0105 kolejow\u0105 w postaci uk\u0142ad\u00f3w torowych i bocznic kolejowych, a w szczeg\u00f3lno\u015bci udost\u0119pnianiem jej na warunkach komercyjnych przy zachowaniu zasad r\u00f3wno\u015bci i niedyskryminacyjnych warunk\u00f3w przydzielania zdolno\u015bci przepustowej infrastruktury u\u017cytkownikom.<\/p>\n","protected":false},"excerpt":{"rendered":"PKP Cargo SA w restrukturyzacji oraz PKP PLK SA podpisa\u0142y dzi\u015b Umow\u0119 Inwestycyjn\u0105, okre\u015blaj\u0105c\u0105 warunki sprzeda\u017cy wszystkich nale\u017c\u0105cych&hellip;\n","protected":false},"author":2,"featured_media":181275,"comment_status":"","ping_status":"","sticky":false,"template":"","format":"standard","meta":{"footnotes":""},"categories":[16],"tags":[113,112,35553,1201,1205,1203,1200,35556,2801,42,38,40,39,41,1202,35554,35555,1204,1206],"class_list":{"0":"post-181274","1":"post","2":"type-post","3":"status-publish","4":"format-standard","5":"has-post-thumbnail","7":"category-biznes","8":"tag-biznes","9":"tag-business","10":"tag-cargotor","11":"tag-intercity","12":"tag-kolej","13":"tag-koleje-mazowieckie","14":"tag-pkp","15":"tag-pkp-cargo-s-a-w-restrukturyzacji","16":"tag-pkp-plk","17":"tag-pl","18":"tag-poland","19":"tag-polish","20":"tag-polska","21":"tag-polski","22":"tag-przewozy-regionalne","23":"tag-rejon-przeladunkowy-malaszewicze","24":"tag-restrukturyzacja-pkp-cargo","25":"tag-rozklady-jazdy-pkp","26":"tag-rynek-kolejowy"},"share_on_mastodon":{"url":"https:\/\/pubeurope.com\/@pl\/115819008699769818","error":""},"_links":{"self":[{"href":"https:\/\/www.europesays.com\/pl\/wp-json\/wp\/v2\/posts\/181274","targetHints":{"allow":["GET"]}}],"collection":[{"href":"https:\/\/www.europesays.com\/pl\/wp-json\/wp\/v2\/posts"}],"about":[{"href":"https:\/\/www.europesays.com\/pl\/wp-json\/wp\/v2\/types\/post"}],"author":[{"embeddable":true,"href":"https:\/\/www.europesays.com\/pl\/wp-json\/wp\/v2\/users\/2"}],"replies":[{"embeddable":true,"href":"https:\/\/www.europesays.com\/pl\/wp-json\/wp\/v2\/comments?post=181274"}],"version-history":[{"count":0,"href":"https:\/\/www.europesays.com\/pl\/wp-json\/wp\/v2\/posts\/181274\/revisions"}],"wp:featuredmedia":[{"embeddable":true,"href":"https:\/\/www.europesays.com\/pl\/wp-json\/wp\/v2\/media\/181275"}],"wp:attachment":[{"href":"https:\/\/www.europesays.com\/pl\/wp-json\/wp\/v2\/media?parent=181274"}],"wp:term":[{"taxonomy":"category","embeddable":true,"href":"https:\/\/www.europesays.com\/pl\/wp-json\/wp\/v2\/categories?post=181274"},{"taxonomy":"post_tag","embeddable":true,"href":"https:\/\/www.europesays.com\/pl\/wp-json\/wp\/v2\/tags?post=181274"}],"curies":[{"name":"wp","href":"https:\/\/api.w.org\/{rel}","templated":true}]}}