{"id":181294,"date":"2026-01-01T09:05:08","date_gmt":"2026-01-01T09:05:08","guid":{"rendered":"https:\/\/www.europesays.com\/pl\/181294\/"},"modified":"2026-01-01T09:05:08","modified_gmt":"2026-01-01T09:05:08","slug":"nie-do-wiary-czym-dzis-zajmuje-sie-polski-skoczek-i-to-po-takim-sukcesie","status":"publish","type":"post","link":"https:\/\/www.europesays.com\/pl\/181294\/","title":{"rendered":"Nie do wiary, czym dzi\u015b zajmuje si\u0119 polski skoczek. I to po takim sukcesie"},"content":{"rendered":"<p class=\"Paragraph_desktopParagraph__Fd2e9\">W tamtym momencie mia\u0142 prawo do tego, by my\u015ble\u0107 o powa\u017cnej karierze skoczka. W dru\u017cynie ze Stochem, \u017by\u0142\u0105 i Toporem Pawe\u0142 Urba\u0144ski wywalczy\u0142 srebrny medal M\u015a junior\u00f3w 2005 w Rovaniemi. Dw\u00f3ch z nich zrobi\u0142o wielk\u0105 karier\u0119, a jeden zosta\u0142 trenerem. 38-letni dzi\u015b Urba\u0144ski od lat trzyma si\u0119 z dala od sportu, cho\u0107 pozostaje bacznym obserwatorem w roli kibice i ojca m\u0142odego sportowca.<\/p>\n<p class=\"VideoPlayerText_videoPlayerText__zrtJk\">Dalszy ci\u0105g materia\u0142u pod wideo<\/p>\n<p class=\"Paragraph_desktopParagraph__Fd2e9\">\u2014 Wcze\u015bniej troch\u0119 \u017ca\u0142owa\u0142em \u2014 wyzna\u0142 dwa lata temu w rozmowie z serwisem tvpsport.pl. W ko\u0144cu przez lata obserwowa\u0142 jak jego koledzy z rocznika 1987 zdobywaj\u0105 najwa\u017cniejsze tytu\u0142y na zimowych IO i mistrzostwach \u015bwiata. Urba\u0144ski wygra\u0142 nawet konkurs Pucharu Kontynentalnego w Engelbergu, ale karier\u0119 zawiesi\u0142 przed uko\u0144czeniem 20. roku \u017cycia. Do skok\u00f3w nie wr\u00f3ci\u0142 nigdy.<\/p>\n<p>Oto co polski skoczek robi po sukcesie. Tytu\u0142 wywalczy\u0142 ze Stochem i \u017by\u0142\u0105<\/p>\n<p class=\"Paragraph_desktopParagraph__Fd2e9\">Po latach twierdzi, \u017ce ma\u0142o kto ju\u017c o nim pami\u0119ta, cho\u0107 20 lat temu uznawany by\u0142 za spory talent. Jego decyzja by\u0142a niezwykle trudna, bo ca\u0142kowicie zmieni\u0142 otoczenie i w m\u0142odym wieku zdecydowa\u0142 si\u0119 wkroczy\u0107 do innego \u015bwiata. Po latach zdecydowa\u0142 opowiedzie\u0107 o swoim nowym \u017cyciu.<\/p>\n<p class=\"Paragraph_desktopParagraph__Fd2e9\">\u2014 Jestem teraz kierowc\u0105 ci\u0119\u017car\u00f3wki, mam zaw\u00f3d taki, \u017ce ci\u0105gle w delegacjach \u2014 ujawnia by\u0142y skoczek i wyznaje, jak wygl\u0105da obecnie podej\u015bcie do ogl\u0105dania sportu.<\/p>\n<p class=\"Paragraph_desktopParagraph__Fd2e9\">\u2014 Czasu na \u015bledzenie skok\u00f3w a\u017c tak du\u017co ju\u017c nie mam, ale kiedy jest chwila, to czytam. Skoki wci\u0105\u017c lubi\u0119. A przez syna nadal mam jako taki kontakt, na treningach bywam, na zawodach go wspieram, wi\u0119c cz\u0142owieka z miejsca bardziej do tego ci\u0105gnie. Tym si\u0119 jednak ca\u0142e dzieci\u0144stwo \u017cy\u0142o, nie? To w cz\u0142owieku zostaje \u2014 wyznaje w wywiadzie dla TVP Sport.<\/p>\n<p class=\"Paragraph_desktopParagraph__Fd2e9\">Przyznaje, \u017ce najtrudniejszym i prze\u0142omowym momentem by\u0142o wkroczenie w dojrza\u0142y wiek, gdy nie by\u0142 ju\u017c postrzegany jako junior. \u2014 Przej\u015bcie w doros\u0142o\u015b\u0107 by\u0142o ci\u0119\u017ckie. FIS Cup\u00f3w jeszcze wtedy nie by\u0142o, wsparcia a\u017c takiego r\u00f3wnie\u017c. Juniora przed\u0142u\u017cyli dopiero p\u00f3\u017aniej. Nie mo\u017cna by\u0142o mie\u0107 w\u0142asnego sponsora na kask, dobrego sprz\u0119tu by\u0142o du\u017co mniej ni\u017c obecnie. I tak dalej. Sypa\u0142o si\u0119 u mnie w sporcie, po prostu \u2014 wspomina\u0142 przed dwoma laty.<\/p>\n<p class=\"Paragraph_desktopParagraph__Fd2e9\">\u2014 Wychodzi na to, \u017ce ja nie przeskoczy\u0142em tego prze\u0142omowego momentu. Odpad\u0142em \u2014 dodaje w gorzkich s\u0142owach.<\/p>\n<p class=\"Paragraph_desktopParagraph__Fd2e9\">Jednym z czynnik\u00f3w by\u0142y te\u017c problemy ze zdrowiem oraz utrzymaniem wagi. \u2014 Przypa\u0142\u0119ta\u0142a si\u0119 kontuzja plec\u00f3w, przyty\u0142em, a p\u00f3\u017aniej ci\u0119\u017cko by\u0142o te kilogramy zrzuci\u0107. No i finalnie znalaz\u0142em si\u0119 poza kadr\u0105. Troch\u0119 jeszcze powalczy\u0142em o powr\u00f3t, ale poci\u0105g mi odjecha\u0142. Uzna\u0142em, \u017ce skoro tak, to ko\u0144cz\u0119 \u2014 wspomina Urba\u0144ski.<\/p>\n<p class=\"Paragraph_desktopParagraph__Fd2e9\">Nie czuje jednak zazdro\u015bci w stosunku do tego, co osi\u0105gn\u0119li Stoch i \u017by\u0142a. \u2014 Na szcz\u0119\u015bcie Kamil i Piotrek porobili takie kariery, \u017ce nasz rocznik si\u0119 obroni\u0142. A Wojtek Top\u00f3r zosta\u0142 trenerem \u2014 analizuje.<\/p>\n<p class=\"Paragraph_desktopParagraph__Fd2e9\">W swojej karierze spotka\u0142 tak\u017ce inn\u0105 ikon\u0119 dyscypliny, Stefana Horngachera, kt\u00f3ry w latach 2004-2006 pracowa\u0142 z polskimi juniorami. \u2014 Wyrabia\u0142 charakter. M\u00f3wi\u0142: upad\u0142e\u015b, to wstawaj i r\u00f3b swoje. Gdy zawali\u0142, bra\u0142 win\u0119 na siebie, nie szuka\u0142 po bokach. By\u0142 nie tylko trenerem, ale i wychowawc\u0105. Nie wyobra\u017cam sobie, \u017ceby w tamtym okresie do polskich skok\u00f3w na zaplecze m\u00f3g\u0142 przyj\u015b\u0107 kto\u015b bardziej kompetentny od niego \u2014 ocenia.<\/p>\n<p class=\"Paragraph_desktopParagraph__Fd2e9\">Dzi\u015b nie zamierza zak\u0142ada\u0107 nart do skok\u00f3w, ale za to bacznie \u015bledzi, jak robi to jego syn. 18-letni Szymon Urba\u0144ski startowa\u0142 w zesz\u0142ym sezonie w zawodach rangi FIS Cup. W Szczyrku zaj\u0105\u0142 56., 50. i 32. miejsce. Regularnie pojawia si\u0119 r\u00f3wnie\u017c w mistrzostwach Polski. Zesz\u0142ej zimy zaj\u0105\u0142 49. miejsce po skoku na odleg\u0142o\u015b\u0107 88 m na skoczni w Zakopanem. Do tego w sierpniu 2025 r. zaj\u0105\u0142 48. lokat\u0119 w letnich MP w Wi\u015ble.<\/p>\n","protected":false},"excerpt":{"rendered":"W tamtym momencie mia\u0142 prawo do tego, by my\u015ble\u0107 o powa\u017cnej karierze skoczka. W dru\u017cynie ze Stochem, \u017by\u0142\u0105&hellip;\n","protected":false},"author":2,"featured_media":181295,"comment_status":"","ping_status":"","sticky":false,"template":"","format":"standard","meta":{"footnotes":""},"categories":[5],"tags":[32,33,29844,36,37,27,67,3515,34,35,35557,28,31,25,3102,42,38,40,39,41,136,128,47,1874,135,29,30,26],"class_list":{"0":"post-181294","1":"post","2":"type-post","3":"status-publish","4":"format-standard","5":"has-post-thumbnail","7":"category-naglowki","8":"tag-breaking-news","9":"tag-breakingnews","10":"tag-evg","11":"tag-featured-news","12":"tag-featurednews","13":"tag-headlines","14":"tag-intextvideo_splayer","15":"tag-kamil_stoch","16":"tag-latest-news","17":"tag-latestnews","18":"tag-mistrzostwa_polski","19":"tag-naglowki","20":"tag-najwazniejsze-artykuly","21":"tag-news","22":"tag-piotr_zyla","23":"tag-pl","24":"tag-poland","25":"tag-polish","26":"tag-polska","27":"tag-polski","28":"tag-ps_detal_new","29":"tag-psv2","30":"tag-screening_general","31":"tag-skoki_narciarskie","32":"tag-sport_sport","33":"tag-top-stories","34":"tag-topstories","35":"tag-wiadomosci"},"share_on_mastodon":{"url":"https:\/\/pubeurope.com\/@pl\/115819048284745797","error":""},"_links":{"self":[{"href":"https:\/\/www.europesays.com\/pl\/wp-json\/wp\/v2\/posts\/181294","targetHints":{"allow":["GET"]}}],"collection":[{"href":"https:\/\/www.europesays.com\/pl\/wp-json\/wp\/v2\/posts"}],"about":[{"href":"https:\/\/www.europesays.com\/pl\/wp-json\/wp\/v2\/types\/post"}],"author":[{"embeddable":true,"href":"https:\/\/www.europesays.com\/pl\/wp-json\/wp\/v2\/users\/2"}],"replies":[{"embeddable":true,"href":"https:\/\/www.europesays.com\/pl\/wp-json\/wp\/v2\/comments?post=181294"}],"version-history":[{"count":0,"href":"https:\/\/www.europesays.com\/pl\/wp-json\/wp\/v2\/posts\/181294\/revisions"}],"wp:featuredmedia":[{"embeddable":true,"href":"https:\/\/www.europesays.com\/pl\/wp-json\/wp\/v2\/media\/181295"}],"wp:attachment":[{"href":"https:\/\/www.europesays.com\/pl\/wp-json\/wp\/v2\/media?parent=181294"}],"wp:term":[{"taxonomy":"category","embeddable":true,"href":"https:\/\/www.europesays.com\/pl\/wp-json\/wp\/v2\/categories?post=181294"},{"taxonomy":"post_tag","embeddable":true,"href":"https:\/\/www.europesays.com\/pl\/wp-json\/wp\/v2\/tags?post=181294"}],"curies":[{"name":"wp","href":"https:\/\/api.w.org\/{rel}","templated":true}]}}