{"id":181318,"date":"2026-01-01T09:17:06","date_gmt":"2026-01-01T09:17:06","guid":{"rendered":"https:\/\/www.europesays.com\/pl\/181318\/"},"modified":"2026-01-01T09:17:06","modified_gmt":"2026-01-01T09:17:06","slug":"rosja-zaatakowala-przy-granicy-z-polska-luck-w-ogniu-wp-wiadomosci","status":"publish","type":"post","link":"https:\/\/www.europesays.com\/pl\/181318\/","title":{"rendered":"Rosja zaatakowa\u0142a przy granicy z Polsk\u0105. \u0141uck w ogniu &#8211; WP Wiadomo\u015bci"},"content":{"rendered":"<ol>\n<li><a href=\"https:\/\/news.google.com\/rss\/articles\/CBMimwFBVV95cUxOdXZwYzhlNXNkYTR4cDNtN09ZM3ZUSDQ0MXExbUVuam1XUmpPUzN1Nzg4bmxjV0VIYWl3N0p6eF8wREdpQk5XS0NNWHhiMFZzQjFWZXJmTk40dUhEY0ZHU2ZBWkZ6V3BHQ2x4dWVuamRlcWZrTnNZSjE1TGRmNUdfV1pwcVlGZFExVE1zTUtpZlpfTl83MnNiVmdrVQ?oc=5\" target=\"_blank\" rel=\"nofollow noopener\">Rosja zaatakowa\u0142a przy granicy z Polsk\u0105. \u0141uck w ogniu<\/a>&nbsp;&nbsp;WP Wiadomo\u015bci<\/li>\n<li><a href=\"https:\/\/news.google.com\/rss\/articles\/CBMivwFBVV95cUxPSlU5engxUDJmbXd3OXhnZm9QZXV6a19ZcTZpa2MzOE9QaHN4azEyNXlkaEJSTHJnWHhIZUg0ck1RQ1JoYUpEaEEtY0dvQkdJT0M1dHZlV3pLUFhnU2xNd3hGb1FxUEVmU0JUczJWalJqVjhRNmY0aEhXTzdWVThINWdtZi1OM2V1MzFBbm1UMDZLWE55QmRHWjlQa1A4N3dpRVN1dzg3QmVSTmwxa2hKLUdPZFIyTE1OMkd1dEluQQ?oc=5\" target=\"_blank\" rel=\"nofollow noopener\">Pot\u0119\u017cny atak Rosji w sylwestrow\u0105 noc. Uderzyli w obw\u00f3d s\u0105siaduj\u0105cy z Polsk\u0105<\/a>&nbsp;&nbsp;Wydarzenia w INTERIA.PL<\/li>\n<li><a href=\"https:\/\/news.google.com\/rss\/articles\/CBMi0gFBVV95cUxOaGpER05TTUdTdjNEenBtR2JlT3hUY3JxLWhpeWtJcXQxRXNwTmNFUVl0ZlVKU1YxUmZnZ29KT2RYUVgwU1NHb2s4SXVmaHdfZFU4cWEzX2lRdEZOVWtDTUw3M2liSGN3UlVial9GaVlhdmhYc2dtZUUycVgtZGRONEJZRm52U0hkbE41UVppSGFqSWRRWHZPdFdyYTBzdHZCUmRXdE9udmNpc2xQaUJMUTJYVERwQzJPaklmcXk0WFRGQVUxdTZUbWE5ejhEOVZ3M3c?oc=5\" target=\"_blank\" rel=\"nofollow noopener\">Ataki Rosji w noc sylwestrow\u0105. Najsilniejsze uderzenia w granicz\u0105cy z Polsk\u0105 obw\u00f3d wo\u0142y\u0144ski<\/a>&nbsp;&nbsp;Bankier.pl<\/li>\n<li><a href=\"https:\/\/news.google.com\/rss\/articles\/CBMihwFBVV95cUxNdFh6VUNyckdBdUlIU2M0WGhLdEUwSGZQRjV4RzU5UWlJZENOVnhicllrXy11THFoZjVUenkxZ21mQktpdTBZbmthaWxTSlkzQk1wNnVlLXRZMktGWWpoY0tsLV9qZGZYNGNUWDZvVkdKTmVTc0NRa25YSVpnS1d4dW5rcGRCcm8?oc=5\" target=\"_blank\" rel=\"nofollow noopener\">Wojna Rosji z Ukrain\u0105. Dzie\u0144 1408. Relacja na \u017cywo<\/a>&nbsp;&nbsp;Rzeczpospolita<\/li>\n<li><a href=\"https:\/\/news.google.com\/rss\/articles\/CBMikAFBVV95cUxNSllDcXpsMW1RY0tIcXlNVHMwNUNNVFJyTU41ZUJ1VkVfVlA3TlBkVFNTbGhaR25lUkw3NU9aUFNVRXhmc0p0a1ppTkI1c05mY3FFZ2RvQnZaZjBKbnNuUHpwTVhiNjJWcTBkeTlYMkEtOHdLeHFLaWN3U05wNVBSb0VDWU9LdVJaZFpJbVYxU0g?oc=5\" target=\"_blank\" rel=\"nofollow noopener\">Oni ju\u017c nie wierz\u0105, \u017ce wojna w Ukrainie si\u0119 sko\u0144czy<\/a>&nbsp;&nbsp;TVN24<\/li>\n<\/ol>\n","protected":false},"excerpt":{"rendered":"Rosja zaatakowa\u0142a przy granicy z Polsk\u0105. \u0141uck w ogniu&nbsp;&nbsp;WP Wiadomo\u015bci Pot\u0119\u017cny atak Rosji w sylwestrow\u0105 noc. Uderzyli w&hellip;\n","protected":false},"author":2,"featured_media":181319,"comment_status":"","ping_status":"","sticky":false,"template":"","format":"standard","meta":{"footnotes":""},"categories":[14],"tags":[32,33,27,34,35,28,31,25,40,41,80,29,30,26,82,83,84],"class_list":{"0":"post-181318","1":"post","2":"type-post","3":"status-publish","4":"format-standard","5":"has-post-thumbnail","7":"category-swiat","8":"tag-breaking-news","9":"tag-breakingnews","10":"tag-headlines","11":"tag-latest-news","12":"tag-latestnews","13":"tag-naglowki","14":"tag-najwazniejsze-artykuly","15":"tag-news","16":"tag-polish","17":"tag-polski","18":"tag-swiat","19":"tag-top-stories","20":"tag-topstories","21":"tag-wiadomosci","22":"tag-world","23":"tag-world-news","24":"tag-worldnews"},"share_on_mastodon":{"url":"","error":""},"_links":{"self":[{"href":"https:\/\/www.europesays.com\/pl\/wp-json\/wp\/v2\/posts\/181318","targetHints":{"allow":["GET"]}}],"collection":[{"href":"https:\/\/www.europesays.com\/pl\/wp-json\/wp\/v2\/posts"}],"about":[{"href":"https:\/\/www.europesays.com\/pl\/wp-json\/wp\/v2\/types\/post"}],"author":[{"embeddable":true,"href":"https:\/\/www.europesays.com\/pl\/wp-json\/wp\/v2\/users\/2"}],"replies":[{"embeddable":true,"href":"https:\/\/www.europesays.com\/pl\/wp-json\/wp\/v2\/comments?post=181318"}],"version-history":[{"count":0,"href":"https:\/\/www.europesays.com\/pl\/wp-json\/wp\/v2\/posts\/181318\/revisions"}],"wp:featuredmedia":[{"embeddable":true,"href":"https:\/\/www.europesays.com\/pl\/wp-json\/wp\/v2\/media\/181319"}],"wp:attachment":[{"href":"https:\/\/www.europesays.com\/pl\/wp-json\/wp\/v2\/media?parent=181318"}],"wp:term":[{"taxonomy":"category","embeddable":true,"href":"https:\/\/www.europesays.com\/pl\/wp-json\/wp\/v2\/categories?post=181318"},{"taxonomy":"post_tag","embeddable":true,"href":"https:\/\/www.europesays.com\/pl\/wp-json\/wp\/v2\/tags?post=181318"}],"curies":[{"name":"wp","href":"https:\/\/api.w.org\/{rel}","templated":true}]}}