{"id":181446,"date":"2026-01-01T10:28:12","date_gmt":"2026-01-01T10:28:12","guid":{"rendered":"https:\/\/www.europesays.com\/pl\/181446\/"},"modified":"2026-01-01T10:28:12","modified_gmt":"2026-01-01T10:28:12","slug":"daniel-nawrocki-pochwalil-sie-partnerka-zlozyli-zyczenia-noworoczne","status":"publish","type":"post","link":"https:\/\/www.europesays.com\/pl\/181446\/","title":{"rendered":"Daniel Nawrocki pochwali\u0142 si\u0119 partnerk\u0105. Z\u0142o\u017cyli \u017cyczenia noworoczne"},"content":{"rendered":"<p class=\"ods-c-paragraph \"><a href=\"https:\/\/plejada.pl\/temat\/daniel-nawrocki\/w70v3hv\" id=\"07b29fa1-e44e-487a-a4e6-753e41e8082e\" rel=\"nofollow noopener\" target=\"_blank\">Daniel Nawrocki<\/a> to najstarszy z potomk\u00f3w Marty i Karola Nawrockich \u2014 pierwsza dama urodzi\u0142a w wieku 16 lat, a jej syn jest owocem mi\u0142o\u015bci z innego zwi\u0105zku. Cho\u0107 22-latek nie jest biologicznym dzieckiem prezydenta Polski, zosta\u0142 przez niego adoptowany lata temu. Nawrocki ju\u017c niejednokrotnie podkre\u015bla\u0142, \u017ce Daniel jest dla niego, jak prawdziwy syn.<\/p>\n<p class=\"ods-c-paragraph \">&#8222;Wychowuj\u0119 go od drugiego roku \u017cycia. Nie jest moim biologicznym synem. Nie znam innego \u017cycia, jak z Danielem, a on nie zna innego ojca, jak ja. Mamy \u015bwiadomo\u015b\u0107 w moim rodzinnym domu, \u017ce Daniel \u017cyje za spraw\u0105 g\u0142\u0119bokiej odporno\u015bci psychicznej, po\u015bwi\u0119cenia i gotowo\u015bci jego m\u0142odej w\u00f3wczas mamy, by go urodzi\u0107 i \u017ceby \u017cycie wygra\u0142o&#8221; \u2014 m\u00f3wi\u0142 prezydent podczas jednego ze spotka\u0144 z wyborcami.<\/p>\n<p>Dalszy ci\u0105g artyku\u0142u pod materia\u0142em wideo<\/p>\n<p> Kto jest partnerk\u0105 Daniela Nawrockiego? <\/p>\n<p> Jak d\u0142ugo para spotyka si\u0119 ze sob\u0105? <\/p>\n<p> Jakie \u017cyczenia z\u0142o\u017cy\u0142 Daniel Nawrocki? <\/p>\n<p> Kto jest biologicznym ojcem Daniela Nawrockiego? <\/p>\n<p>  Syn Nawrockich z partnerk\u0105 sk\u0142adaj\u0105 \u017cyczenia noworoczne<\/p>\n<p class=\"ods-c-paragraph \">Celebryci jeszcze niedawno na pot\u0119g\u0119 chwalili si\u0119 \u015bwi\u0105tecznymi kadrami i sk\u0142adali bo\u017conarodzeniowe \u017cyczenia. Teraz, ju\u017c od kilku godzin media spo\u0142eczno\u015bciowe s\u0105 wype\u0142nione szalonymi, sylwestrowymi kreacjami i \u017cyczeniami na Nowy Rok.<\/p>\n<p class=\"ods-c-paragraph \">&#8222;Szcz\u0119\u015bliwego Nowe Roku&#8221; \u017cyczy\u0142 na swoim instagramowym profilu r\u00f3wnie\u017c syn Marty i Karola Nawrockich. 22-letni Daniel pochwali\u0142 si\u0119 przy okazji zdj\u0119ciem ze swoj\u0105 partnerk\u0105 \u2014 Magdalen\u0105 Grott.<\/p>\n<p><img decoding=\"async\" src=\"https:\/\/www.europesays.com\/pl\/wp-content\/uploads\/2026\/01\/fbOk9lBaHR0cHM6Ly9vY2RuLmV1L3B1bHNjbXMvTURBXy9iMTI0N2NjZTFhNmUxYzNjYWRlMWE3YWNhYzk0MDRhZC5wbmeSlQPNA.jpeg\" height=\"529\" width=\"940\" alt=\"Daniel Nawrocki na Instagramie\" loading=\"lazy\" class=\"ods-c-image__img ods-c-image__img--viewport-width\"\/><\/p>\n<p>Daniel Nawrocki na Instagramiehttps:\/\/www.instagram.com\/magdalena.grott\/<\/p>\n<p class=\"ods-c-paragraph \">Para spotyka si\u0119 ju\u017c od jakiego\u015b czasu, a zar\u00f3wno na profilu Daniela Nawrockiego, jak i jego partnerki od czasu do czasu pojawiaj\u0105 si\u0119 ich wsp\u00f3lne zdj\u0119cia.<\/p>\n<p class=\"ods-c-paragraph \">Dzi\u0119kujemy, \u017ce przeczyta\u0142a\u015b\/e\u015b nasz artyku\u0142 do ko\u0144ca. W serwisie Plejada.pl ka\u017cdego dnia piszemy o najwa\u017cniejszych wydarzeniach show-biznesowych. B\u0105d\u017a na bie\u017c\u0105co! <a rel=\"nofollow noopener\" href=\"https:\/\/profile.google.com\/cp\/Cg0vZy8xMWJ6X19wdHBx\" id=\"356d49e3-490a-479c-8554-2b514955d101\" target=\"_blank\">Obserwuj<\/a> Plejad\u0119 w Google. Odwied\u017a nas tak\u017ce na <a rel=\"nofollow noopener\" href=\"https:\/\/www.facebook.com\/plejadapl\" id=\"0619aefd-ac7d-4196-9006-132fd3ac2f6f\" target=\"_blank\">Facebooku<\/a>, <a rel=\"nofollow noopener\" href=\"https:\/\/www.instagram.com\/plejadapl\/\" id=\"a04d3fda-7006-4995-bccf-56ae9e78f456\" target=\"_blank\">Instagramie<\/a>, <a rel=\"nofollow noopener\" href=\"https:\/\/www.youtube.com\/c\/plejada\" id=\"6d13690c-716b-48ef-8fc7-d04a0c5fe349\" target=\"_blank\">YouTubie<\/a> oraz <a rel=\"nofollow noopener\" href=\"https:\/\/www.tiktok.com\/@plejada_pl\" id=\"0082cb2b-9ec5-4495-b6c8-86fc783b7469\" target=\"_blank\">TikToku<\/a>.<\/p>\n<p class=\"ods-c-paragraph \">Chcesz podzieli\u0107 si\u0119 ciekawym newsem lub zaproponowa\u0107 temat? Skontaktuj si\u0119 z nami, pisz\u0105c maila na adres: <a rel=\"nofollow noopener\" href=\"https:\/\/plejada.pl\/newsy\/daniel-nawrocki-pochwalil-sie-partnerka-zlozyli-zyczenia-noworoczne\/mailto:plejada@redakcjaonet.pl\" id=\"09b29bd8-ca78-4cb0-842b-5868f1e69de8\" target=\"_blank\">plejada@redakcjaon<\/a><a href=\"https:\/\/et.pl\" id=\"1b935b91-a4af-4d64-aee3-3546f0df7d6b\" rel=\"nofollow noopener\" target=\"_blank\">et.pl<\/a>.<\/p>\n<p><script async src=\"\/\/www.instagram.com\/embed.js\"><\/script><script async src=\"\/\/www.tiktok.com\/embed.js\"><\/script><\/p>\n","protected":false},"excerpt":{"rendered":"Daniel Nawrocki to najstarszy z potomk\u00f3w Marty i Karola Nawrockich \u2014 pierwsza dama urodzi\u0142a w wieku 16 lat,&hellip;\n","protected":false},"author":2,"featured_media":181447,"comment_status":"","ping_status":"","sticky":false,"template":"","format":"standard","meta":{"footnotes":""},"categories":[12],"tags":[32,33,20589,36,37,27,43,34,35,1661,28,31,48,25,125,46,42,38,40,39,41,47,29,30,26],"class_list":{"0":"post-181446","1":"post","2":"type-post","3":"status-publish","4":"format-standard","5":"has-post-thumbnail","7":"category-polska","8":"tag-breaking-news","9":"tag-breakingnews","10":"tag-daniel_nawrocki","11":"tag-featured-news","12":"tag-featurednews","13":"tag-headlines","14":"tag-karol_nawrocki","15":"tag-latest-news","16":"tag-latestnews","17":"tag-marta_nawrocka","18":"tag-naglowki","19":"tag-najwazniejsze-artykuly","20":"tag-nat_styl","21":"tag-news","22":"tag-newsy","23":"tag-omp","24":"tag-pl","25":"tag-poland","26":"tag-polish","27":"tag-polska","28":"tag-polski","29":"tag-screening_general","30":"tag-top-stories","31":"tag-topstories","32":"tag-wiadomosci"},"share_on_mastodon":{"url":"https:\/\/pubeurope.com\/@pl\/115819374346583869","error":""},"_links":{"self":[{"href":"https:\/\/www.europesays.com\/pl\/wp-json\/wp\/v2\/posts\/181446","targetHints":{"allow":["GET"]}}],"collection":[{"href":"https:\/\/www.europesays.com\/pl\/wp-json\/wp\/v2\/posts"}],"about":[{"href":"https:\/\/www.europesays.com\/pl\/wp-json\/wp\/v2\/types\/post"}],"author":[{"embeddable":true,"href":"https:\/\/www.europesays.com\/pl\/wp-json\/wp\/v2\/users\/2"}],"replies":[{"embeddable":true,"href":"https:\/\/www.europesays.com\/pl\/wp-json\/wp\/v2\/comments?post=181446"}],"version-history":[{"count":0,"href":"https:\/\/www.europesays.com\/pl\/wp-json\/wp\/v2\/posts\/181446\/revisions"}],"wp:featuredmedia":[{"embeddable":true,"href":"https:\/\/www.europesays.com\/pl\/wp-json\/wp\/v2\/media\/181447"}],"wp:attachment":[{"href":"https:\/\/www.europesays.com\/pl\/wp-json\/wp\/v2\/media?parent=181446"}],"wp:term":[{"taxonomy":"category","embeddable":true,"href":"https:\/\/www.europesays.com\/pl\/wp-json\/wp\/v2\/categories?post=181446"},{"taxonomy":"post_tag","embeddable":true,"href":"https:\/\/www.europesays.com\/pl\/wp-json\/wp\/v2\/tags?post=181446"}],"curies":[{"name":"wp","href":"https:\/\/api.w.org\/{rel}","templated":true}]}}