{"id":181450,"date":"2026-01-01T10:31:07","date_gmt":"2026-01-01T10:31:07","guid":{"rendered":"https:\/\/www.europesays.com\/pl\/181450\/"},"modified":"2026-01-01T10:31:07","modified_gmt":"2026-01-01T10:31:07","slug":"choroba-odebrala-jej-scene-celine-dion-przerywa-milczenie","status":"publish","type":"post","link":"https:\/\/www.europesays.com\/pl\/181450\/","title":{"rendered":"Choroba odebra\u0142a jej scen\u0119. C\u00e9line Dion przerywa milczenie"},"content":{"rendered":"<p>C\u00e9line Dion opublikowa\u0142a w\u00a0mediach spo\u0142eczno\u015bciowych wideo z\u00a0\u017cyczeniami noworocznymi. &#8211;\u00a0Z\u00a0okazji nowego roku chc\u0119 przes\u0142a\u0107 wam wyrazy mi\u0142o\u015bci. Niech ten rok przyniesie wam du\u017co zdrowia, szcz\u0119\u015bcia i\u00a0spokoju w\u00a0sercu. Mam nadziej\u0119, \u017ce znajdziecie rado\u015b\u0107 w\u00a0ma\u0142ych rzeczach, si\u0142\u0119 w\u00a0trudnych chwilach i\u00a0szcz\u0119\u015bcie we wspomnieniach, kt\u00f3re tworzycie z\u00a0tymi, kt\u00f3rych kochacie &#8211;\u00a0powiedzia\u0142a artystka. Nagranie ko\u0144czy optymistycznym przes\u0142aniem: &#8211;\u00a0Dzi\u0119kuj\u0119, \u017ce trzymacie mnie w\u00a0swoich sercach. Wy zawsze jeste\u015bcie w\u00a0moim.<\/p>\n<p>Z twarzy artystki nie schodzi delikatny, spokojny u\u015bmiech. <a href=\"https:\/\/kobieta.wp.pl\/celine-dion-wystapila-pierwszy-raz-od-lat-widownia-nie-zawiodla-7053366833564160a\" rel=\"noopener noreferrer nofollow\" target=\"_blank\">Dion<\/a> ma gustowny makija\u017c z\u00a0mocno podkre\u015blonymi oczami. Jej w\u0142osy s\u0105 rozpuszczone i\u00a0lekko pofalowane. Na potrzeby nagrania si\u0119gn\u0119\u0142a po elegancki, kremowy p\u0142aszcz. Sylwestrow\u0105 stylizacj\u0119 dope\u0142nia bi\u017cuteria &#8211;\u00a0masywny pier\u015bcionek z\u00a0diamentem, gustowne bransoletki i\u00a0kolczyki.<\/p>\n<p>Noworoczne \u017cyczenia piosenkarki wywo\u0142a\u0142y eufori\u0119 w\u015br\u00f3d jej fan\u00f3w. Dion wycofa\u0142a si\u0119 z\u00a0\u017cycia publicznego po tym, gdy w\u00a02022 r. zdiagnozowano u\u00a0niej <a href=\"https:\/\/kobieta.wp.pl\/czas-na-zjednoczenie-celine-dion-zabrala-glos-po-dluzszej-przerwie-7210704122543072a\" rel=\"noopener noreferrer nofollow\" target=\"_blank\">zesp\u00f3\u0142 Moerscha-Woltmanna<\/a>, znany te\u017c jako zesp\u00f3\u0142 sztywnego cz\u0142owieka (SPS). To rzadka choroba neurologiczna, kt\u00f3ra charakteryzuje si\u0119 post\u0119puj\u0105c\u0105, uog\u00f3lnion\u0105 sztywno\u015bci\u0105 mi\u0119\u015bni i\u00a0bolesnymi skurczami, cz\u0119sto wywo\u0142anymi stresem, d\u017awi\u0119kiem lub dotykiem. W\u00a0zaawansowanym stadium sztywno\u015b\u0107 mo\u017ce by\u0107 tak du\u017ca, \u017ce chora osoba ma trudno\u015bci z\u00a0poruszaniem si\u0119.<\/p>\n<p>Artystka opowiedzia\u0142a o\u00a0swoim cierpieniu w\u00a0dokumencie z\u00a02024 r. zatytu\u0142owanym <a href=\"https:\/\/film.wp.pl\/porazajace-nic-was-nie-przygotuje-na-to-co-pokazala-celine-dion-w-tym-dokumencie-7040134698683136a\" rel=\"noopener noreferrer nofollow\" target=\"_blank\">&#8222;Jestem Celine Dion&#8221;<\/a>. Produkcja bez cenzury ukazuje walk\u0119 ikony muzyki z\u00a0chorob\u0105, kt\u00f3ra uniemo\u017cliwia \u015bpiewanie. W\u00a0filmie wida\u0107, \u017ce jeden z\u00a0atak\u00f3w choroby trwa\u0142 oko\u0142o o\u015bmiu minut i\u00a0przedstawia\u0142 Dion zwijaj\u0105c\u0105 si\u0119 z\u00a0b\u00f3lu. Artystka dopu\u015bci\u0142a nagranie do publikacji, aby u\u015bwiadomi\u0107 ludziom, z\u00a0czym naprawd\u0119 si\u0119 zmaga i\u00a0dlaczego musia\u0142a znikn\u0105\u0107 ze sceny.<\/p>\n<p>Selma Blair o\u00a0pierwszych objawach. Nie wiedzia\u0142a wtedy, \u017ce to\u00a0stwardnienie rozsiane <\/p>\n","protected":false},"excerpt":{"rendered":"C\u00e9line Dion opublikowa\u0142a w\u00a0mediach spo\u0142eczno\u015bciowych wideo z\u00a0\u017cyczeniami noworocznymi. &#8211;\u00a0Z\u00a0okazji nowego roku chc\u0119 przes\u0142a\u0107 wam wyrazy mi\u0142o\u015bci. Niech ten&hellip;\n","protected":false},"author":2,"featured_media":181451,"comment_status":"","ping_status":"","sticky":false,"template":"","format":"standard","meta":{"footnotes":""},"categories":[22],"tags":[122,42,38,40,39,41,123],"class_list":{"0":"post-181450","1":"post","2":"type-post","3":"status-publish","4":"format-standard","5":"has-post-thumbnail","7":"category-rozrywka","8":"tag-entertainment","9":"tag-pl","10":"tag-poland","11":"tag-polish","12":"tag-polska","13":"tag-polski","14":"tag-rozrywka"},"share_on_mastodon":{"url":"https:\/\/pubeurope.com\/@pl\/115819386137405073","error":""},"_links":{"self":[{"href":"https:\/\/www.europesays.com\/pl\/wp-json\/wp\/v2\/posts\/181450","targetHints":{"allow":["GET"]}}],"collection":[{"href":"https:\/\/www.europesays.com\/pl\/wp-json\/wp\/v2\/posts"}],"about":[{"href":"https:\/\/www.europesays.com\/pl\/wp-json\/wp\/v2\/types\/post"}],"author":[{"embeddable":true,"href":"https:\/\/www.europesays.com\/pl\/wp-json\/wp\/v2\/users\/2"}],"replies":[{"embeddable":true,"href":"https:\/\/www.europesays.com\/pl\/wp-json\/wp\/v2\/comments?post=181450"}],"version-history":[{"count":0,"href":"https:\/\/www.europesays.com\/pl\/wp-json\/wp\/v2\/posts\/181450\/revisions"}],"wp:featuredmedia":[{"embeddable":true,"href":"https:\/\/www.europesays.com\/pl\/wp-json\/wp\/v2\/media\/181451"}],"wp:attachment":[{"href":"https:\/\/www.europesays.com\/pl\/wp-json\/wp\/v2\/media?parent=181450"}],"wp:term":[{"taxonomy":"category","embeddable":true,"href":"https:\/\/www.europesays.com\/pl\/wp-json\/wp\/v2\/categories?post=181450"},{"taxonomy":"post_tag","embeddable":true,"href":"https:\/\/www.europesays.com\/pl\/wp-json\/wp\/v2\/tags?post=181450"}],"curies":[{"name":"wp","href":"https:\/\/api.w.org\/{rel}","templated":true}]}}