{"id":181467,"date":"2026-01-01T10:43:13","date_gmt":"2026-01-01T10:43:13","guid":{"rendered":"https:\/\/www.europesays.com\/pl\/181467\/"},"modified":"2026-01-01T10:43:13","modified_gmt":"2026-01-01T10:43:13","slug":"zabojstwo-w-noc-sylwestrowa-zginal-taksowkarz-wp-wiadomosci","status":"publish","type":"post","link":"https:\/\/www.europesays.com\/pl\/181467\/","title":{"rendered":"Zab\u00f3jstwo w noc sylwestrow\u0105. Zgin\u0105\u0142 taks\u00f3wkarz &#8211; WP Wiadomo\u015bci"},"content":{"rendered":"<ol>\n<li><a href=\"https:\/\/news.google.com\/rss\/articles\/CBMikgFBVV95cUxPNFZkMkE0WFAtOE9xcWdJLXp3S1RlaDRSSmVYWFZHVi1zcUhGZGRxLWpKVlNwdklWYkdoRW16czBPNlhHY21MemJIdjV3R1RkcGh4RUpjQ2lSbWZla0hCbUNSbEtkOHR5VXQ2RnppdVctWmJQZ21udmlhWmR6a2VkZlZMSm1YZVBJX1d0alFGd3JSZw?oc=5\" target=\"_blank\" rel=\"nofollow noopener\">Zab\u00f3jstwo w noc sylwestrow\u0105. Zgin\u0105\u0142 taks\u00f3wkarz<\/a>&nbsp;&nbsp;WP Wiadomo\u015bci<\/li>\n<li><a href=\"https:\/\/news.google.com\/rss\/articles\/CBMiwAFBVV95cUxQNnpRWnZjRXVzcmtDUl9CaEp2eGI2VXExMHVoVlM3QkhsUU9PWVJMd2dyWVNGR1V6TGYxb1M5M2pKRUw1M3Z6ZHNKVXlsTkk4cG55bm0tbHJwbnRwdTBoUzU0SlVMVWh3ZTJzTEM4QXZSd0N4MUZvbE5hTkdpcHZaNkJROFpfYS13NXJ6TjJNWXJiLTgwbzR4VFEwclpCUkEzdmNhOGlzbWZ2NXpUeXVvUXJtNjdkbVlaS0w3UGFWLVE?oc=5\" target=\"_blank\" rel=\"nofollow noopener\">Zab\u00f3jstwo w Gi\u017cycku. Taks\u00f3wkarz zgin\u0105\u0142 w sylwestrow\u0105 noc<\/a>&nbsp;&nbsp;Wydarzenia w INTERIA.PL<\/li>\n<li><a href=\"https:\/\/news.google.com\/rss\/articles\/CBMitAFBVV95cUxQdnJmb2JTTjdadkV2SVZJVWhMbXNMckwwWHJqdkNGdmNfdXY5WjVuSmVLa0ZIX1dGVl9XMXVudmRTQ21TV3FxdGZfWXprckcydmhDQUpMQXZVSHg1RzdVZ2JaRUlzX2Z5WWxrcV92STJpNUVMdTUtTXc5VlVMbURaZFRjR0k2MXpZNEVhal8yaEJvQ2VZMTE2aS0wUEZVeWxpQ0pOem13TWZmYVhRRGRzcTc1RlY?oc=5\" target=\"_blank\" rel=\"nofollow noopener\">Zab\u00f3jstwo taks\u00f3wkarza w Gi\u017cycku. Wstrz\u0105saj\u0105ce ustalenia<\/a>&nbsp;&nbsp;Onet<\/li>\n<li><a href=\"https:\/\/news.google.com\/rss\/articles\/CBMisgFBVV95cUxQbTBtQzJhdlQ4czlUQmN4Q2dPaGJsYi1RRlVoaTFGZ19vZWJaQkF0RHE0UVlHNllRVDRWcm5KcWxlWm9tQy0yQUU2UWlKWE9GQy1ZZUN5dC13VHNoeTFTM3hZVFVhVDFKZVNCdE9HbDA0alp1VHY3MlhqZVYwQkRiOFFzODdyNzJjODNvcURjOTRnb3dVVVctbW5BbS1XLUV6aWFfa0ozOFBaYW5GeTZmSzVR?oc=5\" target=\"_blank\" rel=\"nofollow noopener\">Dramatyczne sceny w Gi\u017cycku. Zatrzymali taks\u00f3wk\u0119. Kierowca nie \u017cyje<\/a>&nbsp;&nbsp;Gazeta<\/li>\n<li><a href=\"https:\/\/news.google.com\/rss\/articles\/CBMiiAFBVV95cUxOWVdZT2NCRzNfQndrbmdZZU1PTDczUmpDbUg1am9pRVpwTzh3dnZoMUZMcWxEaEpkSWpHN2ZpQ3Q0UTl5YUZvMHNuXzJuczRETFExTzREeUcwbGdzdFZzbC1ZUWFPQ2J6N2dWclhjQ0dUbkc3ZnUxMU42akEzUVEwSE5IeW9Wb21n?oc=5\" target=\"_blank\" rel=\"nofollow noopener\">Gi\u017cycko. Atak na taks\u00f3wkarza, m\u0119\u017cczyzna nie \u017cyje<\/a>&nbsp;&nbsp;TVN24<\/li>\n<\/ol>\n","protected":false},"excerpt":{"rendered":"Zab\u00f3jstwo w noc sylwestrow\u0105. Zgin\u0105\u0142 taks\u00f3wkarz&nbsp;&nbsp;WP Wiadomo\u015bci Zab\u00f3jstwo w Gi\u017cycku. Taks\u00f3wkarz zgin\u0105\u0142 w sylwestrow\u0105 noc&nbsp;&nbsp;Wydarzenia w INTERIA.PL Zab\u00f3jstwo&hellip;\n","protected":false},"author":2,"featured_media":181468,"comment_status":"","ping_status":"","sticky":false,"template":"","format":"standard","meta":{"footnotes":""},"categories":[5],"tags":[32,33,36,37,27,34,35,28,31,25,42,38,40,39,41,29,30,26],"class_list":{"0":"post-181467","1":"post","2":"type-post","3":"status-publish","4":"format-standard","5":"has-post-thumbnail","7":"category-naglowki","8":"tag-breaking-news","9":"tag-breakingnews","10":"tag-featured-news","11":"tag-featurednews","12":"tag-headlines","13":"tag-latest-news","14":"tag-latestnews","15":"tag-naglowki","16":"tag-najwazniejsze-artykuly","17":"tag-news","18":"tag-pl","19":"tag-poland","20":"tag-polish","21":"tag-polska","22":"tag-polski","23":"tag-top-stories","24":"tag-topstories","25":"tag-wiadomosci"},"share_on_mastodon":{"url":"https:\/\/pubeurope.com\/@pl\/115819433378952198","error":""},"_links":{"self":[{"href":"https:\/\/www.europesays.com\/pl\/wp-json\/wp\/v2\/posts\/181467","targetHints":{"allow":["GET"]}}],"collection":[{"href":"https:\/\/www.europesays.com\/pl\/wp-json\/wp\/v2\/posts"}],"about":[{"href":"https:\/\/www.europesays.com\/pl\/wp-json\/wp\/v2\/types\/post"}],"author":[{"embeddable":true,"href":"https:\/\/www.europesays.com\/pl\/wp-json\/wp\/v2\/users\/2"}],"replies":[{"embeddable":true,"href":"https:\/\/www.europesays.com\/pl\/wp-json\/wp\/v2\/comments?post=181467"}],"version-history":[{"count":0,"href":"https:\/\/www.europesays.com\/pl\/wp-json\/wp\/v2\/posts\/181467\/revisions"}],"wp:featuredmedia":[{"embeddable":true,"href":"https:\/\/www.europesays.com\/pl\/wp-json\/wp\/v2\/media\/181468"}],"wp:attachment":[{"href":"https:\/\/www.europesays.com\/pl\/wp-json\/wp\/v2\/media?parent=181467"}],"wp:term":[{"taxonomy":"category","embeddable":true,"href":"https:\/\/www.europesays.com\/pl\/wp-json\/wp\/v2\/categories?post=181467"},{"taxonomy":"post_tag","embeddable":true,"href":"https:\/\/www.europesays.com\/pl\/wp-json\/wp\/v2\/tags?post=181467"}],"curies":[{"name":"wp","href":"https:\/\/api.w.org\/{rel}","templated":true}]}}