{"id":181484,"date":"2026-01-01T10:55:09","date_gmt":"2026-01-01T10:55:09","guid":{"rendered":"https:\/\/www.europesays.com\/pl\/181484\/"},"modified":"2026-01-01T10:55:09","modified_gmt":"2026-01-01T10:55:09","slug":"historyczne-zaprzysiezenie-zohran-mamdani-burmistrzem-nowego-jorku","status":"publish","type":"post","link":"https:\/\/www.europesays.com\/pl\/181484\/","title":{"rendered":"Historyczne zaprzysi\u0119\u017cenie. Zohran Mamdani burmistrzem Nowego Jorku"},"content":{"rendered":"<p>Najwa\u017cniejsze informacje:<\/p>\n<p>Pierwszy muzu\u0142ma\u0144ski burmistrz Nowego Jorku uderza w\u00a0Trumpa. Przem\u00f3wienie Mamdaniego <\/p>\n<p>Zohran Mamdani zosta\u0142 zaprzysi\u0119\u017cony w\u00a0noc sylwestrow\u0105 jako 112. burmistrz Nowego Jorku. Prywatna ceremonia odby\u0142a si\u0119 tu\u017c po p\u00f3\u0142nocy, a\u00a0przysi\u0119g\u0119 odebra\u0142a prokuratorka generalna stanu Nowy Jork Letitia James. Polityk okre\u015bla si\u0119 jako demokratyczny socjalista i\u00a0w\u00a0kampanii akcentowa\u0142 obni\u017cenie koszt\u00f3w \u017cycia w\u00a0jednym z\u00a0najdro\u017cszych miast USA. To pierwszy muzu\u0142manin i\u00a0pierwsza osoba pochodzenia po\u0142udniowoazjatyckiego na tym stanowisku, a\u00a0tak\u017ce najm\u0142odszy burmistrz od ponad wieku.<\/p>\n<p>Mamdani uczyni\u0142 z\u00a0transportu publicznego centralny punkt programu. Zapowiedzia\u0142 uniwersalny program opieki nad dzie\u0107mi, zamro\u017cenie czynsz\u00f3w dla ok. dw\u00f3ch milion\u00f3w najemc\u00f3w mieszka\u0144 ze stabilizowanym czynszem oraz uczynienie autobus\u00f3w miejskich &#8222;szybkimi i\u00a0darmowymi&#8221;. Miejsce nocnej ceremonii \u2013\u00a0nieczynna od 1945 r. stacja metra na Manhattanie \u2013\u00a0mia\u0142o symbolizowa\u0107 pocz\u0105tek nowej fali innowacji i\u00a0rozwoju.<\/p>\n<p>Publiczne zaprzysi\u0119\u017cenie zaplanowano na czwartek po po\u0142udniu przed ratuszem, z\u00a0udzia\u0142em co najmniej 4\u00a0tys. os\u00f3b. Mamdaniego ma przedstawi\u0107 kongresmenka Alexandria Ocasio-Cortez, a\u00a0przysi\u0119g\u0119 odebra\u0107 senator Bernie Sanders. Zesp\u00f3\u0142 ds. przej\u0119cia w\u0142adzy zapowiedzia\u0142 tak\u017ce imprez\u0119 uliczn\u0105 na Broadwayu. Wed\u0142ug lokalnej telewizji NY1 miasto jest w\u00a0fazie rozkwitu po pandemii: przest\u0119pczo\u015b\u0107 z\u00a0u\u017cyciem przemocy i\u00a0bezrobocie spad\u0142y do poziom\u00f3w sprzed COVID-19, wr\u00f3cili tury\u015bci.<\/p>\n<p>Cho\u0107 wska\u017aniki gospodarcze poprawi\u0142y si\u0119, w\u00a0Nowym Jorku utrzymuj\u0105 si\u0119 obawy o\u00a0wysokie ceny i\u00a0rosn\u0105ce czynsze. To one maj\u0105 by\u0107 g\u0142\u00f3wnym polem dzia\u0142ania Mamdaniego, kt\u00f3ry budowa\u0142 kampani\u0119 na obietnicy realnego obni\u017cania koszt\u00f3w codziennego \u017cycia. W\u00a0tle pozostaj\u0105 relacje z\u00a0prezydentem Donaldem Trumpem. W\u00a0kampanii pad\u0142y gro\u017aby wstrzymania funduszy federalnych w\u00a0razie wygranej Mamdaniego, lecz <a href=\"https:\/\/wiadomosci.wp.pl\/trump-zmienia-zdanie-mamdani-to-racjonalny-lider-7224395175094784a?pvclid=01KDWDNP9VNTZJS0QB060R4VA5\" rel=\"noopener noreferrer nofollow\" target=\"_blank\">po listopadowym spotkaniu w\u00a0Bia\u0142ym Domu ton nieco z\u0142agodnia\u0142.<\/a><\/p>\n<p>Prezydent USA sygnalizowa\u0142 wtedy wsparcie dla nowego burmistrza. &#8211; Chc\u0119, \u017ceby (Mamdani) wykona\u0142 \u015bwietn\u0105 robot\u0119, i\u00a0pomog\u0119 mu j\u0105 wykona\u0107 &#8211;\u00a0powiedzia\u0142 prezydent Donald Trump. Komentatorzy oceniaj\u0105 jednak, \u017ce napi\u0119cia prawdopodobnie wr\u00f3c\u0105, szczeg\u00f3lnie w\u00a0sprawach imigracji, gdzie podej\u015bcia obu polityk\u00f3w wyra\u017anie si\u0119 r\u00f3\u017cni\u0105.<\/p>\n","protected":false},"excerpt":{"rendered":"Najwa\u017cniejsze informacje: Pierwszy muzu\u0142ma\u0144ski burmistrz Nowego Jorku uderza w\u00a0Trumpa. Przem\u00f3wienie Mamdaniego Zohran Mamdani zosta\u0142 zaprzysi\u0119\u017cony w\u00a0noc sylwestrow\u0105 jako&hellip;\n","protected":false},"author":2,"featured_media":181485,"comment_status":"","ping_status":"","sticky":false,"template":"","format":"standard","meta":{"footnotes":""},"categories":[14],"tags":[32,33,27,34,35,28,31,25,40,41,80,29,30,26,82,83,84],"class_list":{"0":"post-181484","1":"post","2":"type-post","3":"status-publish","4":"format-standard","5":"has-post-thumbnail","7":"category-swiat","8":"tag-breaking-news","9":"tag-breakingnews","10":"tag-headlines","11":"tag-latest-news","12":"tag-latestnews","13":"tag-naglowki","14":"tag-najwazniejsze-artykuly","15":"tag-news","16":"tag-polish","17":"tag-polski","18":"tag-swiat","19":"tag-top-stories","20":"tag-topstories","21":"tag-wiadomosci","22":"tag-world","23":"tag-world-news","24":"tag-worldnews"},"share_on_mastodon":{"url":"https:\/\/pubeurope.com\/@pl\/115819480789335088","error":""},"_links":{"self":[{"href":"https:\/\/www.europesays.com\/pl\/wp-json\/wp\/v2\/posts\/181484","targetHints":{"allow":["GET"]}}],"collection":[{"href":"https:\/\/www.europesays.com\/pl\/wp-json\/wp\/v2\/posts"}],"about":[{"href":"https:\/\/www.europesays.com\/pl\/wp-json\/wp\/v2\/types\/post"}],"author":[{"embeddable":true,"href":"https:\/\/www.europesays.com\/pl\/wp-json\/wp\/v2\/users\/2"}],"replies":[{"embeddable":true,"href":"https:\/\/www.europesays.com\/pl\/wp-json\/wp\/v2\/comments?post=181484"}],"version-history":[{"count":0,"href":"https:\/\/www.europesays.com\/pl\/wp-json\/wp\/v2\/posts\/181484\/revisions"}],"wp:featuredmedia":[{"embeddable":true,"href":"https:\/\/www.europesays.com\/pl\/wp-json\/wp\/v2\/media\/181485"}],"wp:attachment":[{"href":"https:\/\/www.europesays.com\/pl\/wp-json\/wp\/v2\/media?parent=181484"}],"wp:term":[{"taxonomy":"category","embeddable":true,"href":"https:\/\/www.europesays.com\/pl\/wp-json\/wp\/v2\/categories?post=181484"},{"taxonomy":"post_tag","embeddable":true,"href":"https:\/\/www.europesays.com\/pl\/wp-json\/wp\/v2\/tags?post=181484"}],"curies":[{"name":"wp","href":"https:\/\/api.w.org\/{rel}","templated":true}]}}