{"id":181486,"date":"2026-01-01T10:56:07","date_gmt":"2026-01-01T10:56:07","guid":{"rendered":"https:\/\/www.europesays.com\/pl\/181486\/"},"modified":"2026-01-01T10:56:07","modified_gmt":"2026-01-01T10:56:07","slug":"tragiczny-wypadek-w-sylwestrowa-noc-nie-zyje-31-latek-onet-wiadomosci","status":"publish","type":"post","link":"https:\/\/www.europesays.com\/pl\/181486\/","title":{"rendered":"Tragiczny wypadek w sylwestrow\u0105 noc. Nie \u017cyje 31-latek &#8211; Onet Wiadomo\u015bci"},"content":{"rendered":"<ol>\n<li><a href=\"https:\/\/news.google.com\/rss\/articles\/CBMimwFBVV95cUxQQmN6T1c1SmxyZmhlbXdTYlBZY0RwdDIwTXA5WEs1d01SYkl6TnV3blo2WHl1ZGxWT0U0N2FTcElnb2ZXc0NrenhQWDhrTVVwLUZvamFOWXk0Z3BsUmM2UkE5T0pRNEp3Sm5idzRVYTc4R0lFcU02S0xwUm8yRUhHQkJWNUJfTEc5MWVucmMyWE9vU2kzMV9fV3l2MA?oc=5\" target=\"_blank\" rel=\"nofollow noopener\">Tragiczny wypadek w sylwestrow\u0105 noc. Nie \u017cyje 31-latek<\/a>&nbsp;&nbsp;Onet Wiadomo\u015bci<\/li>\n<li><a href=\"https:\/\/news.google.com\/rss\/articles\/CBMi2wFBVV95cUxOZEZLSzR2YS16dHZpTWtlSy13WkRoaENjSko1M2Vka0lsZ0tHR1M5SmxFdFVDN3NPT3U5WlN0cHhUTHU3eXFqRE1rQl9qclBZWDRQMERfcUNfT0NRZ1Fkdi1fZGVkTmpZc2NYS1JtbDZQNVJ2NnEwbm42YzVHRnlYMFlPZmVCYzJaQl83NWRETERfS1UxZE1lTVppWkNNQlpqZ2swRWRSQThzYm9qelVDeW1tSENhNFpWSXhLbjMweExLbGR4Qm1nQWNZRDFUQ083VjNJdFRlN1A0T00?oc=5\" target=\"_blank\" rel=\"nofollow noopener\">Policja podsumowa\u0142a sylwestrow\u0105 noc w Ma\u0142opolsce. W Por\u0119bie Radlnej dosz\u0142o do tragicznego wypadku<\/a>&nbsp;&nbsp;Radio Krak\u00f3w<\/li>\n<li><a href=\"https:\/\/news.google.com\/rss\/articles\/CBMikwFBVV95cUxQTTNjWFljOTNNREI4WVpNU0VWaHhoRXM3aU1tMF9EajExR3dBWkg2bXZBVzNqSnMzbTV6TzJiR1NlNHl3ZkVFRkN4djJSU1VQLS1keV9CbGpDRkp0WGtrYUl4VUxpNC1GMVpRMkFfTFNSTVlGeEladEpvSExVcHUzaDVPc2QyaVNSTXRYcFNHZE5zc0E?oc=5\" target=\"_blank\" rel=\"nofollow noopener\">Tragiczny bilans nocy sylwestrowej w Ma\u0142opolsce. Nie \u017cyj\u0105 dwie osoby<\/a>&nbsp;&nbsp;LoveKrak\u00f3w.pl<\/li>\n<li><a href=\"https:\/\/news.google.com\/rss\/articles\/CBMiiAJBVV95cUxOWENaNDZVa00taFByaHBMSUp3QldleTQtMzJKV3FPdXVkQm1iM3UxREFTSmUwSXN2ckdMQ1A2cV9BckRNZmhaYS1TVmhSc1BTVVdaY0c4aWJjbF9pTVNiX0FFMlJCTWZyaG1zMWJwb045MmJMcDdFcmxKTXFpSlljMXlFMXMwODlPM2lobWJ4QVQ0N0JDX1BnWGk1VHd4em0zby13WGNxaVNjUlhSVG02YkdZLVNzSDZnZ1o3dkZvQW1uT2ROcWE2TW1ocTUtMzEzaGFId2VqZnBjVF9LVndOcXZhaWpnSkhTQndpU2NiTnBETlh2Wjg4cGJqUjl0bkNNc3oyRlh2azU?oc=5\" target=\"_blank\" rel=\"nofollow noopener\">Tragiczny wypadek na DW 977 pod Tarnowem. W Por\u0119bie Radlnej zderzy\u0142y si\u0119 dwa samochody. Jedna osoba nie \u017cyje. Sprawca wypadku by\u0142 pijany!<\/a>&nbsp;&nbsp;Gazeta Krakowska<\/li>\n<li><a href=\"https:\/\/news.google.com\/rss\/articles\/CBMinwFBVV95cUxNQmVCbmdFbEtXQms0UUE2V1BsUGthcjNiQW0wc1Q3QW1JVDhxbjA4cDBrT3A2RGNVUVRLTzlYVy1ERWJUWjVxMGppRWphbVRRckxtQTVDbHU3U29RVDBhX3p1d0ItSVd6Z1laZUhqNWtOdG1ONGE1eHY3R3NvOVNOZmRSdlVhTk1HQmVoS2xuNjFWLUd6ME9oaS00VGI3WHc?oc=5\" target=\"_blank\" rel=\"nofollow noopener\">Tragiczny wypadek w Por\u0119bie Radlnej. Jedna osoba zgin\u0119\u0142a<\/a>&nbsp;&nbsp;WP Wiadomo\u015bci<\/li>\n<\/ol>\n","protected":false},"excerpt":{"rendered":"Tragiczny wypadek w sylwestrow\u0105 noc. Nie \u017cyje 31-latek&nbsp;&nbsp;Onet Wiadomo\u015bci Policja podsumowa\u0142a sylwestrow\u0105 noc w Ma\u0142opolsce. W Por\u0119bie Radlnej&hellip;\n","protected":false},"author":2,"featured_media":181487,"comment_status":"","ping_status":"","sticky":false,"template":"","format":"standard","meta":{"footnotes":""},"categories":[12],"tags":[32,33,36,37,27,1304,34,35,28,31,48,25,46,42,38,414,40,39,41,1358,47,29,30,26,1967,4122],"class_list":{"0":"post-181486","1":"post","2":"type-post","3":"status-publish","4":"format-standard","5":"has-post-thumbnail","7":"category-polska","8":"tag-breaking-news","9":"tag-breakingnews","10":"tag-featured-news","11":"tag-featurednews","12":"tag-headlines","13":"tag-krakow","14":"tag-latest-news","15":"tag-latestnews","16":"tag-naglowki","17":"tag-najwazniejsze-artykuly","18":"tag-nat_styl","19":"tag-news","20":"tag-omp","21":"tag-pl","22":"tag-poland","23":"tag-policja","24":"tag-polish","25":"tag-polska","26":"tag-polski","27":"tag-samochody_ruch_drogowy_motoryzacja","28":"tag-screening_general","29":"tag-top-stories","30":"tag-topstories","31":"tag-wiadomosci","32":"tag-wojewodztwo_malopolskie","33":"tag-wypadki"},"share_on_mastodon":{"url":"https:\/\/pubeurope.com\/@pl\/115819484427146509","error":""},"_links":{"self":[{"href":"https:\/\/www.europesays.com\/pl\/wp-json\/wp\/v2\/posts\/181486","targetHints":{"allow":["GET"]}}],"collection":[{"href":"https:\/\/www.europesays.com\/pl\/wp-json\/wp\/v2\/posts"}],"about":[{"href":"https:\/\/www.europesays.com\/pl\/wp-json\/wp\/v2\/types\/post"}],"author":[{"embeddable":true,"href":"https:\/\/www.europesays.com\/pl\/wp-json\/wp\/v2\/users\/2"}],"replies":[{"embeddable":true,"href":"https:\/\/www.europesays.com\/pl\/wp-json\/wp\/v2\/comments?post=181486"}],"version-history":[{"count":0,"href":"https:\/\/www.europesays.com\/pl\/wp-json\/wp\/v2\/posts\/181486\/revisions"}],"wp:featuredmedia":[{"embeddable":true,"href":"https:\/\/www.europesays.com\/pl\/wp-json\/wp\/v2\/media\/181487"}],"wp:attachment":[{"href":"https:\/\/www.europesays.com\/pl\/wp-json\/wp\/v2\/media?parent=181486"}],"wp:term":[{"taxonomy":"category","embeddable":true,"href":"https:\/\/www.europesays.com\/pl\/wp-json\/wp\/v2\/categories?post=181486"},{"taxonomy":"post_tag","embeddable":true,"href":"https:\/\/www.europesays.com\/pl\/wp-json\/wp\/v2\/tags?post=181486"}],"curies":[{"name":"wp","href":"https:\/\/api.w.org\/{rel}","templated":true}]}}