{"id":181498,"date":"2026-01-01T11:05:07","date_gmt":"2026-01-01T11:05:07","guid":{"rendered":"https:\/\/www.europesays.com\/pl\/181498\/"},"modified":"2026-01-01T11:05:07","modified_gmt":"2026-01-01T11:05:07","slug":"domen-prevc-juz-zgarnal-cenna-nagrode-jej-pomyslodawca-byl-polak-przeglad-sportowy-onet","status":"publish","type":"post","link":"https:\/\/www.europesays.com\/pl\/181498\/","title":{"rendered":"Domen Prevc ju\u017c zgarn\u0105\u0142 cenn\u0105 nagrod\u0119. Jej pomys\u0142odawc\u0105 by\u0142 Polak &#8211; Przegl\u0105d Sportowy Onet"},"content":{"rendered":"<ol>\n<li><a href=\"https:\/\/news.google.com\/rss\/articles\/CBMi0wFBVV95cUxOOGoyTUg0Q2FILUxrSm9ra3B4LWlCSWpZWXJGdEd2UDVsMGNUbkxWUndSVWlkU1dmZy1EY1dldjc0RTBtT3A0clNaTm9maEt5OFVPSUJON2pPUW5QblJjbHRDM1UtVnVyQndUYm5BV3ZfMUJ4Q0U1QVU3Mk1EZHJpeVQtVVR5VzlZdEQyaWFzQjgwZ2Q2cXlBVkFhVEMtQS1yRFhqdV9TYkZheXE2NkJaTHJrWHFsV2pyaWdab053alVudVR1UmQ1bzZTUmdsZER4Q2FN?oc=5\" target=\"_blank\" rel=\"nofollow noopener\">Domen Prevc ju\u017c zgarn\u0105\u0142 cenn\u0105 nagrod\u0119. Jej pomys\u0142odawc\u0105 by\u0142 Polak<\/a>&nbsp;&nbsp;Przegl\u0105d Sportowy Onet<\/li>\n<li><a href=\"https:\/\/news.google.com\/rss\/articles\/CBMizAFBVV95cUxQbzZEYzg5TjNsZGVWaHI5ekRkSTUxS2U5WEhnUUlZYlRvYjl0dklKVFJ2NUQzc1JUZDhNRWgzdmJndEVyN05iM2JCSnhxNmVwYS1sZXFqeUR0cFVyYko5YUNDbWVUV0pHaWd3bzJWa1JuV0hzS1diaWtoTVNEX3RqRGlVMENFN1NMTEZGcExFQnc5LWpsQ2Y4UUN6Zl8xUS1sblRIbzlkSzlIcXNoUVM0UzN2T2Fna0FyZmJxWUVGNGZTMUN3blE3RnNWaW8?oc=5\" target=\"_blank\" rel=\"nofollow noopener\">Domen Prevc zdobywc\u0105 nagrody Skok Roku 2025. Pawe\u0142 W\u0105sek na 10. miejscu<\/a>&nbsp;&nbsp;Dziennik.pl Sport<\/li>\n<li><a href=\"https:\/\/news.google.com\/rss\/articles\/CBMizAFBVV95cUxNdzZZR1JrdThrSDVMdUtFdDZvaXp1SURxQWY0TTNpbGNMSmw4MVBrQ2JUYUszbkMxdGw0SUhtTVNGMlV2bnZra25FWGk2U1ozYnA1blJobHhnZ0lMX1VGbjJjTURva2I2RE96Vko0VnFRemplYW90MTcyY0EyYWtreWd0eTlTaDNHWXloWXh1UEZ1MU04Y29OcEUweXNIYVE3Z2N4SUctdGdTWjZaakZfcXhEY25BOG8wb2dwLTN4Q2RmYnRheFdsSXZsWDY?oc=5\" target=\"_blank\" rel=\"nofollow noopener\">Lider odje\u017cd\u017ca rywalom. Kwestia Kryszta\u0142owej Kuli ju\u017c nied\u0142ugo si\u0119 rozstrzygnie?<\/a>&nbsp;&nbsp;SportoweFakty<\/li>\n<li><a href=\"https:\/\/news.google.com\/rss\/articles\/CBMiqAFBVV95cUxPeXRwR3VjWXBtNy0yTDcwY2dkRFpyMWJwZThFRndSSE83UlJ0R0E0Z043dkxpNnYzTkxIWEFPZHJnQTNQMkNnc1NJWU1VUV85dnktd1IwV1RhYlpPNUxEZTd1U1JmRy1VU3kzRW80VWRVMVFxQmlEU096VHdZcHNnUzJWRHVrTmVrZld0THFBRG82LTZzempRMGRZbThxZGFFRklkVkpETk_SAa4BQVVfeXFMTVhMSGNabEUzaWQ0RHlnc0lIdHdaNDRUZk5XMnRDVThJSFBwN2JiNk5jakMyWUdma0xuS3lIal9GTklDN0h6TkEyQmdzU1haQ0RBREl2amVZbFZpNGFscXRwUk5YZk1TZm1GWUh3YlVISEZhbzZSbUJubjdiX1lkUVRFX1Y0MHdfS0hkY2JvOV9uREFEUk84MmJ0OW5Zakt6TGsxUFRBYzdLQkJuREZn?oc=5\" target=\"_blank\" rel=\"nofollow noopener\">Domen Prevc najlepszym zawodnikiem Pucharu \u015awiata w 2025 roku<\/a>&nbsp;&nbsp;Skijumping<\/li>\n<li><a href=\"https:\/\/news.google.com\/rss\/articles\/CBMihAFBVV95cUxQNXhHVk8zWmxjai1nSjh5UDBUYTc0dTllNGR4OGlXWjFIR0lXU0x2clBuVkFRZ24tc3VDY3RfaHhWTjlPWFRyV2pTV2p5YmlMcUJpVDBDYUtmSnlPM0QySTlwUk1nTXAtY3puaFVIRlhZbDNOSUJkMzNOODhSeHZnVzExZTM?oc=5\" target=\"_blank\" rel=\"nofollow noopener\">Domen Prevc z nagrod\u0105 Skok Roku 2025<\/a>&nbsp;&nbsp;o2.pl<\/li>\n<\/ol>\n","protected":false},"excerpt":{"rendered":"Domen Prevc ju\u017c zgarn\u0105\u0142 cenn\u0105 nagrod\u0119. Jej pomys\u0142odawc\u0105 by\u0142 Polak&nbsp;&nbsp;Przegl\u0105d Sportowy Onet Domen Prevc zdobywc\u0105 nagrody Skok Roku&hellip;\n","protected":false},"author":2,"featured_media":181499,"comment_status":"","ping_status":"","sticky":false,"template":"","format":"standard","meta":{"footnotes":""},"categories":[24],"tags":[30082,67,42,38,40,39,41,136,128,47,1874,570,127,135,126,130],"class_list":{"0":"post-181498","1":"post","2":"type-post","3":"status-publish","4":"format-standard","5":"has-post-thumbnail","7":"category-sport","8":"tag-domen_prevc","9":"tag-intextvideo_splayer","10":"tag-pl","11":"tag-poland","12":"tag-polish","13":"tag-polska","14":"tag-polski","15":"tag-ps_detal_new","16":"tag-psv2","17":"tag-screening_general","18":"tag-skoki_narciarskie","19":"tag-slowenia","20":"tag-sport","21":"tag-sport_sport","22":"tag-sports","23":"tag-wiadomosci_sportowe"},"share_on_mastodon":{"url":"https:\/\/pubeurope.com\/@pl\/115819520011278032","error":""},"_links":{"self":[{"href":"https:\/\/www.europesays.com\/pl\/wp-json\/wp\/v2\/posts\/181498","targetHints":{"allow":["GET"]}}],"collection":[{"href":"https:\/\/www.europesays.com\/pl\/wp-json\/wp\/v2\/posts"}],"about":[{"href":"https:\/\/www.europesays.com\/pl\/wp-json\/wp\/v2\/types\/post"}],"author":[{"embeddable":true,"href":"https:\/\/www.europesays.com\/pl\/wp-json\/wp\/v2\/users\/2"}],"replies":[{"embeddable":true,"href":"https:\/\/www.europesays.com\/pl\/wp-json\/wp\/v2\/comments?post=181498"}],"version-history":[{"count":0,"href":"https:\/\/www.europesays.com\/pl\/wp-json\/wp\/v2\/posts\/181498\/revisions"}],"wp:featuredmedia":[{"embeddable":true,"href":"https:\/\/www.europesays.com\/pl\/wp-json\/wp\/v2\/media\/181499"}],"wp:attachment":[{"href":"https:\/\/www.europesays.com\/pl\/wp-json\/wp\/v2\/media?parent=181498"}],"wp:term":[{"taxonomy":"category","embeddable":true,"href":"https:\/\/www.europesays.com\/pl\/wp-json\/wp\/v2\/categories?post=181498"},{"taxonomy":"post_tag","embeddable":true,"href":"https:\/\/www.europesays.com\/pl\/wp-json\/wp\/v2\/tags?post=181498"}],"curies":[{"name":"wp","href":"https:\/\/api.w.org\/{rel}","templated":true}]}}