{"id":181610,"date":"2026-01-01T12:20:09","date_gmt":"2026-01-01T12:20:09","guid":{"rendered":"https:\/\/www.europesays.com\/pl\/181610\/"},"modified":"2026-01-01T12:20:09","modified_gmt":"2026-01-01T12:20:09","slug":"gizycko-zabojstwo-taksowkarza-kierowca-zginal-w-sylwestrowa-noc","status":"publish","type":"post","link":"https:\/\/www.europesays.com\/pl\/181610\/","title":{"rendered":"Gi\u017cycko. Zab\u00f3jstwo taks\u00f3wkarza. Kierowca zgin\u0105\u0142 w sylwestrow\u0105 noc"},"content":{"rendered":"<p class=\"typography ids-typeset-body ids-typeset-body--preset-large link paragraph ids-paragraph ids-paragraph--default\">Po godz. 21 w \u015brod\u0119 <a href=\"https:\/\/biznes.interia.pl\/tematy-policja,gsbi,5678\" rel=\"nofollow noopener\" target=\"_blank\">policja<\/a> otrzyma\u0142a zg\u0142oszenie o taks\u00f3wce jad\u0105cej ca\u0142\u0105 szeroko\u015bci\u0105 drogi &#8211; przekaza\u0142 polsatnews.pl podkom. Tomasz Markowski, rzecznik KWP w <a href=\"https:\/\/wydarzenia.interia.pl\/tematy-olsztyn,gsbi,4124\" rel=\"nofollow noopener\" target=\"_blank\">Olsztynie<\/a>.<\/p>\n<p class=\"typography ids-typeset-body ids-typeset-body--preset-large link paragraph ids-paragraph ids-paragraph--default\">Zg\u0142aszaj\u0105cy podejrzewali, \u017ce za kierownic\u0105 siedzi osoba pod wp\u0142ywem alkoholu. Po zatrzymaniu samochodu okaza\u0142o si\u0119, \u017ce\u00a078-letni kierowca by\u0142 zakrwawiony.<\/p>\n<p class=\"typography ids-typeset-body ids-typeset-body--preset-large link paragraph ids-paragraph ids-paragraph--default\">Policja odnotowa\u0142a na ciele m\u0119\u017cczyzny liczne rany ci\u0119te. Na miejsce wezwano pogotowie ratunkowe. Mimo to \u017cycia m\u0119\u017cczyzny nie uda\u0142o si\u0119 uratowa\u0107.<\/p>\n<p>Gi\u017cycko. Nie \u017cyje taks\u00f3wkarz. Zatrzymano 37-latka<\/p>\n<p class=\"typography ids-typeset-body ids-typeset-body--preset-large link paragraph ids-paragraph ids-paragraph--default\">Jak przekaza\u0142 polsatnews.pl podkom. Markowski, policjanci szybko\u00a0odtworzyli tras\u0119 taks\u00f3wki.<\/p>\n<p class=\"typography ids-typeset-body ids-typeset-body--preset-large link paragraph ids-paragraph ids-paragraph--default\">&#8211; Na jednej z ulic zatrzymali 37-latka. M\u0119\u017cczyzna by\u0142 pod wp\u0142ywem alkoholu, trafi\u0142 do aresztu &#8211; doda\u0142 policjant.<\/p>\n<p>Zab\u00f3jstwo taks\u00f3wkarza. Nowe informacje<\/p>\n<p class=\"typography ids-typeset-body ids-typeset-body--preset-large link paragraph ids-paragraph ids-paragraph--default\">Ustalono, \u017ce zatrzymany to mieszkaniec jednej z pobliskich miejscowo\u015bci. W domu podejrzanego funkcjonariusze zale\u017ali narz\u0119dzie, kt\u00f3re mo\u017ce by\u0107 narz\u0119dziem zbrodni.<\/p>\n<p class=\"typography ids-typeset-body ids-typeset-body--preset-large link paragraph ids-paragraph ids-paragraph--default\">Gdy m\u0119\u017cczyzna wytrze\u017awieje, s\u0142u\u017cby prowadzi\u0107 b\u0119d\u0105 z nim dalsze czynno\u015bci pod nadzorem prokuratora.<\/p>\n<p class=\"typography ids-typeset-body ids-typeset-body--preset-large link paragraph ids-paragraph ids-paragraph--default\">Do zdarzenia odnios\u0142a si\u0119 w mediach spo\u0142eczno\u015bciowych burmistrz Gi\u017cycka Ewa Ostrowska.<\/p>\n<p class=\"typography ids-typeset-body ids-typeset-body--preset-large link paragraph ids-paragraph ids-paragraph--default\">&#8222;To nie jest tylko informacja w serwisach informacyjnych , to tragedia cz\u0142owieka, kt\u00f3ry wykonywa\u0142 swoj\u0105 prac\u0119, dramat rodziny, znajomych, koleg\u00f3w z pracy, ale r\u00f3wnie\u017c nas jako mieszka\u0144c\u00f3w Gi\u017cycka&#8221; &#8211; napisa\u0142a, dzi\u0119kuj\u0105c policji za szybk\u0105 i zdecydowan\u0105 reakcj\u0119\u00a0oraz &#8222;wszystkim mieszka\u0144com, kt\u00f3rzy nie pozostali oboj\u0119tni i powiadomili s\u0142u\u017cby&#8221;.<\/p>\n<p class=\"typography ids-typeset-body ids-typeset-body--preset-large link paragraph ids-paragraph ids-paragraph--default\">Burmistrz potwierdzi\u0142a, \u017ce podejrzany jest mieszka\u0144cem okolicznej wsi. Ostrowska przekaza\u0142a bliskim zmar\u0142ego kondolencje, apeluj\u0105c do mieszka\u0144c\u00f3w, by nie pozostawa\u0107 oboj\u0119tnym.<\/p>\n<p class=\"typography ids-typeset-body ids-typeset-body--preset-large link paragraph ids-paragraph ids-paragraph--default\">O tragedii jako pierwszy poinformowa\u0142 lokalny serwis zgi\u017cycka.pl.<\/p>\n<p>Or\u0119dzie noworoczne prezydenta Karola NawrockiegoKPRP<\/p>\n<p><a class=\"ids-undecorated-link source ids-page-info--source__link\" href=\"https:\/\/www.interia.pl\" rel=\"nofollow noopener\" target=\"_blank\"><img decoding=\"async\" class=\"ids-image-holder__img\" loading=\"lazy\" alt=\"\" title=\"\" height=\"24px\" src=\"https:\/\/www.europesays.com\/pl\/wp-content\/uploads\/2025\/12\/1767151880_413_0009A60QQ5I2TYF7-C202-F4.webp.webp\"\/><\/a><\/p>\n<p>Masz sugestie, uwagi albo widzisz b\u0142\u0105d? Napisz do nas<\/p>\n","protected":false},"excerpt":{"rendered":"Po godz. 21 w \u015brod\u0119 policja otrzyma\u0142a zg\u0142oszenie o taks\u00f3wce jad\u0105cej ca\u0142\u0105 szeroko\u015bci\u0105 drogi &#8211; przekaza\u0142 polsatnews.pl podkom.&hellip;\n","protected":false},"author":2,"featured_media":181611,"comment_status":"","ping_status":"","sticky":false,"template":"","format":"standard","meta":{"footnotes":""},"categories":[12],"tags":[32,33,36,37,27,34,35,28,31,25,42,38,40,39,41,29,30,26],"class_list":{"0":"post-181610","1":"post","2":"type-post","3":"status-publish","4":"format-standard","5":"has-post-thumbnail","7":"category-polska","8":"tag-breaking-news","9":"tag-breakingnews","10":"tag-featured-news","11":"tag-featurednews","12":"tag-headlines","13":"tag-latest-news","14":"tag-latestnews","15":"tag-naglowki","16":"tag-najwazniejsze-artykuly","17":"tag-news","18":"tag-pl","19":"tag-poland","20":"tag-polish","21":"tag-polska","22":"tag-polski","23":"tag-top-stories","24":"tag-topstories","25":"tag-wiadomosci"},"share_on_mastodon":{"url":"https:\/\/pubeurope.com\/@pl\/115819814752673337","error":""},"_links":{"self":[{"href":"https:\/\/www.europesays.com\/pl\/wp-json\/wp\/v2\/posts\/181610","targetHints":{"allow":["GET"]}}],"collection":[{"href":"https:\/\/www.europesays.com\/pl\/wp-json\/wp\/v2\/posts"}],"about":[{"href":"https:\/\/www.europesays.com\/pl\/wp-json\/wp\/v2\/types\/post"}],"author":[{"embeddable":true,"href":"https:\/\/www.europesays.com\/pl\/wp-json\/wp\/v2\/users\/2"}],"replies":[{"embeddable":true,"href":"https:\/\/www.europesays.com\/pl\/wp-json\/wp\/v2\/comments?post=181610"}],"version-history":[{"count":0,"href":"https:\/\/www.europesays.com\/pl\/wp-json\/wp\/v2\/posts\/181610\/revisions"}],"wp:featuredmedia":[{"embeddable":true,"href":"https:\/\/www.europesays.com\/pl\/wp-json\/wp\/v2\/media\/181611"}],"wp:attachment":[{"href":"https:\/\/www.europesays.com\/pl\/wp-json\/wp\/v2\/media?parent=181610"}],"wp:term":[{"taxonomy":"category","embeddable":true,"href":"https:\/\/www.europesays.com\/pl\/wp-json\/wp\/v2\/categories?post=181610"},{"taxonomy":"post_tag","embeddable":true,"href":"https:\/\/www.europesays.com\/pl\/wp-json\/wp\/v2\/tags?post=181610"}],"curies":[{"name":"wp","href":"https:\/\/api.w.org\/{rel}","templated":true}]}}