{"id":181618,"date":"2026-01-01T12:26:08","date_gmt":"2026-01-01T12:26:08","guid":{"rendered":"https:\/\/www.europesays.com\/pl\/181618\/"},"modified":"2026-01-01T12:26:08","modified_gmt":"2026-01-01T12:26:08","slug":"tragiczna-eksplozja-w-osrodku-crans-montana-wladze-kantonu-wprowadzaja-stan-wyjatkowy","status":"publish","type":"post","link":"https:\/\/www.europesays.com\/pl\/181618\/","title":{"rendered":"Tragiczna eksplozja w o\u015brodku Crans-Montana. W\u0142adze kantonu wprowadzaj\u0105 stan wyj\u0105tkowy"},"content":{"rendered":"<p class=\"ods-c-paragraph \">Rada Federalna podj\u0119\u0142a decyzj\u0119 o og\u0142oszeniu stanu wyj\u0105tkowego od godz. 9 dnia 1 stycznia. <\/p>\n<p> Ile os\u00f3b zgin\u0119\u0142o w eksplozji? <\/p>\n<p> Jakie dzia\u0142ania podejmuj\u0105 w\u0142adze w Szwajcarii? <\/p>\n<p> Czy wiadomo, co spowodowa\u0142o po\u017car? <\/p>\n<p> Czy w\u015br\u00f3d ofiar s\u0105 Polacy? <\/p>\n<p class=\"ods-c-paragraph \">\u2014 Bior\u0105c pod uwag\u0119 skal\u0119 wydarzenia z minionej nocy, w\u0142adze kantonu podj\u0119\u0142y decyzj\u0119 o og\u0142oszeniu stanu wyj\u0105tkowego \u2014 powiedzia\u0142 radny Stephane Ganzer podczas konferencji prasowej. \u2014 Nowe ramy prawne pozwalaj\u0105 nam koordynowa\u0107 r\u00f3\u017cne dzia\u0142ania na szerok\u0105 skal\u0119 i roz\u0142o\u017cy\u0107 je w czasie, poniewa\u017c sytuacja ta prawdopodobnie utrzyma si\u0119 przez jaki\u015b czas \u2014 doda\u0142.<\/p>\n<p class=\"ods-c-paragraph \">Prokuratorka generalna kantonu Beatrice Pilloud powiedzia\u0142a, \u017ce jest tak\u017ce zbyt wcze\u015bnie, by okre\u015bli\u0107 przyczyny po\u017caru, gdy\u017c eksperci nie s\u0105 jeszcze w stanie wej\u015b\u0107 do zniszczonego budynku. \u2014 Absolutnie nie ma mowy o \u017cadnym zamachu \u2014 zaznaczy\u0142a jednak.<\/p>\n<p class=\"ods-c-paragraph \">Z cytowanych przez szwajcarsk\u0105 telewizj\u0119 RTS relacji \u015bwiadk\u00f3w i wst\u0119pnych ustale\u0144 \u015bledztwa wynika, \u017ce to ogie\u0144 spowodowa\u0142 eksplozj\u0119, a nie \u2014 jak informowano wcze\u015bniej \u2014 by\u0142 jej konsekwencj\u0105.<\/p>\n<p class=\"ods-c-paragraph \">Do akcji ratowniczej skierowano 10 \u015bmig\u0142owc\u00f3w i 40 karetek pogotowia. W operacji uczestniczy te\u017c 150 pracownik\u00f3w medycznych \u2014 poda\u0142y lokalne w\u0142adze.<\/p>\n<p>   <img decoding=\"async\" src=\"https:\/\/www.europesays.com\/pl\/wp-content\/uploads\/2026\/01\/l7mk9lBaHR0cHM6Ly9vY2RuLmV1L3B1bHNjbXMvTURBXy85MmE4MDRkM2EzMTI0MTlkNjE3ODE1NDE3Y2I2NmVhNy5qcGeRlQLNB.jpeg\" height=\"627\" width=\"940\" alt=\"Tragiczny wybuch w szwajcarskim kurorcie narciarskim. S\u0105 ofiary \u015bmiertelne\" loading=\"lazy\" class=\"ods-c-image__img ods-c-image__img--viewport-width\"\/><\/p>\n<p>Tragiczny wybuch w szwajcarskim kurorcie narciarskim. S\u0105 ofiary \u015bmiertelneCatwalk Photos \/ Shutterstock<\/p>\n<p> Co wiemy o eksplozji?<\/p>\n<p class=\"ods-c-paragraph \">Wed\u0142ug najnowszych informacji, co najmniej 40 os\u00f3b zgin\u0119\u0142o, a oko\u0142o 100 odnios\u0142o obra\u017cenia na skutek eksplozji i po\u017caru w noc sylwestrow\u0105 w kurorcie narciarskim Crans-Montana w po\u0142udniowej Szwajcarii \u2014 poinformowa\u0142a agencja ANSA.<\/p>\n<p class=\"ods-c-paragraph \">Polskie s\u0142u\u017cby konsularne w Szwajcarii ustalaj\u0105, czy nie ma Polak\u00f3w w\u015br\u00f3d ofiar i rannych w po\u017carze \u2014 podaje Polskie Radio.<\/p>\n","protected":false},"excerpt":{"rendered":"Rada Federalna podj\u0119\u0142a decyzj\u0119 o og\u0142oszeniu stanu wyj\u0105tkowego od godz. 9 dnia 1 stycznia. Ile os\u00f3b zgin\u0119\u0142o w&hellip;\n","protected":false},"author":2,"featured_media":181619,"comment_status":"","ping_status":"","sticky":false,"template":"","format":"standard","meta":{"footnotes":""},"categories":[14],"tags":[32,33,27,34,35,28,31,48,25,46,414,40,41,47,80,2238,29,30,26,82,83,84],"class_list":{"0":"post-181618","1":"post","2":"type-post","3":"status-publish","4":"format-standard","5":"has-post-thumbnail","7":"category-swiat","8":"tag-breaking-news","9":"tag-breakingnews","10":"tag-headlines","11":"tag-latest-news","12":"tag-latestnews","13":"tag-naglowki","14":"tag-najwazniejsze-artykuly","15":"tag-nat_styl","16":"tag-news","17":"tag-omp","18":"tag-policja","19":"tag-polish","20":"tag-polski","21":"tag-screening_general","22":"tag-swiat","23":"tag-szwajcaria","24":"tag-top-stories","25":"tag-topstories","26":"tag-wiadomosci","27":"tag-world","28":"tag-world-news","29":"tag-worldnews"},"share_on_mastodon":{"url":"https:\/\/pubeurope.com\/@pl\/115819838408051795","error":""},"_links":{"self":[{"href":"https:\/\/www.europesays.com\/pl\/wp-json\/wp\/v2\/posts\/181618","targetHints":{"allow":["GET"]}}],"collection":[{"href":"https:\/\/www.europesays.com\/pl\/wp-json\/wp\/v2\/posts"}],"about":[{"href":"https:\/\/www.europesays.com\/pl\/wp-json\/wp\/v2\/types\/post"}],"author":[{"embeddable":true,"href":"https:\/\/www.europesays.com\/pl\/wp-json\/wp\/v2\/users\/2"}],"replies":[{"embeddable":true,"href":"https:\/\/www.europesays.com\/pl\/wp-json\/wp\/v2\/comments?post=181618"}],"version-history":[{"count":0,"href":"https:\/\/www.europesays.com\/pl\/wp-json\/wp\/v2\/posts\/181618\/revisions"}],"wp:featuredmedia":[{"embeddable":true,"href":"https:\/\/www.europesays.com\/pl\/wp-json\/wp\/v2\/media\/181619"}],"wp:attachment":[{"href":"https:\/\/www.europesays.com\/pl\/wp-json\/wp\/v2\/media?parent=181618"}],"wp:term":[{"taxonomy":"category","embeddable":true,"href":"https:\/\/www.europesays.com\/pl\/wp-json\/wp\/v2\/categories?post=181618"},{"taxonomy":"post_tag","embeddable":true,"href":"https:\/\/www.europesays.com\/pl\/wp-json\/wp\/v2\/tags?post=181618"}],"curies":[{"name":"wp","href":"https:\/\/api.w.org\/{rel}","templated":true}]}}