{"id":181656,"date":"2026-01-01T12:48:13","date_gmt":"2026-01-01T12:48:13","guid":{"rendered":"https:\/\/www.europesays.com\/pl\/181656\/"},"modified":"2026-01-01T12:48:13","modified_gmt":"2026-01-01T12:48:13","slug":"nowy-rok-oczami-strazakow-setki-zgloszen-w-godzine-i-falszywe-alarmy","status":"publish","type":"post","link":"https:\/\/www.europesays.com\/pl\/181656\/","title":{"rendered":"Nowy Rok oczami stra\u017cak\u00f3w. Setki zg\u0142osze\u0144 w godzin\u0119 i fa\u0142szywe alarmy"},"content":{"rendered":"<p>W skr\u00f3cie<\/p>\n<ul class=\"typography ids-typeset-body ids-typeset-body--preset-large list ids-list ids-list--unordered ids-list--size-large \" datatype=\"disc\">\n<li class=\"ids-list-item\">\n<p>Stra\u017cacy przeprowadzili prawie 1600 interwencji ostatniego dnia 2025 roku.<\/p>\n<\/li>\n<li class=\"ids-list-item\">\n<p>Najwi\u0119cej interwencji dotyczy\u0142o usuwania skutk\u00f3w silnego wiatru i opad\u00f3w \u015bniegu, szczeg\u00f3lnie w wojew\u00f3dztwie warmi\u0144sko-mazurskim.<\/p>\n<\/li>\n<li class=\"ids-list-item\">\n<p>W sylwestrow\u0105 noc dosz\u0142o tak\u017ce do wielu po\u017car\u00f3w, wypadk\u00f3w drogowych i fa\u0142szywych alarm\u00f3w.<\/p>\n<\/li>\n<li class=\"ids-list-item\"><\/li>\n<\/ul>\n<p class=\"typography ids-typeset-body ids-typeset-body--preset-large link paragraph ids-paragraph ids-paragraph--default\">Tylko w pierwszej godzinie 2026 roku stra\u017cacy odebrali 333 zg\u0142oszenia\u00a0dotycz\u0105ce po\u017car\u00f3w. \u0141\u0105cznie od p\u00f3\u0142nocy do 6 rano w Sylwestra interweniowali\u00a0775 razy, w tym\u00a0546 w zwi\u0105zku z po\u017carami &#8211; przekaza\u0142 rzecznik. Jak doda\u0142, wi\u0119kszo\u015b\u0107 interwencji zwi\u0105zanych z gaszeniem ognia dotyczy\u0142o ma\u0142ych po\u017car\u00f3w (540), w 50 przypadkach &#8211; w obiektach mieszkalnych.<\/p>\n<p class=\"typography ids-typeset-body ids-typeset-body--preset-large link paragraph ids-paragraph ids-paragraph--default\">Do powa\u017cniejszych po\u017car\u00f3w dosz\u0142o m.in. w \u015awinnej Por\u0119bie (woj. ma\u0142opolskie), gdzie ogie\u0144 obj\u0105\u0142 budynek gospodarczy oraz cz\u0119\u015bciowo dom jednorodzinny. Zgin\u0119\u0142a tam jedna osoba. Ofiar\u0119 \u015bmierteln\u0105 spowodowa\u0142 te\u017c po\u017car domu rodzinnego w Sarnach Wielkich (woj. opolskie).<\/p>\n<p>Stra\u017c Po\u017carna: Po\u017car hotelu w Wieleniu. Ewakuowano 19 os\u00f3b<\/p>\n<p class=\"typography ids-typeset-body ids-typeset-body--preset-large link paragraph ids-paragraph ids-paragraph--default\">W Wieleniu (woj. wielkopolskie), gdzie po\u017car zaj\u0105\u0142 poddasze hotelu, na czas dzia\u0142a\u0144 ratowniczo-ga\u015bniczych\u00a0ewakuowano 19 os\u00f3b.<\/p>\n<p class=\"typography ids-typeset-body ids-typeset-body--preset-large link paragraph ids-paragraph ids-paragraph--default\">PSP odnotowa\u0142a te\u017c noc\u0105 146 miejscowych zagro\u017ce\u0144; przeprowadzono 30 interwencji medycznych oraz\u00a021\u00a0zwi\u0105zanych ze zdarzeniami drogowymi.\u00a0&#8211; Dodatkowo zanotowano\u00a083 alarmy fa\u0142szywe, g\u0142\u00f3wnie w dobrej wierze oraz z instalacji wykrywania &#8211; poinformowa\u0142 Karol Kierzkowski.<\/p>\n<p>Pracowity Sylwester dla stra\u017cak\u00f3w. Setki po\u017car\u00f3w, nie \u017cyje jedna osoba<\/p>\n<p class=\"typography ids-typeset-body ids-typeset-body--preset-large link paragraph ids-paragraph ids-paragraph--default\">W \u015brod\u0119 31 grudnia 2025 r. odnotowano te\u017c 429 po\u017car\u00f3w, w tym 176 w budynkach mieszkalnych. W wyniku tych zdarze\u0144 jedna osoba ponios\u0142a \u015bmier\u0107, a 10 os\u00f3b zosta\u0142o rannych<\/p>\n<p class=\"typography ids-typeset-body ids-typeset-body--preset-large link paragraph ids-paragraph ids-paragraph--default\">W\u015br\u00f3d 977 interwencji zwi\u0105zanych z miejscowymi zagro\u017ceniami, opr\u00f3cz tych zwi\u0105zanych z wiatrem i \u015bniegiem, stra\u017cacy wyje\u017cd\u017cali do\u00a0203 wypadk\u00f3w drogowych\u00a0oraz 148 dzia\u0142a\u0144 medycznych.<\/p>\n<p class=\"typography ids-typeset-body ids-typeset-body--preset-large link paragraph ids-paragraph ids-paragraph--default\">Odnotowano r\u00f3wnie\u017c 186 fa\u0142szywych alarm\u00f3w.<\/p>\n<p>Pogoda w Polsce. To nie koniec zawirowa\u0144 w pogodzie. S\u0105 nowe ostrze\u017cenia<\/p>\n<p class=\"typography ids-typeset-body ids-typeset-body--preset-large link paragraph ids-paragraph ids-paragraph--default\">W czwartek g\u0142\u00f3wn\u0105 przyczyn\u0105 interwencji stra\u017cak\u00f3w by\u0142 atak zimy. Przez wi\u0119kszo\u015b\u0107 dnia s\u0142u\u017cby pracowa\u0142y nad usuni\u0119ciem skutk\u00f3w silnych opad\u00f3w \u015bniegu. Instytut Meteorologii i Gospodarki Wodnej wyda\u0142 ponadto nowe ostrze\u017cenia I stopnia przed silnym wiatrem.<\/p>\n<p class=\"typography ids-typeset-body ids-typeset-body--preset-large link paragraph ids-paragraph ids-paragraph--default\">&#8222;Prognozuje si\u0119 wyst\u0105pienie silnego wiatru o \u015bredniej pr\u0119dko\u015bci do 35 km\/h,\u00a0w porywach do 75 km\/h, z po\u0142udniowego zachodu&#8221; &#8211; przekaza\u0142 instytut.<\/p>\n<p class=\"typography ids-typeset-body ids-typeset-body--preset-large link paragraph ids-paragraph ids-paragraph--default\">Ostrze\u017cenia dotycz\u0105 p\u00f3\u0142nocno zachodniej cz\u0119\u015bci kraju i kilku powiat\u00f3w w wojew\u00f3dztwach: podkarpackim, ma\u0142opolskim i \u015bl\u0105skim. Obowi\u0105zuj\u0105 od godz. 10 w pi\u0105tek do godz. 6 w sobot\u0119.<\/p>\n<p>Ustawa o statusie osoby najbli\u017cszej. Szefernaker: Furtka do adopcji dzieci przez pary homoseksualnePolsat NewsPolsat News<\/p>\n<p><a class=\"ids-undecorated-link source ids-page-info--source__link\" href=\"https:\/\/p.iplsc.com\/-\/000L0SCEGA4O3ESS.pdf\" rel=\"nofollow noopener\" target=\"_blank\"><img decoding=\"async\" class=\"ids-image-holder__img\" loading=\"lazy\" alt=\"\" title=\"\" height=\"24px\" src=\"https:\/\/www.europesays.com\/pl\/wp-content\/uploads\/2025\/12\/1766553730_818_0009A6098CYXTC6T-C202-F4.webp.webp\"\/><\/a><a class=\"ids-undecorated-link source ids-page-info--source__link\" href=\"https:\/\/www.interia.pl\" rel=\"nofollow noopener\" target=\"_blank\"><img decoding=\"async\" class=\"ids-image-holder__img\" loading=\"lazy\" alt=\"\" title=\"\" height=\"24px\" src=\"https:\/\/www.europesays.com\/pl\/wp-content\/uploads\/2025\/12\/1767151880_413_0009A60QQ5I2TYF7-C202-F4.webp.webp\"\/><\/a><\/p>\n<p>Masz sugestie, uwagi albo widzisz b\u0142\u0105d? Napisz do nas<\/p>\n","protected":false},"excerpt":{"rendered":"W skr\u00f3cie Stra\u017cacy przeprowadzili prawie 1600 interwencji ostatniego dnia 2025 roku. Najwi\u0119cej interwencji dotyczy\u0142o usuwania skutk\u00f3w silnego wiatru&hellip;\n","protected":false},"author":2,"featured_media":181657,"comment_status":"","ping_status":"","sticky":false,"template":"","format":"standard","meta":{"footnotes":""},"categories":[12],"tags":[32,33,36,37,27,34,35,28,31,25,42,38,40,39,41,29,30,26],"class_list":{"0":"post-181656","1":"post","2":"type-post","3":"status-publish","4":"format-standard","5":"has-post-thumbnail","7":"category-polska","8":"tag-breaking-news","9":"tag-breakingnews","10":"tag-featured-news","11":"tag-featurednews","12":"tag-headlines","13":"tag-latest-news","14":"tag-latestnews","15":"tag-naglowki","16":"tag-najwazniejsze-artykuly","17":"tag-news","18":"tag-pl","19":"tag-poland","20":"tag-polish","21":"tag-polska","22":"tag-polski","23":"tag-top-stories","24":"tag-topstories","25":"tag-wiadomosci"},"share_on_mastodon":{"url":"https:\/\/pubeurope.com\/@pl\/115819925301318437","error":""},"_links":{"self":[{"href":"https:\/\/www.europesays.com\/pl\/wp-json\/wp\/v2\/posts\/181656","targetHints":{"allow":["GET"]}}],"collection":[{"href":"https:\/\/www.europesays.com\/pl\/wp-json\/wp\/v2\/posts"}],"about":[{"href":"https:\/\/www.europesays.com\/pl\/wp-json\/wp\/v2\/types\/post"}],"author":[{"embeddable":true,"href":"https:\/\/www.europesays.com\/pl\/wp-json\/wp\/v2\/users\/2"}],"replies":[{"embeddable":true,"href":"https:\/\/www.europesays.com\/pl\/wp-json\/wp\/v2\/comments?post=181656"}],"version-history":[{"count":0,"href":"https:\/\/www.europesays.com\/pl\/wp-json\/wp\/v2\/posts\/181656\/revisions"}],"wp:featuredmedia":[{"embeddable":true,"href":"https:\/\/www.europesays.com\/pl\/wp-json\/wp\/v2\/media\/181657"}],"wp:attachment":[{"href":"https:\/\/www.europesays.com\/pl\/wp-json\/wp\/v2\/media?parent=181656"}],"wp:term":[{"taxonomy":"category","embeddable":true,"href":"https:\/\/www.europesays.com\/pl\/wp-json\/wp\/v2\/categories?post=181656"},{"taxonomy":"post_tag","embeddable":true,"href":"https:\/\/www.europesays.com\/pl\/wp-json\/wp\/v2\/tags?post=181656"}],"curies":[{"name":"wp","href":"https:\/\/api.w.org\/{rel}","templated":true}]}}