{"id":181660,"date":"2026-01-01T12:50:07","date_gmt":"2026-01-01T12:50:07","guid":{"rendered":"https:\/\/www.europesays.com\/pl\/181660\/"},"modified":"2026-01-01T12:50:07","modified_gmt":"2026-01-01T12:50:07","slug":"zona-andrzeja-goloty-nie-zwlekala-pokazala-tez-zdjecie-z-mezem-przeglad-sportowy-onet","status":"publish","type":"post","link":"https:\/\/www.europesays.com\/pl\/181660\/","title":{"rendered":"\u017bona Andrzeja Go\u0142oty nie zwleka\u0142a. Pokaza\u0142a te\u017c zdj\u0119cie z m\u0119\u017cem &#8211; Przegl\u0105d Sportowy Onet"},"content":{"rendered":"<ol>\n<li><a href=\"https:\/\/news.google.com\/rss\/articles\/CBMirwFBVV95cUxOUG1YNUJORmtGemZKa0tyamJwc3h2TlJyZm9kbEV1NlRseDlpMTJzQmk3RGdHWTFSd1I4cGllaFhYQ1JXejFUUXZBR254V242LWNLRUtZR21TNkpreXFIaU5yRFhOc29WZGZ5QUJfazZrblZYYncyWE02aDFEaklqV2FvdVRXLUI1d3JnbkVTd1h6SXZsb014aXlxNHhRQ2U2VjRaUm9fNm0yenZTSUFz?oc=5\" target=\"_blank\" rel=\"nofollow noopener\">\u017bona Andrzeja Go\u0142oty nie zwleka\u0142a. Pokaza\u0142a te\u017c zdj\u0119cie z m\u0119\u017cem<\/a>&nbsp;&nbsp;Przegl\u0105d Sportowy Onet<\/li>\n<li><a href=\"https:\/\/news.google.com\/rss\/articles\/CBMiqwFBVV95cUxNNXZ2M0duLXVWUkNtQ2dueDVfRlV4b09ZMUN3dDFkOXZvR3hsLXUxYl9IZ2h0M1pKUTVZcTIwS3hCYkZsb20yNTVoV2Z5aHBFVXNUczF4SldiOWVmcklGZEM3bVJjMHZPT3Bhd3I3WHFlR3dkaWVZR2VFZ0lKb0stZDFud05jNnh3NFBFdWVjRktSSzRKS2VMSEhoblpBZ0ZHOVJvXzJNR0l3bmM?oc=5\" target=\"_blank\" rel=\"nofollow noopener\">Andrzej Go\u0142ota po powa\u017cnym zabiegu. Wiadomo, co z jego stanem zdrowia. Wymowne zdj\u0119cie \u017cony<\/a>&nbsp;&nbsp;Sport w INTERIA.PL<\/li>\n<li><a href=\"https:\/\/news.google.com\/rss\/articles\/CBMisAFBVV95cUxQU25kbHY2a0t1Q2g5a2ppeUN1RGxaYU15WHZ5VjBZdHdLNl80Wk9YZU9GM0c4eC1hQU45OExwRThwNTgzRU5KQ09INjNFR1VxTjJSVDR5TDFqbElmdEs0aURqci1QNXcwUk5MSEtjQUwwdC14RDgxSG01TU1JTE1zbTF3dmdTVEVQQUdmWHFzWGVsWEFObE80ZEhyZlhaRVQ3RlAxSjhkalBjWHZQZEx5Xw?oc=5\" target=\"_blank\" rel=\"nofollow noopener\">Go\u0142ota mia\u0142 powa\u017cne k\u0142opoty. Jego \u017cona da\u0142a kibicom jasny sygna\u0142<\/a>&nbsp;&nbsp;Sport.pl<\/li>\n<li><a href=\"https:\/\/news.google.com\/rss\/articles\/CBMiaEFVX3lxTE5yRmhMTllyXzJpZzI5QUdua2RmSTdMd21qT0RqV3dJRG0wRHB6QTY5cGpVLTFmalZORWR3THQzRUFuRWdtQnh5TXRTSFYzU25SSFZGcVdpN2NURE15aV9UY1lHMWhlMWJ6?oc=5\" target=\"_blank\" rel=\"nofollow noopener\">Miliony z ringu i spokojna przysz\u0142o\u015b\u0107. Jak Andrzej Go\u0142ota zbudowa\u0142 sw\u00f3j maj\u0105tek<\/a>&nbsp;&nbsp;WM.pl<\/li>\n<li><a href=\"https:\/\/news.google.com\/rss\/articles\/CBMisAFBVV95cUxQMTFzbVFHSHVYUEJ4NjVSMDFkNzlWVUdQcnpncnhrbWp6MEFfOGtUTnJ1N3JFN2ZFNDZIWTVsQkFqdWl1b0ZPUVdqMHVjMUZjTlVGODdRYnlWYy11TnBRa3R1WlQ2bVVvUW9jRHNVcHNTZ1daN3ZoM2w2SUlWSXZxYVFWWEJIT0l0Z2Q1c1JSTjhXcjk1aGswV1RtMTg1SmtjSlRyZnBfaGp0WWRxWU9wMQ?oc=5\" target=\"_blank\" rel=\"nofollow noopener\">Andrzej Go\u0142ota \u017cyje jak kr\u00f3l. &#8222;Nie mam pieni\u0119dzy, wyda\u0142bym od razu&#8221;<\/a>&nbsp;&nbsp;Przegl\u0105d Sportowy Onet<\/li>\n<\/ol>\n","protected":false},"excerpt":{"rendered":"\u017bona Andrzeja Go\u0142oty nie zwleka\u0142a. Pokaza\u0142a te\u017c zdj\u0119cie z m\u0119\u017cem&nbsp;&nbsp;Przegl\u0105d Sportowy Onet Andrzej Go\u0142ota po powa\u017cnym zabiegu. Wiadomo,&hellip;\n","protected":false},"author":2,"featured_media":181661,"comment_status":"","ping_status":"","sticky":false,"template":"","format":"standard","meta":{"footnotes":""},"categories":[24],"tags":[5462,2514,67,35611,129,42,38,40,39,41,136,128,47,127,126,655,130],"class_list":{"0":"post-181660","1":"post","2":"type-post","3":"status-publish","4":"format-standard","5":"has-post-thumbnail","7":"category-sport","8":"tag-andrzej_golota","9":"tag-boks","10":"tag-intextvideo_splayer","11":"tag-mariola_golota","12":"tag-ofsajd","13":"tag-pl","14":"tag-poland","15":"tag-polish","16":"tag-polska","17":"tag-polski","18":"tag-ps_detal_new","19":"tag-psv2","20":"tag-screening_general","21":"tag-sport","22":"tag-sports","23":"tag-styl_zycia_lifestyle_","24":"tag-wiadomosci_sportowe"},"share_on_mastodon":{"url":"https:\/\/pubeurope.com\/@pl\/115819932816373394","error":""},"_links":{"self":[{"href":"https:\/\/www.europesays.com\/pl\/wp-json\/wp\/v2\/posts\/181660","targetHints":{"allow":["GET"]}}],"collection":[{"href":"https:\/\/www.europesays.com\/pl\/wp-json\/wp\/v2\/posts"}],"about":[{"href":"https:\/\/www.europesays.com\/pl\/wp-json\/wp\/v2\/types\/post"}],"author":[{"embeddable":true,"href":"https:\/\/www.europesays.com\/pl\/wp-json\/wp\/v2\/users\/2"}],"replies":[{"embeddable":true,"href":"https:\/\/www.europesays.com\/pl\/wp-json\/wp\/v2\/comments?post=181660"}],"version-history":[{"count":0,"href":"https:\/\/www.europesays.com\/pl\/wp-json\/wp\/v2\/posts\/181660\/revisions"}],"wp:featuredmedia":[{"embeddable":true,"href":"https:\/\/www.europesays.com\/pl\/wp-json\/wp\/v2\/media\/181661"}],"wp:attachment":[{"href":"https:\/\/www.europesays.com\/pl\/wp-json\/wp\/v2\/media?parent=181660"}],"wp:term":[{"taxonomy":"category","embeddable":true,"href":"https:\/\/www.europesays.com\/pl\/wp-json\/wp\/v2\/categories?post=181660"},{"taxonomy":"post_tag","embeddable":true,"href":"https:\/\/www.europesays.com\/pl\/wp-json\/wp\/v2\/tags?post=181660"}],"curies":[{"name":"wp","href":"https:\/\/api.w.org\/{rel}","templated":true}]}}