{"id":181678,"date":"2026-01-01T13:01:09","date_gmt":"2026-01-01T13:01:09","guid":{"rendered":"https:\/\/www.europesays.com\/pl\/181678\/"},"modified":"2026-01-01T13:01:09","modified_gmt":"2026-01-01T13:01:09","slug":"rosjanie-zaatakowali-tuz-przy-granicy-z-polska-niespokojna-sylwestrowa-noc-w-ukrainie-onet-wiadomosci","status":"publish","type":"post","link":"https:\/\/www.europesays.com\/pl\/181678\/","title":{"rendered":"Rosjanie zaatakowali tu\u017c przy granicy z Polsk\u0105. Niespokojna sylwestrowa noc w Ukrainie &#8211; Onet Wiadomo\u015bci"},"content":{"rendered":"<ol>\n<li><a href=\"https:\/\/news.google.com\/rss\/articles\/CBMixAFBVV95cUxQaVR3TUJtWm5aTGxCcDg0X2U3UFNPYm9DRGZIOUNhMWlaQ3M0UHI0bVUyRHNpSmNienZFRXZ4YnlyQ2wtQWJJQ01GNDF4M2liOFctS3laVkFKc2hEaTMtUFVRc3h6RUg3dVBxcDR2X2FoRUxWcTFnX20zVjJVVmhsRWdKX013ZkhpYW12dUhiV1VoR0NlLTlrTjY3Y1NrbmhjcEUzUktKLURrT25sZ3lqR1VPZm9OSXQ4RTdhOFlkS1dhTUt5?oc=5\" target=\"_blank\" rel=\"nofollow noopener\">Rosjanie zaatakowali tu\u017c przy granicy z Polsk\u0105. Niespokojna sylwestrowa noc w Ukrainie<\/a>&nbsp;&nbsp;Onet Wiadomo\u015bci<\/li>\n<li><a href=\"https:\/\/news.google.com\/rss\/articles\/CBMivwFBVV95cUxPSlU5engxUDJmbXd3OXhnZm9QZXV6a19ZcTZpa2MzOE9QaHN4azEyNXlkaEJSTHJnWHhIZUg0ck1RQ1JoYUpEaEEtY0dvQkdJT0M1dHZlV3pLUFhnU2xNd3hGb1FxUEVmU0JUczJWalJqVjhRNmY0aEhXTzdWVThINWdtZi1OM2V1MzFBbm1UMDZLWE55QmRHWjlQa1A4N3dpRVN1dzg3QmVSTmwxa2hKLUdPZFIyTE1OMkd1dEluQQ?oc=5\" target=\"_blank\" rel=\"nofollow noopener\">Pot\u0119\u017cny atak Rosji w sylwestrow\u0105 noc. Uderzyli w obw\u00f3d s\u0105siaduj\u0105cy z Polsk\u0105<\/a>&nbsp;&nbsp;Wydarzenia w INTERIA.PL<\/li>\n<li><a href=\"https:\/\/news.google.com\/rss\/articles\/CBMimwFBVV95cUxNRW1rMnBzY1NGV2lTaVBSdGpKMDdhNWk5NHdZcFI3LXdXTDBVZVJQTG4tUXNXMkhFQ2VIMS12bURqckNPSTZmaWVUaUZvUjlOMjlNQ3MzUVViR2dCQ0x3UzRWNTctSHp4S2JnVG9OcXEwNmZzYzFxTVl1RkREUXRUT2dzMDd6VGRiN0NBTGc1ZEJOM3pvQkptQlFvMA?oc=5\" target=\"_blank\" rel=\"nofollow noopener\">&#8222;Morze ognia&#8221; w Ukrainie. Pot\u0119\u017cny atak Rosji na Nowy Rok<\/a>&nbsp;&nbsp;Polskie Radio 24<\/li>\n<li><a href=\"https:\/\/news.google.com\/rss\/articles\/CBMivwFBVV95cUxQX1JabDlSTW1udENaeXJCMWtwQ1lJU1BjTGFXVTB5eWRoVXhiWHQxY05YbHVIa3dwbzRYU0VZeDVvTm5nandaNTFid0pYd2lOYzZJWWRFMjhEOTB6SGN5TmQ5Ymw4SnRmYUMzTkM5R3ZIRUIxZDVPUHd0UlJVZG9pM0UxbVVZdXJFaUM0UF94dDJGM2N0cHladmxPaW1jWU9rQ0VnSjdYM1FqZnVRTUJNWWRQWURpczd2UXQ1ZFEyYw?oc=5\" target=\"_blank\" rel=\"nofollow noopener\">Drony Shahed nad Wo\u0142yniem. Rosjanie uderzyli w sylwestra<\/a>&nbsp;&nbsp;RMF24<\/li>\n<li><a href=\"https:\/\/news.google.com\/rss\/articles\/CBMikwFBVV95cUxQb0cwaENQNTk1eEdCUjRQMktLZU1wOGZSRlFBc2JPU0VIckVNTnhQUm1QRzZyb0p3eEstSmw4RE1VTkhaWFhxZHc3aGZZcmhWd0J5WUY5ZFRQZk9qZ1FVNmtOR1FucnZBTHN2UnRyWDRmYkNLaXd5TjFYWVpmRjVmaDZCLUNfTXZUWjVvbXdxb09xSEU?oc=5\" target=\"_blank\" rel=\"nofollow noopener\">Zmasowane bombardowanie Odessy. Celem energetyka i logistyka<\/a>&nbsp;&nbsp;Belsat<\/li>\n<\/ol>\n","protected":false},"excerpt":{"rendered":"Rosjanie zaatakowali tu\u017c przy granicy z Polsk\u0105. Niespokojna sylwestrowa noc w Ukrainie&nbsp;&nbsp;Onet Wiadomo\u015bci Pot\u0119\u017cny atak Rosji w sylwestrow\u0105&hellip;\n","protected":false},"author":2,"featured_media":181679,"comment_status":"","ping_status":"","sticky":false,"template":"","format":"standard","meta":{"footnotes":""},"categories":[14],"tags":[32,33,27,76,34,35,28,31,48,25,46,40,41,87,47,80,29,30,415,26,82,83,84],"class_list":{"0":"post-181678","1":"post","2":"type-post","3":"status-publish","4":"format-standard","5":"has-post-thumbnail","7":"category-swiat","8":"tag-breaking-news","9":"tag-breakingnews","10":"tag-headlines","11":"tag-inwazja_rosji_na_ukraine","12":"tag-latest-news","13":"tag-latestnews","14":"tag-naglowki","15":"tag-najwazniejsze-artykuly","16":"tag-nat_styl","17":"tag-news","18":"tag-omp","19":"tag-polish","20":"tag-polski","21":"tag-rosja","22":"tag-screening_general","23":"tag-swiat","24":"tag-top-stories","25":"tag-topstories","26":"tag-ukraina","27":"tag-wiadomosci","28":"tag-world","29":"tag-world-news","30":"tag-worldnews"},"share_on_mastodon":{"url":"https:\/\/pubeurope.com\/@pl\/115819976150989405","error":""},"_links":{"self":[{"href":"https:\/\/www.europesays.com\/pl\/wp-json\/wp\/v2\/posts\/181678","targetHints":{"allow":["GET"]}}],"collection":[{"href":"https:\/\/www.europesays.com\/pl\/wp-json\/wp\/v2\/posts"}],"about":[{"href":"https:\/\/www.europesays.com\/pl\/wp-json\/wp\/v2\/types\/post"}],"author":[{"embeddable":true,"href":"https:\/\/www.europesays.com\/pl\/wp-json\/wp\/v2\/users\/2"}],"replies":[{"embeddable":true,"href":"https:\/\/www.europesays.com\/pl\/wp-json\/wp\/v2\/comments?post=181678"}],"version-history":[{"count":0,"href":"https:\/\/www.europesays.com\/pl\/wp-json\/wp\/v2\/posts\/181678\/revisions"}],"wp:featuredmedia":[{"embeddable":true,"href":"https:\/\/www.europesays.com\/pl\/wp-json\/wp\/v2\/media\/181679"}],"wp:attachment":[{"href":"https:\/\/www.europesays.com\/pl\/wp-json\/wp\/v2\/media?parent=181678"}],"wp:term":[{"taxonomy":"category","embeddable":true,"href":"https:\/\/www.europesays.com\/pl\/wp-json\/wp\/v2\/categories?post=181678"},{"taxonomy":"post_tag","embeddable":true,"href":"https:\/\/www.europesays.com\/pl\/wp-json\/wp\/v2\/tags?post=181678"}],"curies":[{"name":"wp","href":"https:\/\/api.w.org\/{rel}","templated":true}]}}