{"id":18175,"date":"2025-09-26T23:43:09","date_gmt":"2025-09-26T23:43:09","guid":{"rendered":"https:\/\/www.europesays.com\/pl\/18175\/"},"modified":"2025-09-26T23:43:09","modified_gmt":"2025-09-26T23:43:09","slug":"trener-frederiksen-przed-meczem-z-jagiellonia","status":"publish","type":"post","link":"https:\/\/www.europesays.com\/pl\/18175\/","title":{"rendered":"Trener Frederiksen przed meczem z Jagielloni\u0105"},"content":{"rendered":"<p class=\"Strangeness\">\n<p>                    <a href=\"https:\/\/www.lechpoznan.pl\/strangeness.php?t=klubowa&amp;cid=609&amp;lang=1\" target=\"_blank\" rel=\"nofollow noopener\"><br \/>\n                    <img decoding=\"async\" src=\"https:\/\/www.europesays.com\/pl\/wp-content\/uploads\/2025\/09\/rtw_660x0_9523e8fad9a358cd7021f9c4140c9b1a1751884625.jpg\" alt=\"\" data-device=\"desktop\"\/><\/p>\n<p>                    <img decoding=\"async\" src=\"https:\/\/www.europesays.com\/pl\/wp-content\/uploads\/2025\/09\/rtw_960x0_375509f4fb875363029901501536a7401751884635.jpg\" alt=\"\" data-device=\"mobile\"\/><br \/>\n                    <\/a><\/p>\n<p> O KONTROWERSJACH TOWARZYSZ\u0104CYCH SPOTKANIU Z RAKOWEM: <\/p>\n<p>&#8211; Byli\u015bmy dosy\u0107 zadowoleni z pierwszej po\u0142owy w naszym wykonaniu, ale m\u00f3wi\u0105c \u017cartobliwie na drug\u0105 mogliby\u015bmy wymieni\u0107 s\u0119dziego. Przyzna\u0142 on przeciwnikom rzut karny, kt\u00f3rego nie by\u0142o. Moim zdaniem mi\u0119dzy naszym zawodnikiem, a graczem gospodarzy nie dosz\u0142o do \u017cadnego kontaktu. Jestem zdziwiony, \u017ce arbiter nie zosta\u0142 wezwany \u017ceby obejrze\u0107 t\u0119 sytuacj\u0119 na powt\u00f3rkach. Ogl\u0105da\u0142em je wielokrotnie z ka\u017cdej mo\u017cliwej perspektywy i \u017cadna z nich nie potwierdzi\u0142a, \u017ce Alex dotyka\u0142 pi\u0142karza Rakowa. Nie mam w\u0105tpliwo\u015bci, \u017ce Szymon Marciniak to bardzo dobry s\u0119dzia, ale i takim przytrafiaj\u0105 si\u0119 b\u0142\u0119dy. Bardziej dziwi mnie brak reakcji ze strony VAR-u.<\/p>\n<p> O REAKCJI DRU\u017bYNY PO CZERWONEJ KARTCE: <\/p>\n<p>&#8211; Zgodz\u0119 si\u0119, \u017ce strata jednego zawodnika nie powinna mie\u0107 a\u017c takiego wp\u0142ywu na nasz\u0105 gr\u0119. Nie musieli\u015bmy si\u0119 cofa\u0107 a\u017c tak g\u0142\u0119boko, ale na pewno nie mog\u0119 powiedzie\u0107, \u017ce nasi zawodnicy si\u0119 poddali czy co\u015b w tym stylu, wr\u0119cz przeciwnie. To te\u017c kwestia mentalna, kt\u00f3ra jest w pe\u0142ni naturalna po stracie dw\u00f3ch goli w kr\u00f3tkim czasie. Chc\u0119 jednak podkre\u015bli\u0107, \u017ce zesp\u00f3\u0142 wykona\u0142 bardzo ci\u0119\u017ck\u0105 prac\u0119 przez ostatnie fragmenty spotkania. Pi\u0142karze zostawili na boisku wszystko, by zdoby\u0107 ten jeden punkt. Finalnie to du\u017ca r\u00f3\u017cnica, czy przegrywamy mecz z takim rywalem jak Rak\u00f3w, czy go remisujemy.<\/p>\n<p> O PRZYGOTOWANIACH DO MECZU Z JAGIELLONI\u0104: <\/p>\n<p>&#8211; Je\u015bli pytacie mnie o potencjaln\u0105 pomoc Mateusza Skrzypczaka przy rozpracowaniu najbli\u017cszego rywala, to z pewno\u015bci\u0105 ma on du\u017c\u0105 wiedz\u0119 na jego temat. Jako sztab tak\u017ce jednak wykonujemy swoj\u0105 prac\u0119, chocia\u017c fakt, mo\u017cna by skorzysta\u0107 z jego do\u015bwiadczenia oraz to samo da si\u0119 powiedzie\u0107 o Joao Moutinho. Znamy przy tym Jagielloni\u0119 dosy\u0107 dobrze, gra ona w zbli\u017cony spos\u00f3b do poprzedniego sezonu, ale to nie oznacza, \u017ce \u0142atwo jest przeanalizowa\u0107 tego przeciwnika.<\/p>\n<p> O ZAST\u0104PIENIU LUISA PALMY: <\/p>\n<p>&#8211; Mamy w kadrze pi\u0142karzy, kt\u00f3rzy mog\u0105 z powodzeniem wej\u015b\u0107 w miejsce Luisa i zagra\u0107 na jego pozycji, na pewno wi\u0119c poradzimy sobie z tym wyzwaniem. Definitywnie jednak to jest bardzo dobry zawodnik, by\u0142 dla nas jak na razie wa\u017cnym punktem i przeciwko Rakowowi r\u00f3wnie\u017c tak by\u0142o. Z drugiej strony nie mam w\u0105tpliwo\u015bci, \u017ce zdo\u0142amy go zast\u0105pi\u0107 w spotkaniach, w kt\u00f3rych nie b\u0119dzie on dost\u0119pny.<\/p>\n<p> O POTENCJALNYCH ZMIANACH W SK\u0141ADZIE NA NIEDZIELNE SPOTKANIE: <\/p>\n<p>&#8211; Jeste\u015bmy w trakcie intensywnego okresu, a to oznacza, \u017ce b\u0119dziemy potrzebowa\u0107 na boisku \u015bwie\u017cych zawodnik\u00f3w. To jeden z powod\u00f3w, dla kt\u00f3rych dokonujemy rotacji i jestem pewny, \u017ce czeka nas to tak\u017ce w meczu z Jagielloni\u0105. To zesp\u00f3\u0142, kt\u00f3ry przypomina siebie z poprzednich rozgrywek, ale wida\u0107 po nim, \u017ce dokonuj\u0105 pewnych korekt w swojej grze. Jej filozofia pozosta\u0142a jednak ta sama. Wychodzimy na boisko po wygran\u0105, to si\u0119 tak\u017ce nie zmienia. Nie b\u0119dziemy mogli jeszcze skorzysta\u0107 z Radka Murawskiego, kt\u00f3ry trenuje z dru\u017cyn\u0105 w coraz wi\u0119kszym wymiarze czasowym. Musimy by\u0107 jednak ostro\u017cni przy wprowadzaniu go do gry, w ko\u0144cu nie by\u0142o go z nami przez d\u0142u\u017cszy okres. Nie chcemy przyspiesza\u0107 pewnych rzeczy i podejmowa\u0107 zbyt du\u017cego ryzyka, b\u0119dzie do naszej dyspozycji w kontek\u015bcie mecz\u00f3w zapewne po przerwie reprezentacyjnej.<\/p>\n<p> O ATMOSFERZE W DRU\u017bYNIE: <\/p>\n<p>&#8211; Byli\u015bmy rozczarowani po \u015brodowym meczu z Rakowem, bo towarzyszy\u0142o nam poczucie, \u017ce stracili\u015bmy dwa punkty. Musimy by\u0107 te\u017c szczerzy, \u017ce patrz\u0105c na ostatnie dwadzie\u015bcia minut tego starcia jeden punkt zdobyli\u015bmy. Mam wra\u017cenie, \u017ce ca\u0142o\u015bciowo patrz\u0105c dru\u017cyna pod k\u0105tem mentalnym si\u0119 wzmocni\u0142a. Ma na to wp\u0142yw spos\u00f3b, w jaki walczyli\u015bmy w ostatnich fragmentach tego spotkania. Mo\u017cemy na tym budowa\u0107 pod k\u0105tem mentalnym.<\/p>\n","protected":false},"excerpt":{"rendered":"O KONTROWERSJACH TOWARZYSZ\u0104CYCH SPOTKANIU Z RAKOWEM: &#8211; Byli\u015bmy dosy\u0107 zadowoleni z pierwszej po\u0142owy w naszym wykonaniu, ale m\u00f3wi\u0105c&hellip;\n","protected":false},"author":2,"featured_media":18176,"comment_status":"","ping_status":"","sticky":false,"template":"","format":"standard","meta":{"footnotes":""},"categories":[24],"tags":[210,6226,274,6221,6225,6222,215,6224,6223,269,42,38,40,39,41,127,126],"class_list":{"0":"post-18175","1":"post","2":"type-post","3":"status-publish","4":"format-standard","5":"has-post-thumbnail","7":"category-sport","8":"tag-aktualnosci","9":"tag-bilety","10":"tag-ekstraklasa","11":"tag-kolejorz","12":"tag-kolejorza","13":"tag-lech","14":"tag-lech-poznan","15":"tag-lechici","16":"tag-oficjalny","17":"tag-pilka-nozna","18":"tag-pl","19":"tag-poland","20":"tag-polish","21":"tag-polska","22":"tag-polski","23":"tag-sport","24":"tag-sports"},"share_on_mastodon":{"url":"","error":""},"_links":{"self":[{"href":"https:\/\/www.europesays.com\/pl\/wp-json\/wp\/v2\/posts\/18175","targetHints":{"allow":["GET"]}}],"collection":[{"href":"https:\/\/www.europesays.com\/pl\/wp-json\/wp\/v2\/posts"}],"about":[{"href":"https:\/\/www.europesays.com\/pl\/wp-json\/wp\/v2\/types\/post"}],"author":[{"embeddable":true,"href":"https:\/\/www.europesays.com\/pl\/wp-json\/wp\/v2\/users\/2"}],"replies":[{"embeddable":true,"href":"https:\/\/www.europesays.com\/pl\/wp-json\/wp\/v2\/comments?post=18175"}],"version-history":[{"count":0,"href":"https:\/\/www.europesays.com\/pl\/wp-json\/wp\/v2\/posts\/18175\/revisions"}],"wp:featuredmedia":[{"embeddable":true,"href":"https:\/\/www.europesays.com\/pl\/wp-json\/wp\/v2\/media\/18176"}],"wp:attachment":[{"href":"https:\/\/www.europesays.com\/pl\/wp-json\/wp\/v2\/media?parent=18175"}],"wp:term":[{"taxonomy":"category","embeddable":true,"href":"https:\/\/www.europesays.com\/pl\/wp-json\/wp\/v2\/categories?post=18175"},{"taxonomy":"post_tag","embeddable":true,"href":"https:\/\/www.europesays.com\/pl\/wp-json\/wp\/v2\/tags?post=18175"}],"curies":[{"name":"wp","href":"https:\/\/api.w.org\/{rel}","templated":true}]}}